{"id":15439,"date":"2025-06-26T19:21:36","date_gmt":"2025-06-26T17:21:36","guid":{"rendered":"http:\/\/www.tvk-gaj.pl\/~gajonline\/?p=15439"},"modified":"2025-06-26T19:21:37","modified_gmt":"2025-06-26T17:21:37","slug":"przebudowa-ulicy-bardzkiej-duze-zmiany-w-kursowaniu-tramwajow-na-gaj-i-tarnogaj","status":"publish","type":"post","link":"https:\/\/online.tvk-gaj.pl\/?p=15439","title":{"rendered":"Przebudowa ulicy Bardzkiej: du\u017ce zmiany w kursowaniu tramwaj\u00f3w na Gaj i Tarnogaj"},"content":{"rendered":"\n<p>\u017ar\u00f3d\u0142o : <a href=\"https:\/\/www.wroclaw.pl\/komunikacja\/przebudowa-ulicy-bardzkiej-duze-zmiany-w-kursowaniu-tramwajow\">https:\/\/www.wroclaw.pl\/komunikacja\/przebudowa-ulicy-bardzkiej-duze-zmiany-w-kursowaniu-tramwajow<\/a><\/p>\n\n\n\n<figure class=\"wp-block-image size-large\"><img loading=\"lazy\" decoding=\"async\" width=\"1024\" height=\"510\" src=\"http:\/\/www.tvk-gaj.pl\/~gajonline\/wp-content\/uploads\/2025\/06\/obraz_2025-06-26_191923512-1024x510.png\" alt=\"\" class=\"wp-image-15443\" srcset=\"https:\/\/online.tvk-gaj.pl\/wp-content\/uploads\/2025\/06\/obraz_2025-06-26_191923512-1024x510.png 1024w, https:\/\/online.tvk-gaj.pl\/wp-content\/uploads\/2025\/06\/obraz_2025-06-26_191923512-300x149.png 300w, https:\/\/online.tvk-gaj.pl\/wp-content\/uploads\/2025\/06\/obraz_2025-06-26_191923512-768x382.png 768w, https:\/\/online.tvk-gaj.pl\/wp-content\/uploads\/2025\/06\/obraz_2025-06-26_191923512-319x160.png 319w, https:\/\/online.tvk-gaj.pl\/wp-content\/uploads\/2025\/06\/obraz_2025-06-26_191923512.png 1189w\" sizes=\"auto, (max-width: 1024px) 100vw, 1024px\" \/><\/figure>\n\n\n\n<p>wizualizacja : Grzegorz Kilian<\/p>\n\n\n\n<p><strong>Budowa trasy autobusowo-tramwajowej na ulicy Bardzkiej &#8211; na odcinku mi\u0119dzy Armii Krajowej a Pi\u0119kn\u0105 &#8211; wchodzi w kolejny etap. Od soboty 28 czerwca przez ponad miesi\u0105c nie mog\u0105 je\u017adzi\u0107 t\u0119dy tramwaje. Oznacza to skr\u00f3cenie tras pi\u0119ciu linii tramwajowych i pojawienie si\u0119 jednej tymczasowej o numerze 78 oraz autobusowej 718.<\/strong><\/p>\n\n\n\n<p>Wroc\u0142awskie Inwestycje informuj\u0105, \u017ce wykonawca b\u0119dzie prowadzi\u0142 wymagaj\u0105ce prace polegaj\u0105ce na stworzeniu \u015bcianki szczelnej. Takie rozwi\u0105zanie pozwoli w sierpniu przywr\u00f3ci\u0107 tam ruch tramwajowy na jednym torze, podczas gdy na drugiej cz\u0119\u015bci obecnego torowiska b\u0119dzie budowana trasa autobusowo-tramwajowa.\u00a0<\/p>\n\n\n\n<figure class=\"wp-block-image size-full is-resized\"><img loading=\"lazy\" decoding=\"async\" src=\"http:\/\/www.tvk-gaj.pl\/~gajonline\/wp-content\/uploads\/2025\/06\/obraz_2025-06-26_191310055.png\" alt=\"\" class=\"wp-image-15440\" width=\"830\" height=\"1174\" srcset=\"https:\/\/online.tvk-gaj.pl\/wp-content\/uploads\/2025\/06\/obraz_2025-06-26_191310055.png 559w, https:\/\/online.tvk-gaj.pl\/wp-content\/uploads\/2025\/06\/obraz_2025-06-26_191310055-212x300.png 212w\" sizes=\"auto, (max-width: 830px) 100vw, 830px\" \/><\/figure>\n\n\n\n<p>Mapa przedstawia zmiany w komunikacji miejskiej obowi\u0105zuj\u0105ce od 28 czerwca zwi\u0105zane z przebudow\u0105 ulicy Bardzkiej<\/p>\n\n\n\n<p>Obecne utrudnienia s\u0105 zatem niezb\u0119dne, aby po wakacjach, gdy zapotrzebowanie na komunikacj\u0119 miejsk\u0105 b\u0119dzie znacznie wi\u0119ksze, mog\u0142y tym odcinkiem Bardzkiej kursowa\u0107 tramwaje a\u017c do zako\u0144czenia inwestycji, czyli do wiosny przysz\u0142ego roku.<\/p>\n\n\n\n<figure class=\"wp-block-embed is-type-video is-provider-youtube wp-block-embed-youtube wp-embed-aspect-16-9 wp-has-aspect-ratio\"><div class=\"wp-block-embed__wrapper\">\n<iframe loading=\"lazy\" title=\"Bardzka w przebudowie - autobusy pojad\u0105 oddzieln\u0105 tras\u0105 autobusowo-tramwajow\u0105 #wroclaw\" width=\"838\" height=\"471\" src=\"https:\/\/www.youtube.com\/embed\/NOmZPXG_AvY?feature=oembed\" frameborder=\"0\" allow=\"accelerometer; autoplay; clipboard-write; encrypted-media; gyroscope; picture-in-picture; web-share\" referrerpolicy=\"strict-origin-when-cross-origin\" allowfullscreen><\/iframe>\n<\/div><\/figure>\n\n\n\n<p>&#8211; Obecnie prowadzone prace b\u0119d\u0105 bardzo g\u0142o\u015bne &#8211; ostrzega Krzysztof \u015awiercz z Wroc\u0142awskich Inwestycji. &#8211; Aby skr\u00f3ci\u0107 czas ich trwania, wykonawca b\u0119dzie je prowadzi\u0142 na dwie zmiany, dlatego prosimy okolicznych mieszka\u0144c\u00f3w o wyrozumia\u0142o\u015b\u0107 i przepraszamy za uci\u0105\u017cliwo\u015bci.&nbsp;<\/p>\n\n\n\n<h2 class=\"wp-block-heading\" id=\"h2_1\">Dwukierunkowymi Konstalami z Gaju na Tarnogaj&nbsp;<\/h2>\n\n\n\n<p>Niezwykle ciekawie zapowiadaj\u0105 si\u0119 podr\u00f3\u017ce tramwajem 78 &#8211; to dwa wagony Konstal 105 sczepione ty\u0142ami. W ten spos\u00f3b z poczciwych Konstali MPK zrobi\u0142o tramwaje dwukierunkowe. B\u0119d\u0105 kursowa\u0142y wahad\u0142owo mi\u0119dzy p\u0119tl\u0105 &#8222;Tarnogaj&#8221; a kra\u0144c\u00f3wk\u0105 &#8222;Gaj&#8221;. Ta linia b\u0119dzie odci\u0119ta od centrum i od zajezdni.<\/p>\n\n\n\n<figure class=\"wp-block-image size-full\"><img loading=\"lazy\" decoding=\"async\" width=\"818\" height=\"438\" src=\"http:\/\/www.tvk-gaj.pl\/~gajonline\/wp-content\/uploads\/2025\/06\/obraz_2025-06-26_191619964.png\" alt=\"\" class=\"wp-image-15441\" srcset=\"https:\/\/online.tvk-gaj.pl\/wp-content\/uploads\/2025\/06\/obraz_2025-06-26_191619964.png 818w, https:\/\/online.tvk-gaj.pl\/wp-content\/uploads\/2025\/06\/obraz_2025-06-26_191619964-300x161.png 300w, https:\/\/online.tvk-gaj.pl\/wp-content\/uploads\/2025\/06\/obraz_2025-06-26_191619964-768x411.png 768w\" sizes=\"auto, (max-width: 818px) 100vw, 818px\" \/><\/figure>\n\n\n\n<p>Trasa tymczasowej linii tramwajowej 78<\/p>\n\n\n\n<p>Dzi\u0119ki niej cz\u0119\u015b\u0107 mieszka\u0144c\u00f3w \u0142atwiej dostanie si\u0119 do autobusu 718 lub do kt\u00f3rej\u015b z regularnych linii, kt\u00f3ra dowiezie ich do celu podr\u00f3\u017cy.&nbsp;<\/p>\n\n\n\n<figure class=\"wp-block-table\"><table><tbody><tr><td><strong>Trasa linii 78:<\/strong><\/td><\/tr><tr><td><strong>Tarnogaj<\/strong>&nbsp;\u2013 Tarnogajska \u2013 Armii Krajowej \u2013 Bardzka \u2013 \u015awieradowska \u2013&nbsp;<strong>Gaj<\/strong><\/td><\/tr><tr><td><strong>Gaj<\/strong>&nbsp;\u2013 \u015awieradowska \u2013 Bardzka \u2013 Armii Krajowej \u2013 Tarnogajska &#8211;&nbsp;<strong>Tarnogaj<\/strong><\/td><\/tr><\/tbody><\/table><\/figure>\n\n\n\n<p>Pasa\u017cerom jad\u0105cym tramwajem linii 78 z Tarnogaju do centrum Wydzia\u0142 Transportu rekomenduje przesiadk\u0119 na autobus zast\u0119pczy linii 718 na przystanku &#8222;Krynicka&#8221; (kolejny przystanek za przystankiem &#8222;Bardzka&#8221;).<\/p>\n\n\n\n<h2 class=\"wp-block-heading\" id=\"h2_2\">Przebudowa Bardzkiej. Jak kursuj\u0105 tramwaje?<\/h2>\n\n\n\n<p>Zamkni\u0119cie torowiska na Bardzkiej oznacza skr\u00f3cenie tras linii 8, 16, 18, 21 i 22.<\/p>\n\n\n\n<figure class=\"wp-block-image size-large\"><img loading=\"lazy\" decoding=\"async\" width=\"1024\" height=\"723\" src=\"http:\/\/www.tvk-gaj.pl\/~gajonline\/wp-content\/uploads\/2025\/06\/obraz_2025-06-26_191713341-1024x723.png\" alt=\"\" class=\"wp-image-15442\" srcset=\"https:\/\/online.tvk-gaj.pl\/wp-content\/uploads\/2025\/06\/obraz_2025-06-26_191713341-1024x723.png 1024w, https:\/\/online.tvk-gaj.pl\/wp-content\/uploads\/2025\/06\/obraz_2025-06-26_191713341-300x212.png 300w, https:\/\/online.tvk-gaj.pl\/wp-content\/uploads\/2025\/06\/obraz_2025-06-26_191713341-768x542.png 768w, https:\/\/online.tvk-gaj.pl\/wp-content\/uploads\/2025\/06\/obraz_2025-06-26_191713341.png 1115w\" sizes=\"auto, (max-width: 1024px) 100vw, 1024px\" \/><\/figure>\n\n\n\n<h3 class=\"wp-block-heading\" id=\"h3_1\">Zmieniona trasa linii 8<\/h3>\n\n\n\n<p>&#8222;\u00d3semka&#8221; z Kar\u0142owic sta\u0142\u0105 tras\u0105 pojedzie do Borowskiej. Dalej jednak nie pojedzie Glinian\u0105, ale skr\u0119ci w Dyrekcyjn\u0105 i \u015al\u0119\u017cn\u0105 dojedzie do zajezdni Gaj, gdzie b\u0119dzie p\u0119tli\u0107. Pasa\u017cerowie je\u017cd\u017c\u0105cy zazwyczaj &#8222;\u00f3semk\u0105&#8221; na Hubsk\u0105 czy dalej na Tarnogaj, powinni przesi\u0105\u015b\u0107 si\u0119 na przystanku &#8222;Dworzec autobusowy&#8221;.<\/p>\n\n\n\n<figure class=\"wp-block-table\"><table><tbody><tr><td><strong>Trasa linii 8 od 28 czerwca:<\/strong><\/td><\/tr><tr><td><strong>Kar\u0142owice&nbsp;<\/strong>&#8211; most Trzebnicki \u2013 Trzebnicka \u2013 plac Powsta\u0144c\u00f3w Wielkopolskich \u2013 Trzebnicka &#8211; S\u0142owia\u0144ska \u2013 Jedno\u015bci Narodowej \u2013 Poniatowskiego \u2013 Bema &#8211; plac Bema \u2013 mosty M\u0142y\u0144skie &#8211; \u015bw. Jadwigi \u2013 most Piaskowy &#8211; Piaskowa &#8211; \u015bw. Katarzyny &#8211; b\u0142. Czes\u0142awa &#8211; plac Dominika\u0144ski &#8211; Skargi &#8211; Ko\u0142\u0142\u0105taja &#8211; Peronowa &#8211; Borowska \u2013&nbsp;Dyrekcyjna \u2013 \u015al\u0119\u017cna \u2013&nbsp;<strong>Zajezdnia Gaj<\/strong>.<\/td><\/tr><tr><td><strong><u>Zajezdnia Gaj&nbsp;<\/u><\/strong>\u2013 \u015al\u0119\u017cna \u2013 Dyrekcyjna&nbsp;&#8211; Borowska &#8211; Peronowa &#8211; Ko\u0142\u0142\u0105taja &#8211; Skargi &#8211; plac Dominika\u0144ski &#8211; b\u0142. Czes\u0142awa &#8211; \u015bw. Katarzyny &#8211; Piaskowa \u2013 most Piaskowy &#8211; \u015bw. Jadwigi \u2013 mosty M\u0142y\u0144skie &#8211; plac Bema \u2013 Bema &#8211; Poniatowskiego \u2013 Jedno\u015bci Narodowej &#8211; S\u0142owia\u0144ska \u2013 Trzebnicka \u2013 plac Powsta\u0144c\u00f3w Wielkopolskich &#8211; Trzebnicka \u2013 most Trzebnicki \u2013&nbsp;<strong>Kar\u0142owice<\/strong>.<\/td><\/tr><\/tbody><\/table><\/figure>\n\n\n\n<h3 class=\"wp-block-heading\" id=\"h3_2\">Zmieniona trasa linii 16<\/h3>\n\n\n\n<p>Tramwajem numer 16 dojedziemy z Osobowic najdalej do przystanku &#8222;Gajowa&#8221; na ulicy Glinianej. W pewnym sensie w tym miejscu &#8222;szesnastka&#8221; b\u0119dzie ko\u0144czy\u0107 kurs. Pojedzie dalej, ale zmieniona ju\u017c na numer 22. W przeciwn\u0105 stron\u0119 b\u0119dzie analogiczna podmianka.&nbsp;&nbsp;<\/p>\n\n\n\n<figure class=\"wp-block-table\"><table><tbody><tr><td><strong>Trasa linii 16 od 28 czerwca:<\/strong><\/td><\/tr><tr><td><strong>Osobowice&nbsp;<\/strong>\u2013 Osobowicka \u2013 most Osobowicki \u2013 Reymonta \u2013 plac Staszica &#8211; plac Powsta\u0144c\u00f3w Wielkopolskich &#8211; Trzebnicka &#8211; S\u0142owia\u0144ska &#8211; Jedno\u015bci Narodowej &#8211; Nowowiejska \u2013 Piastowska \u2013 rondo Reagana (peron 3) \u2013 plac Grunwaldzki \u2013 most Grunwaldzki \u2013 plac Spo\u0142eczny \u2013 Kujawska \u2013 plac Wr\u00f3blewskiego \u2013 Pu\u0142askiego &#8211; Hubska \u2013&nbsp;Gliniana \u2013&nbsp;<strong>Gajowa<\/strong>&nbsp;(przystanek numer 21008)&nbsp;\u2013&nbsp;<strong>dalszy kurs na linii tramwajowej 22<\/strong>.<\/td><\/tr><tr><td><strong><u>Gajowa&nbsp;<\/u><\/strong>(przystanek numer 21007) \u2013 Gliniana&nbsp;&#8211; Hubska \u2013 Pu\u0142askiego \u2013 plac Wr\u00f3blewskiego \u2013 Kujawska \u2013 plac Spo\u0142eczny \u2013 most Grunwaldzki \u2013 plac Grunwaldzki \u2013 Rondo Reagana (peron 2) &#8211; Piastowska &#8211; Nowowiejska &#8211; Jedno\u015bci Narodowej &#8211; S\u0142owia\u0144ska &#8211; Trzebnicka &#8211; plac Powsta\u0144c\u00f3w Wielkopolskich \u2013 plac Staszica \u2013 Reymonta \u2013 most Osobowicki \u2013 Osobowicka &#8211;&nbsp;<strong>Osobowice<\/strong>.<\/td><\/tr><\/tbody><\/table><\/figure>\n\n\n\n<h3 class=\"wp-block-heading\" id=\"h3_3\">Zmieniona trasa linii 18<\/h3>\n\n\n\n<p>&#8222;Osiemnastka&#8221; pojedzie inaczej ju\u017c od ulicy Kazimierza Wielkiego. Nie dojedzie do ulicy Widok i Bastionu Sakwowego, ale skr\u0119ci w Krupnicz\u0105 i przez plac Legion\u00f3w dotrze do Ma\u0142achowskiego i dalej przez Hubsk\u0105 do Glinianej. Tam zmieni si\u0119 w 21.&nbsp;<\/p>\n\n\n\n<figure class=\"wp-block-table\"><table><tbody><tr><td><strong>Trasa linii 18 od 28 czerwca:<\/strong><\/td><\/tr><tr><td><strong>Tarczy\u0144ski Arena (Kr\u00f3lewiecka)&nbsp;<\/strong>\u2013 Pilczycka \u2013 Popowicka &#8211; Starogroblowa &#8211; D\u0142uga &#8211; Dmowskiego \u2013 most Mieszcza\u0144ski &#8211; Dubois \u2013 Pomorska \u2013 mosty Pomorskie \u2013 Nowy \u015awiat \u2013 Kazimierza Wielkiego \u2013&nbsp;Krupnicza \u2013 S\u0105dowa \u2013 plac Legion\u00f3w \u2013 Pi\u0142sudskiego \u2013 Ma\u0142achowskiego &#8211; Pu\u0142askiego &#8211; Hubska \u2013 Gliniana \u2013&nbsp;<strong>Gajowa<\/strong>&nbsp;(przystanek numer 21008)&nbsp;\u2013&nbsp;<strong>kolejny kurs na linii tramwajowej 21<\/strong>.<\/td><\/tr><tr><td><strong><u>Gajowa&nbsp;<\/u><\/strong>(przystanek numer 21007) \u2013 Gliniana &#8211; Hubska \u2013 Pu\u0142askiego \u2013 Ma\u0142achowskiego \u2013 Pi\u0142sudskiego \u2013 plac Legion\u00f3w \u2013 S\u0105dowa &#8211; Krupnicza&nbsp;\u2013 Kazimierza Wielkiego &#8211; Nowy \u015awiat \u2013 mosty Pomorskie \u2013 Pomorska &#8211; Dubois \u2013 most Mieszcza\u0144ski &#8211; Dmowskiego &#8211; D\u0142uga &#8211; Starogroblowa &#8211; Popowicka &#8211; Pilczycka \u2013&nbsp;<strong>Tarczy\u0144ski Arena (Kr\u00f3lewiecka)<\/strong>.<\/td><\/tr><\/tbody><\/table><\/figure>\n\n\n\n<h3 class=\"wp-block-heading\" id=\"h3_4\">Zmieniona trasa linii 21<\/h3>\n\n\n\n<p>Linia 21 doje\u017cd\u017ca\u0107 b\u0119dzie swoj\u0105 tras\u0105 tylko do przystanku &#8222;Gajowa&#8221; na Glinianej.&nbsp;<\/p>\n\n\n\n<figure class=\"wp-block-table\"><table><tbody><tr><td><strong>Trasa linii 21 od 28 czerwca:<\/strong><\/td><\/tr><tr><td><strong>Tarczy\u0144ski Arena (Kr\u00f3lewiecka)&nbsp;<\/strong>\u2013 Pilczycka \u2013 Milenijna &#8211; Legnicka &#8211; plac Jana Paw\u0142a II &#8211; Podwale \u2013 Pi\u0142sudskiego &#8211; plac Legion\u00f3w &#8211; Pi\u0142sudskiego \u2013 Stawowa \u2013 Borowska \u2013 Gliniana \u2013&nbsp;<strong><u>Gajowa&nbsp;<\/u><\/strong>(przystanek numer 21007)\u2013&nbsp;<strong>kolejny kurs na linii tramwajowej 18<\/strong>.<\/td><\/tr><tr><td><strong><u>Gajowa&nbsp;<\/u><\/strong>(przystanek numer 21008)&nbsp;\u2013 Gliniana \u2013 Borowska \u2013 Stawowa &#8211; Pi\u0142sudskiego &#8211; plac Legion\u00f3w &#8211; Pi\u0142sudskiego \u2013 Podwale &#8211; plac Jana Paw\u0142a II &#8211; Legnicka \u2013 Milenijna \u2013 Pilczycka \u2013&nbsp;<strong>Tarczy\u0144ski Arena (Kr\u00f3lewiecka)<\/strong>.<\/td><\/tr><\/tbody><\/table><\/figure>\n\n\n\n<h3 class=\"wp-block-heading\" id=\"h3_5\">Zmieniona trasa linii 22<\/h3>\n\n\n\n<p>Tramwaj numer 22 b\u0119dzie si\u0119 uzupe\u0142nia\u0142 z 16, co oznacza, \u017ce z Pilczyc dojedzie &#8222;po staremu&#8221; do Glinianej na przystanek &#8222;Gajowa&#8221;. Dalej pojedzie jako numer 16 na Osobowice.&nbsp;<\/p>\n\n\n\n<figure class=\"wp-block-table\"><table><tbody><tr><td><strong>Trasa linii 22 od 28 czerwca:<\/strong><\/td><\/tr><tr><td><strong>Pilczyce&nbsp;<\/strong>\u2013 Lotnicza \u2013 Legnicka &#8211; plac Jana Paw\u0142a II &#8211; Podwale \u2013 Pi\u0142sudskiego &#8211; plac Legion\u00f3w &#8211; Pi\u0142sudskiego \u2013&nbsp;Stawowa \u2013 Borowska \u2013 Gliniana &#8211;&nbsp;<strong>Gajowa&nbsp;<\/strong>(przystanek numer 21007)&nbsp;\u2013&nbsp;<strong>kolejny kurs na linii tramwajowej 16<\/strong>.<\/td><\/tr><tr><td><strong><u>Gajowa&nbsp;<\/u><\/strong>(przystanek numer 21008) \u2013 Gliniana \u2013 Borowska \u2013 Stawowa&nbsp;&#8211; Pi\u0142sudskiego &#8211; plac Legion\u00f3w &#8211; Pi\u0142sudskiego \u2013 Podwale &#8211; plac Jana Paw\u0142a II &#8211; Legnicka \u2013 Lotnicza \u2013&nbsp;<strong>Pilczyce<\/strong>.<\/td><\/tr><\/tbody><\/table><\/figure>\n\n\n\n<h2 class=\"wp-block-heading\" id=\"h2_3\">Przebudowa Bardzkiej. Autobus 718<\/h2>\n\n\n\n<p>Uzupe\u0142nieniem skr\u00f3conych kurs\u00f3w tramwajowych i dodatkowej, nietypowej linii 78 b\u0119dzie autobus 718.&nbsp;<\/p>\n\n\n\n<figure class=\"wp-block-table\"><table><tbody><tr><td>Trasa autobusu 718<\/td><\/tr><tr><td><strong>Dworzec G\u0142\u00f3wny (przystanek w zatoce przy ulicy Peronowej)&nbsp;<\/strong>\u2013 Peronowa \u2013 Pi\u0142sudskiego \u2013 Stawowa \u2013 Borowska \u2013 \u015al\u0119\u017cna \u2013 Dyrekcyjna &#8211; Hubska \u2013 Bardzka \u2013 \u015awieradowska \u2013&nbsp;<strong>Gaj &#8211; p\u0119tla<\/strong>.<\/td><\/tr><tr><td><strong>Gaj &#8211; p\u0119tla&nbsp;<\/strong>\u2013 \u015awieradowska &#8211; Bardzka \u2013 Hubska \u2013 Sucha &#8211; Borowska &#8211; Peronowa \u2013&nbsp;<strong>Dworzec G\u0142\u00f3wny (przystanek w zatoce przy ulicy Peronowej)<\/strong>.<\/td><\/tr><\/tbody><\/table><\/figure>\n\n\n\n<p>Autobusy linii&nbsp;<strong>718&nbsp;<\/strong>b\u0119d\u0105 kursowa\u0107 z cz\u0119stotliwo\u015bci\u0105 co 7,5 minuty w dni robocze i co 10 minut w dni wolne od pracy.<\/p>\n\n\n\n<p><strong>Kierunek Gaj &#8211; p\u0119tla<\/strong><\/p>\n\n\n\n<figure class=\"wp-block-table\"><table><tbody><tr><td><strong>nazwa przystanku<\/strong><\/td><td><strong>nr s\u0142upka<\/strong><\/td><\/tr><tr><td>Dworzec G\u0142\u00f3wny<\/td><td>20362<\/td><\/tr><tr><td>Dworzec Autobusowy<\/td><td>11321<\/td><\/tr><tr><td>Hubska (Dawida)<\/td><td>21031<\/td><\/tr><tr><td>Prudnicka<\/td><td>21009<\/td><\/tr><tr><td>Kamienna<\/td><td>21125<\/td><\/tr><tr><td>Bardzka<\/td><td>21173<\/td><\/tr><tr><td>Krynicka<\/td><td>21127<\/td><\/tr><tr><td>Gaj &#8211; p\u0119tla<\/td><td>21140<\/td><\/tr><\/tbody><\/table><\/figure>\n\n\n\n<p><strong>Kierunek Dworzec G\u0142\u00f3wny<\/strong><\/p>\n\n\n\n<figure class=\"wp-block-table\"><table><tbody><tr><td><strong>nazwa przystanku<\/strong><\/td><td><strong>nr s\u0142upka<\/strong><\/td><\/tr><tr><td>Gaj &#8211; p\u0119tla<\/td><td>21140<\/td><\/tr><tr><td>Morwowa<\/td><td>21026<\/td><\/tr><tr><td>Krynicka<\/td><td>21024<\/td><\/tr><tr><td>Bardzka<\/td><td>21014<\/td><\/tr><tr><td>Kamienna<\/td><td>21012<\/td><\/tr><tr><td>Prudnicka<\/td><td>21010<\/td><\/tr><tr><td>Hubska (Dawida)<\/td><td>21032<\/td><\/tr><tr><td>Dworzec Autobusowy<\/td><td>21121<\/td><\/tr><tr><td>Dworzec G\u0142\u00f3wny<\/td><td>20362<\/td><\/tr><\/tbody><\/table><\/figure>\n","protected":false},"excerpt":{"rendered":"<p>\u017ar\u00f3d\u0142o : https:\/\/www.wroclaw.pl\/komunikacja\/przebudowa-ulicy-bardzkiej-duze-zmiany-w-kursowaniu-tramwajow wizualizacja : Grzegorz Kilian Budowa trasy autobusowo-tramwajowej na ulicy Bardzkiej &#8211; na odcinku mi\u0119dzy Armii Krajowej a Pi\u0119kn\u0105 &#8211; wchodzi w kolejny etap. Od soboty 28 czerwca przez ponad miesi\u0105c nie mog\u0105 je\u017adzi\u0107 t\u0119dy tramwaje. Oznacza to skr\u00f3cenie tras pi\u0119ciu linii tramwajowych i pojawienie si\u0119 jednej tymczasowej o numerze 78 oraz autobusowej [&hellip;]<\/p>\n","protected":false},"author":3,"featured_media":15443,"comment_status":"open","ping_status":"open","sticky":false,"template":"","format":"standard","meta":{"footnotes":""},"categories":[14,12],"tags":[197,112],"class_list":["post-15439","post","type-post","status-publish","format-standard","has-post-thumbnail","hentry","category-aktualnosci","category-artykuly","tag-bardzka","tag-gaj"],"_links":{"self":[{"href":"https:\/\/online.tvk-gaj.pl\/index.php?rest_route=\/wp\/v2\/posts\/15439","targetHints":{"allow":["GET"]}}],"collection":[{"href":"https:\/\/online.tvk-gaj.pl\/index.php?rest_route=\/wp\/v2\/posts"}],"about":[{"href":"https:\/\/online.tvk-gaj.pl\/index.php?rest_route=\/wp\/v2\/types\/post"}],"author":[{"embeddable":true,"href":"https:\/\/online.tvk-gaj.pl\/index.php?rest_route=\/wp\/v2\/users\/3"}],"replies":[{"embeddable":true,"href":"https:\/\/online.tvk-gaj.pl\/index.php?rest_route=%2Fwp%2Fv2%2Fcomments&post=15439"}],"version-history":[{"count":1,"href":"https:\/\/online.tvk-gaj.pl\/index.php?rest_route=\/wp\/v2\/posts\/15439\/revisions"}],"predecessor-version":[{"id":15444,"href":"https:\/\/online.tvk-gaj.pl\/index.php?rest_route=\/wp\/v2\/posts\/15439\/revisions\/15444"}],"wp:featuredmedia":[{"embeddable":true,"href":"https:\/\/online.tvk-gaj.pl\/index.php?rest_route=\/wp\/v2\/media\/15443"}],"wp:attachment":[{"href":"https:\/\/online.tvk-gaj.pl\/index.php?rest_route=%2Fwp%2Fv2%2Fmedia&parent=15439"}],"wp:term":[{"taxonomy":"category","embeddable":true,"href":"https:\/\/online.tvk-gaj.pl\/index.php?rest_route=%2Fwp%2Fv2%2Fcategories&post=15439"},{"taxonomy":"post_tag","embeddable":true,"href":"https:\/\/online.tvk-gaj.pl\/index.php?rest_route=%2Fwp%2Fv2%2Ftags&post=15439"}],"curies":[{"name":"wp","href":"https:\/\/api.w.org\/{rel}","templated":true}]}}