{"id":15458,"date":"2025-07-03T19:39:06","date_gmt":"2025-07-03T17:39:06","guid":{"rendered":"http:\/\/www.tvk-gaj.pl\/~gajonline\/?p=15458"},"modified":"2025-07-03T19:39:07","modified_gmt":"2025-07-03T17:39:07","slug":"wyprzedaz-garazowa-i-kiermasz-rzemieslniczy-ferio-gaj-12-07","status":"publish","type":"post","link":"https:\/\/online.tvk-gaj.pl\/?p=15458","title":{"rendered":"Wyprzeda\u017c gara\u017cowa i kiermasz rzemie\u015blniczy &#8211; Ferio Gaj [12.07]"},"content":{"rendered":"\n<p>Ju\u017c 12 lipca, w sobot\u0119 &#8211; widzimy si\u0119 na parkingu <a href=\"https:\/\/www.facebook.com\/CHFerioGaj?__cft__[0]=AZV16iT_pZQ_hmZqiVStzDVx0EUeFyVpP9ZeaTAM2UrgoSsJlI3f1tz98mvx52vai-OxAJrx7eHmRn3W8dm8XBHUNK_eB9M0raOIWVtI55BYMoJtH5fEVOMdS7e17xJF4EBMkaTNQ2l3yIGHAqefSSxhLvdxHqol5wVb_l7ytEUa6wyYqavNcX-WXPZViplEyP1tm0-EXobDTM9GRQvL7tgJ&amp;__tn__=-]K-R\">Ferio Gaj<\/a> we Wroc\u0142awiu!<\/p>\n\n\n\n<p><img loading=\"lazy\" decoding=\"async\" height=\"16\" width=\"16\" alt=\"&#x1f4cd;\" src=\"https:\/\/static.xx.fbcdn.net\/images\/emoji.php\/v9\/t2d\/1\/16\/1f4cd.png\"> ul. \u015awieradowska 51\/57 | <img loading=\"lazy\" decoding=\"async\" height=\"16\" width=\"16\" alt=\"&#x23f0;\" src=\"https:\/\/static.xx.fbcdn.net\/images\/emoji.php\/v9\/t34\/1\/16\/23f0.png\"> godz. 10:00-15:00<\/p>\n\n\n\n<p><a><\/a>Do\u0142\u0105cz do Wyprzeda\u017cy Gara\u017cowej i Kiermaszu Rzemie\u015blniczego &#8211; udzia\u0142 jest bezp\u0142atny!<\/p>\n\n\n\n<p>Wystaw si\u0119 z tym, czego ju\u017c nie potrzebujesz, lub pochwal si\u0119 swoim r\u0119kodzie\u0142em <img loading=\"lazy\" decoding=\"async\" height=\"16\" width=\"16\" alt=\"&#x1f9f6;\" src=\"https:\/\/static.xx.fbcdn.net\/images\/emoji.php\/v9\/t21\/1\/16\/1f9f6.png\"><\/p>\n\n\n\n<p><img loading=\"lazy\" decoding=\"async\" height=\"16\" width=\"16\" alt=\"&#x1f4e9;\" src=\"https:\/\/static.xx.fbcdn.net\/images\/emoji.php\/v9\/tc0\/1\/16\/1f4e9.png\"> Zg\u0142oszenia: kiermasz@fabrykaidei.pl<\/p>\n\n\n\n<p>Lub po prostu przyjd\u017a i zobacz, co mo\u017cesz upolowa\u0107!<\/p>\n\n\n\n<figure class=\"wp-block-image size-large\"><img loading=\"lazy\" decoding=\"async\" width=\"724\" height=\"1024\" src=\"http:\/\/www.tvk-gaj.pl\/~gajonline\/wp-content\/uploads\/2025\/07\/515844159_1410130380702734_1722013768829781309_n-724x1024.jpg\" alt=\"\" class=\"wp-image-15459\" srcset=\"https:\/\/online.tvk-gaj.pl\/wp-content\/uploads\/2025\/07\/515844159_1410130380702734_1722013768829781309_n-724x1024.jpg 724w, https:\/\/online.tvk-gaj.pl\/wp-content\/uploads\/2025\/07\/515844159_1410130380702734_1722013768829781309_n-212x300.jpg 212w, https:\/\/online.tvk-gaj.pl\/wp-content\/uploads\/2025\/07\/515844159_1410130380702734_1722013768829781309_n-768x1086.jpg 768w, https:\/\/online.tvk-gaj.pl\/wp-content\/uploads\/2025\/07\/515844159_1410130380702734_1722013768829781309_n-1086x1536.jpg 1086w, https:\/\/online.tvk-gaj.pl\/wp-content\/uploads\/2025\/07\/515844159_1410130380702734_1722013768829781309_n.jpg 1448w\" sizes=\"auto, (max-width: 724px) 100vw, 724px\" \/><\/figure>\n","protected":false},"excerpt":{"rendered":"<p>Ju\u017c 12 lipca, w sobot\u0119 &#8211; widzimy si\u0119 na parkingu Ferio Gaj we Wroc\u0142awiu! ul. \u015awieradowska 51\/57 | godz. 10:00-15:00 Do\u0142\u0105cz do Wyprzeda\u017cy Gara\u017cowej i Kiermaszu Rzemie\u015blniczego &#8211; udzia\u0142 jest bezp\u0142atny! Wystaw si\u0119 z tym, czego ju\u017c nie potrzebujesz, lub pochwal si\u0119 swoim r\u0119kodzie\u0142em Zg\u0142oszenia: kiermasz@fabrykaidei.pl Lub po prostu przyjd\u017a i zobacz, co mo\u017cesz upolowa\u0107!<\/p>\n","protected":false},"author":3,"featured_media":1248,"comment_status":"open","ping_status":"open","sticky":false,"template":"","format":"standard","meta":{"footnotes":""},"categories":[14,12],"tags":[735,112],"class_list":["post-15458","post","type-post","status-publish","format-standard","has-post-thumbnail","hentry","category-aktualnosci","category-artykuly","tag-ferio","tag-gaj"],"_links":{"self":[{"href":"https:\/\/online.tvk-gaj.pl\/index.php?rest_route=\/wp\/v2\/posts\/15458","targetHints":{"allow":["GET"]}}],"collection":[{"href":"https:\/\/online.tvk-gaj.pl\/index.php?rest_route=\/wp\/v2\/posts"}],"about":[{"href":"https:\/\/online.tvk-gaj.pl\/index.php?rest_route=\/wp\/v2\/types\/post"}],"author":[{"embeddable":true,"href":"https:\/\/online.tvk-gaj.pl\/index.php?rest_route=\/wp\/v2\/users\/3"}],"replies":[{"embeddable":true,"href":"https:\/\/online.tvk-gaj.pl\/index.php?rest_route=%2Fwp%2Fv2%2Fcomments&post=15458"}],"version-history":[{"count":1,"href":"https:\/\/online.tvk-gaj.pl\/index.php?rest_route=\/wp\/v2\/posts\/15458\/revisions"}],"predecessor-version":[{"id":15460,"href":"https:\/\/online.tvk-gaj.pl\/index.php?rest_route=\/wp\/v2\/posts\/15458\/revisions\/15460"}],"wp:featuredmedia":[{"embeddable":true,"href":"https:\/\/online.tvk-gaj.pl\/index.php?rest_route=\/wp\/v2\/media\/1248"}],"wp:attachment":[{"href":"https:\/\/online.tvk-gaj.pl\/index.php?rest_route=%2Fwp%2Fv2%2Fmedia&parent=15458"}],"wp:term":[{"taxonomy":"category","embeddable":true,"href":"https:\/\/online.tvk-gaj.pl\/index.php?rest_route=%2Fwp%2Fv2%2Fcategories&post=15458"},{"taxonomy":"post_tag","embeddable":true,"href":"https:\/\/online.tvk-gaj.pl\/index.php?rest_route=%2Fwp%2Fv2%2Ftags&post=15458"}],"curies":[{"name":"wp","href":"https:\/\/api.w.org\/{rel}","templated":true}]}}