{"id":1547,"date":"2013-09-03T18:41:42","date_gmt":"2013-09-03T16:41:42","guid":{"rendered":"http:\/\/www.tvk-gaj.pl\/~gajonline\/?p=1547"},"modified":"2013-09-03T19:49:22","modified_gmt":"2013-09-03T17:49:22","slug":"ciekawostki-i-dane-statystyczne","status":"publish","type":"post","link":"https:\/\/online.tvk-gaj.pl\/?p=1547","title":{"rendered":"Ciekawostki i dane statystyczne"},"content":{"rendered":"<p>Ciekawostki i dane statystyczne&#8230;<!--more--><\/p>\n<p><strong>Ciekawostki<\/strong><\/p>\n<ul>\n<li>Nazwa osiedla pochodzi od wsi Gayn, kt\u00f3rej nazwa pochodzi\u0142a prawdopodobnie od znajduj\u0105cego si\u0119 w jej pobli\u017cu niewielkiego lasu<\/li>\n<\/ul>\n<ul>\n<li>Historia osiedla si\u0119ga pocz\u0105tk\u00f3w XX wieku, kiedy to teren, na kt\u00f3rym znajduje si\u0119 obecnie osiedle Gaj zosta\u0142 w\u0142\u0105czony do Wroc\u0142awia<\/li>\n<\/ul>\n<ul>\n<li>Dawniej w cz\u0119\u015bci p\u00f3\u0142nocnej osiedla rozmieszczone by\u0142y ogr\u00f3dki dzia\u0142kowe poprzecinane uliczkami, kt\u00f3re zgodnie z \u00f3wczesnym przeznaczeniem terenu nazwano: Brzoskwiniowa, Dzia\u0142kowa, Jab\u0142eczna, Krynicka i Orzechowa.<\/li>\n<\/ul>\n<ul>\n<li>Osiedle obejmuje rejon, kt\u00f3rego granice stanowi\u0105: od p\u00f3\u0142nocy Al. Armii Krajowej, od po\u0142udnia nasyp kolejowy, ze wschodu ul.Bardzka\u00a0i z zachodu Park Skowroni<\/li>\n<\/ul>\n<ul>\n<li>Wroclaw-Gaj &#8211; nazwa niemiecka: Sil Herdain<\/li>\n<\/ul>\n<ul>\n<li>Gaj jest jednym z najlepiej zinformatyzowanych osiedli we Wroc\u0142awiu, oferuj\u0105c bardzo szeroki wachlarz us\u0142ug dost\u0119pu do Internetu<\/li>\n<\/ul>\n<ul>\n<li>Automatyczna stacja kontrolna Zak\u0142adu Meteorologii i Klimatologii Uniwersytetu Wroc\u0142awskiego (jedna z 4) badaj\u0105ca zmiany w klimacie Wroc\u0142awia znajduje si\u0119 wewn\u0105trz osiedla mieszkaniowego Gaj &#8211; zbiera dane reprezentuj\u0105ce zabudow\u0119 wysok\u0105 (5-11 kondygnacji, odleg\u0142o\u015bci ok. 3,5 km od centrum).<\/li>\n<\/ul>\n<p>&nbsp;<\/p>\n<p><strong>Dane statystyczne<\/strong><\/p>\n<ul>\n<li>Orientacyjna liczba mieszka\u0144c\u00f3w: 19,7 tys (liczba zameldowanych mieszka\u0144c\u00f3w wed\u0142ug Urz\u0119du Miasta Wroc\u0142aw z 2007r.)<\/li>\n<\/ul>\n<ul>\n<li>Wysoko\u015b\u0107 nad poziom morza osiedla to 125,57 m<\/li>\n<\/ul>\n<ul>\n<li>Poza fal\u0105 powodziow\u0105 z 1997 r.<\/li>\n<\/ul>\n<ul>\n<li>Roczna wilgotno\u015b\u0107 wzgl\u0119dna wynosi 79 &#8211; 80%<\/li>\n<\/ul>\n<ul>\n<li>Przeci\u0119tna temp. stycznia wacha si\u0119 na poziomie 2 do -1,5 stopnia C<\/li>\n<\/ul>\n<ul>\n<li>Przeci\u0119tna temp. lipca wynosi 17,5 &#8211; 18 stopni C<\/li>\n<\/ul>\n<ul>\n<li>Suma opad\u00f3w rocznych wynosi 550 &#8211; 600 mm<\/li>\n<\/ul>\n<ul>\n<li>Warstwa \u015brednia \u015bniegu utrzymuje si\u0119 na poziomie 10cm<\/li>\n<\/ul>\n<ul>\n<li>Na Gaju wyst\u0119puje przewaga wiatr\u00f3w zachodnich 17 &#8211; 20%<\/li>\n<\/ul>\n<ul>\n<li>\u015arednia pr\u0119dko\u015b\u0107 wiatru wynosi 3 &#8211; 3,5 m\/s<\/li>\n<\/ul>\n<ul>\n<li>Wody gruntowe wyst\u0119puj\u0105 na g\u0142\u0119boko\u015bci 5,2 &#8211; 5,5 m<\/li>\n<\/ul>\n<ul>\n<li>Grunt jest ma\u0142o wilgotny<\/li>\n<\/ul>\n<p>&nbsp;<\/p>\n","protected":false},"excerpt":{"rendered":"<p>Ciekawostki i dane statystyczne&#8230;<\/p>\n","protected":false},"author":1,"featured_media":1554,"comment_status":"open","ping_status":"open","sticky":false,"template":"","format":"standard","meta":{"footnotes":""},"categories":[99],"tags":[],"class_list":["post-1547","post","type-post","status-publish","format-standard","has-post-thumbnail","hentry","category-ciekawostki"],"_links":{"self":[{"href":"https:\/\/online.tvk-gaj.pl\/index.php?rest_route=\/wp\/v2\/posts\/1547","targetHints":{"allow":["GET"]}}],"collection":[{"href":"https:\/\/online.tvk-gaj.pl\/index.php?rest_route=\/wp\/v2\/posts"}],"about":[{"href":"https:\/\/online.tvk-gaj.pl\/index.php?rest_route=\/wp\/v2\/types\/post"}],"author":[{"embeddable":true,"href":"https:\/\/online.tvk-gaj.pl\/index.php?rest_route=\/wp\/v2\/users\/1"}],"replies":[{"embeddable":true,"href":"https:\/\/online.tvk-gaj.pl\/index.php?rest_route=%2Fwp%2Fv2%2Fcomments&post=1547"}],"version-history":[{"count":3,"href":"https:\/\/online.tvk-gaj.pl\/index.php?rest_route=\/wp\/v2\/posts\/1547\/revisions"}],"predecessor-version":[{"id":1567,"href":"https:\/\/online.tvk-gaj.pl\/index.php?rest_route=\/wp\/v2\/posts\/1547\/revisions\/1567"}],"wp:featuredmedia":[{"embeddable":true,"href":"https:\/\/online.tvk-gaj.pl\/index.php?rest_route=\/wp\/v2\/media\/1554"}],"wp:attachment":[{"href":"https:\/\/online.tvk-gaj.pl\/index.php?rest_route=%2Fwp%2Fv2%2Fmedia&parent=1547"}],"wp:term":[{"taxonomy":"category","embeddable":true,"href":"https:\/\/online.tvk-gaj.pl\/index.php?rest_route=%2Fwp%2Fv2%2Fcategories&post=1547"},{"taxonomy":"post_tag","embeddable":true,"href":"https:\/\/online.tvk-gaj.pl\/index.php?rest_route=%2Fwp%2Fv2%2Ftags&post=1547"}],"curies":[{"name":"wp","href":"https:\/\/api.w.org\/{rel}","templated":true}]}}