{"id":15473,"date":"2025-08-01T22:26:50","date_gmt":"2025-08-01T20:26:50","guid":{"rendered":"https:\/\/online.tvk-gaj.pl\/?p=15473"},"modified":"2025-08-01T22:30:27","modified_gmt":"2025-08-01T20:30:27","slug":"nowe-grafiki-murale-na-gaju","status":"publish","type":"post","link":"https:\/\/online.tvk-gaj.pl\/?p=15473","title":{"rendered":"Nowe grafiki\/murale na Gaju"},"content":{"rendered":"\n<figure class=\"wp-block-image size-large\"><img loading=\"lazy\" decoding=\"async\" width=\"1024\" height=\"768\" src=\"https:\/\/online.tvk-gaj.pl\/wp-content\/uploads\/2025\/08\/524070564_768508022355098_5263364504785868803_n-1024x768.jpg\" alt=\"\" class=\"wp-image-15474\" srcset=\"https:\/\/online.tvk-gaj.pl\/wp-content\/uploads\/2025\/08\/524070564_768508022355098_5263364504785868803_n-1024x768.jpg 1024w, https:\/\/online.tvk-gaj.pl\/wp-content\/uploads\/2025\/08\/524070564_768508022355098_5263364504785868803_n-300x225.jpg 300w, https:\/\/online.tvk-gaj.pl\/wp-content\/uploads\/2025\/08\/524070564_768508022355098_5263364504785868803_n-768x576.jpg 768w, https:\/\/online.tvk-gaj.pl\/wp-content\/uploads\/2025\/08\/524070564_768508022355098_5263364504785868803_n.jpg 1080w\" sizes=\"auto, (max-width: 1024px) 100vw, 1024px\" \/><\/figure>\n\n\n\n<p>Album \u201eMisplaced Childhood\u201d ma w Polsce status absolutnie kultowego. W 1985 roku, zesp\u00f3\u0142 Marillion nagra\u0142 p\u0142yt\u0119, kt\u00f3ra momentalnie trafi\u0142a do serc polskich fan\u00f3w rocka. <a><\/a>Wielka w tym zas\u0142uga Tomka Beksi\u0144skiego, kt\u00f3ry prezentowa\u0142 nagrania grupy w Programie III Polskiego Radia.<\/p>\n\n\n\n<p>Pochodz\u0105ca z tego wydawnictwa, nie\u015bmiertelna ballada Kayleigh, zachwyca po dzi\u015b dzie\u0144 i jest jednym z symboli w muzyce lat 80&#8242;. Zrobili\u015bmy film o tym utworze, na kt\u00f3ry zapraszamy na YouTube \u2013 46RockingStreets.<\/p>\n\n\n\n<p>Natomiast aby zobaczy\u0107 ten i inne nasze rockowe murale\/grafiki, zapraszamy do Wroc\u0142awia na ulic\u0119 Krynick\u0105 43. Na \u015bcianach tego samego bloku znajduj\u0105 si\u0119 nasze prace po\u015bwi\u0119cone U2, Depeche Mode i Dire Straits. Przed blokiem jest tak\u017ce murek Pink Floyd.<\/p>\n\n\n\n<p>Ponownie pozdrawiamy mieszka\u0144c\u00f3w osiedla! Wczoraj znowu z wieloma osobami przeprowadzili\u015bmy ciekawe rozmowy o muzyce.<\/p>\n\n\n\n<p>Jutro (28.07) o godzinie 7:30 b\u0119dziemy w <a href=\"https:\/\/www.facebook.com\/RadioRAM?__cft__[0]=AZWOCZytcdgfBWLNzXORhVM0OCOvo1pgoi1_kb8jEe9TzSWxkR4aEN-yf649U8LpfZx2Xt8NprIV1hK4JwopOpQxbY5b7g_1thF_3Koec9i0UwGzJ6KisBcXrFE1Z2oJgApTAR1DdWhhciObTf7nc5iyb2jMKV2Qymrvw-MvxMEOXa7FMnhHiyqdMUM-7l1Tz82xqJ-mpBSfwI-oHuMwJqe2iyo3AGOTLd9OK6xVjq07sA&amp;__tn__=-]K-y-R\">Radio RAM<\/a> opowiada\u0107 o Marillion, o rocku i o naszym projekcie. Zapraszamy do s\u0142uchania.<\/p>\n\n\n\n<p><\/p>\n","protected":false},"excerpt":{"rendered":"<p>Album \u201eMisplaced Childhood\u201d ma w Polsce status absolutnie kultowego. W 1985 roku, zesp\u00f3\u0142 Marillion nagra\u0142 p\u0142yt\u0119, kt\u00f3ra momentalnie trafi\u0142a do serc polskich fan\u00f3w rocka. Wielka w tym zas\u0142uga Tomka Beksi\u0144skiego, kt\u00f3ry prezentowa\u0142 nagrania grupy w Programie III Polskiego Radia. Pochodz\u0105ca z tego wydawnictwa, nie\u015bmiertelna ballada Kayleigh, zachwyca po dzi\u015b dzie\u0144 i jest jednym z symboli [&hellip;]<\/p>\n","protected":false},"author":4,"featured_media":15474,"comment_status":"open","ping_status":"open","sticky":false,"template":"","format":"standard","meta":{"footnotes":""},"categories":[14,12],"tags":[],"class_list":["post-15473","post","type-post","status-publish","format-standard","has-post-thumbnail","hentry","category-aktualnosci","category-artykuly"],"_links":{"self":[{"href":"https:\/\/online.tvk-gaj.pl\/index.php?rest_route=\/wp\/v2\/posts\/15473","targetHints":{"allow":["GET"]}}],"collection":[{"href":"https:\/\/online.tvk-gaj.pl\/index.php?rest_route=\/wp\/v2\/posts"}],"about":[{"href":"https:\/\/online.tvk-gaj.pl\/index.php?rest_route=\/wp\/v2\/types\/post"}],"author":[{"embeddable":true,"href":"https:\/\/online.tvk-gaj.pl\/index.php?rest_route=\/wp\/v2\/users\/4"}],"replies":[{"embeddable":true,"href":"https:\/\/online.tvk-gaj.pl\/index.php?rest_route=%2Fwp%2Fv2%2Fcomments&post=15473"}],"version-history":[{"count":1,"href":"https:\/\/online.tvk-gaj.pl\/index.php?rest_route=\/wp\/v2\/posts\/15473\/revisions"}],"predecessor-version":[{"id":15475,"href":"https:\/\/online.tvk-gaj.pl\/index.php?rest_route=\/wp\/v2\/posts\/15473\/revisions\/15475"}],"wp:featuredmedia":[{"embeddable":true,"href":"https:\/\/online.tvk-gaj.pl\/index.php?rest_route=\/wp\/v2\/media\/15474"}],"wp:attachment":[{"href":"https:\/\/online.tvk-gaj.pl\/index.php?rest_route=%2Fwp%2Fv2%2Fmedia&parent=15473"}],"wp:term":[{"taxonomy":"category","embeddable":true,"href":"https:\/\/online.tvk-gaj.pl\/index.php?rest_route=%2Fwp%2Fv2%2Fcategories&post=15473"},{"taxonomy":"post_tag","embeddable":true,"href":"https:\/\/online.tvk-gaj.pl\/index.php?rest_route=%2Fwp%2Fv2%2Ftags&post=15473"}],"curies":[{"name":"wp","href":"https:\/\/api.w.org\/{rel}","templated":true}]}}