{"id":15477,"date":"2025-08-01T22:33:40","date_gmt":"2025-08-01T20:33:40","guid":{"rendered":"https:\/\/online.tvk-gaj.pl\/?p=15477"},"modified":"2025-08-01T22:33:41","modified_gmt":"2025-08-01T20:33:41","slug":"wyprzedaz-garazowa-i-kiermasz-rzemieslniczy-ferio-gaj","status":"publish","type":"post","link":"https:\/\/online.tvk-gaj.pl\/?p=15477","title":{"rendered":"Wyprzeda\u017c Gara\u017cowa i Kiermasz Rzemie\u015blniczy Ferio Gaj"},"content":{"rendered":"\n<p>Ju\u017c 9 sierpnia, w Sobot\u0119 &#8211; widzimy si\u0119 na parkingu <a href=\"https:\/\/www.facebook.com\/CHFerioGaj?__cft__[0]=AZVgXogOi-oO0XcMEhzdNAHFiVuru8zSJXq8Um6ZsrGLryuXIZj7Hr9tEleJQ7_xZzjO1seCvDDjYm9ThuaM4EODfWn9aIB4GNiH4kHznrIKEW-yd1okp8KNme-BFsLEOXA_Z5TKUjhS7pvfRJOlDCOy&amp;__tn__=-]K-R\">Ferio Gaj<\/a> we Wroc\u0142awiu!<\/p>\n\n\n\n<p>ul. \u015awieradowska 51\/57 |  godz. 10:00-15:00<\/p>\n\n\n\n<p>Do\u0142\u0105cz do Wyprzeda\u017cy Gara\u017cowej i Kiermaszu Rzemie\u015blniczego &#8211; udzia\u0142 jest bezp\u0142atny!<\/p>\n\n\n\n<p>Wystaw si\u0119 z tym, czego ju\u017c nie potrzebujesz, lub pochwal si\u0119 swoim r\u0119kodzie\u0142em <\/p>\n\n\n\n<p> Zg\u0142oszenia: kiermasz@fabrykaidei.pl<\/p>\n\n\n\n<p>Lub po prostu przyjd\u017a i zobacz, co mo\u017cesz upolowa\u0107!<\/p>\n\n\n\n<figure class=\"wp-block-image size-large\"><img loading=\"lazy\" decoding=\"async\" width=\"724\" height=\"1024\" src=\"https:\/\/online.tvk-gaj.pl\/wp-content\/uploads\/2025\/08\/526747741_1436032904779148_8042160771826838860_n-724x1024.jpg\" alt=\"\" class=\"wp-image-15478\" srcset=\"https:\/\/online.tvk-gaj.pl\/wp-content\/uploads\/2025\/08\/526747741_1436032904779148_8042160771826838860_n-724x1024.jpg 724w, https:\/\/online.tvk-gaj.pl\/wp-content\/uploads\/2025\/08\/526747741_1436032904779148_8042160771826838860_n-212x300.jpg 212w, https:\/\/online.tvk-gaj.pl\/wp-content\/uploads\/2025\/08\/526747741_1436032904779148_8042160771826838860_n-768x1086.jpg 768w, https:\/\/online.tvk-gaj.pl\/wp-content\/uploads\/2025\/08\/526747741_1436032904779148_8042160771826838860_n-1086x1536.jpg 1086w, https:\/\/online.tvk-gaj.pl\/wp-content\/uploads\/2025\/08\/526747741_1436032904779148_8042160771826838860_n.jpg 1448w\" sizes=\"auto, (max-width: 724px) 100vw, 724px\" \/><\/figure>\n\n\n\n<p><\/p>\n","protected":false},"excerpt":{"rendered":"<p>Ju\u017c 9 sierpnia, w Sobot\u0119 &#8211; widzimy si\u0119 na parkingu Ferio Gaj we Wroc\u0142awiu! ul. \u015awieradowska 51\/57 | godz. 10:00-15:00 Do\u0142\u0105cz do Wyprzeda\u017cy Gara\u017cowej i Kiermaszu Rzemie\u015blniczego &#8211; udzia\u0142 jest bezp\u0142atny! Wystaw si\u0119 z tym, czego ju\u017c nie potrzebujesz, lub pochwal si\u0119 swoim r\u0119kodzie\u0142em Zg\u0142oszenia: kiermasz@fabrykaidei.pl Lub po prostu przyjd\u017a i zobacz, co mo\u017cesz upolowa\u0107!<\/p>\n","protected":false},"author":3,"featured_media":1248,"comment_status":"open","ping_status":"open","sticky":false,"template":"","format":"standard","meta":{"footnotes":""},"categories":[14,12],"tags":[],"class_list":["post-15477","post","type-post","status-publish","format-standard","has-post-thumbnail","hentry","category-aktualnosci","category-artykuly"],"_links":{"self":[{"href":"https:\/\/online.tvk-gaj.pl\/index.php?rest_route=\/wp\/v2\/posts\/15477","targetHints":{"allow":["GET"]}}],"collection":[{"href":"https:\/\/online.tvk-gaj.pl\/index.php?rest_route=\/wp\/v2\/posts"}],"about":[{"href":"https:\/\/online.tvk-gaj.pl\/index.php?rest_route=\/wp\/v2\/types\/post"}],"author":[{"embeddable":true,"href":"https:\/\/online.tvk-gaj.pl\/index.php?rest_route=\/wp\/v2\/users\/3"}],"replies":[{"embeddable":true,"href":"https:\/\/online.tvk-gaj.pl\/index.php?rest_route=%2Fwp%2Fv2%2Fcomments&post=15477"}],"version-history":[{"count":1,"href":"https:\/\/online.tvk-gaj.pl\/index.php?rest_route=\/wp\/v2\/posts\/15477\/revisions"}],"predecessor-version":[{"id":15479,"href":"https:\/\/online.tvk-gaj.pl\/index.php?rest_route=\/wp\/v2\/posts\/15477\/revisions\/15479"}],"wp:featuredmedia":[{"embeddable":true,"href":"https:\/\/online.tvk-gaj.pl\/index.php?rest_route=\/wp\/v2\/media\/1248"}],"wp:attachment":[{"href":"https:\/\/online.tvk-gaj.pl\/index.php?rest_route=%2Fwp%2Fv2%2Fmedia&parent=15477"}],"wp:term":[{"taxonomy":"category","embeddable":true,"href":"https:\/\/online.tvk-gaj.pl\/index.php?rest_route=%2Fwp%2Fv2%2Fcategories&post=15477"},{"taxonomy":"post_tag","embeddable":true,"href":"https:\/\/online.tvk-gaj.pl\/index.php?rest_route=%2Fwp%2Fv2%2Ftags&post=15477"}],"curies":[{"name":"wp","href":"https:\/\/api.w.org\/{rel}","templated":true}]}}