{"id":15504,"date":"2025-08-13T18:04:49","date_gmt":"2025-08-13T16:04:49","guid":{"rendered":"https:\/\/online.tvk-gaj.pl\/?p=15504"},"modified":"2025-08-13T18:04:49","modified_gmt":"2025-08-13T16:04:49","slug":"przy-ul-klodzkiej-pojawi-sie-16-latarn","status":"publish","type":"post","link":"https:\/\/online.tvk-gaj.pl\/?p=15504","title":{"rendered":"Przy ul. K\u0142odzkiej pojawi si\u0119 16 latar\u0144"},"content":{"rendered":"\n<p>\u0179r\u00f3d\u0142o : Inwestycje we Wroc\u0142awiu<\/p>\n\n\n\n<p>Przy ul. K\u0142odzkiej pojawi si\u0119 16 latar\u0144. To zadanie pozwoli o\u015bwietli\u0107 zielon\u0105 przestrze\u0144 w pobli\u017cu szko\u0142y i Promenady Krzyckiej. Kolejne latarnie pojawi\u0105 si\u0119 od strony ul. Stro\u0144skiej.<\/p>\n\n\n\n<p>Wybrany zosta\u0142 w\u0142a\u015bnie wykonawca tego zadania. Koszt inwestycji to blisko 245 tysi\u0119cy z\u0142otych.<\/p>\n\n\n\n<p>Od momentu podpisania umowy wykonawca b\u0119dzie mia\u0142 3 miesi\u0105ce na realizacj\u0119 tego zadania, kt\u00f3re poprawi bezpiecze\u0144stwo w tym rejonie.<\/p>\n\n\n\n<figure class=\"wp-block-image size-large\"><img loading=\"lazy\" decoding=\"async\" width=\"768\" height=\"1024\" src=\"https:\/\/online.tvk-gaj.pl\/wp-content\/uploads\/2025\/08\/529342306_1094939569421018_3464214282813771252_n-768x1024.jpg\" alt=\"\" class=\"wp-image-15505\" srcset=\"https:\/\/online.tvk-gaj.pl\/wp-content\/uploads\/2025\/08\/529342306_1094939569421018_3464214282813771252_n-768x1024.jpg 768w, https:\/\/online.tvk-gaj.pl\/wp-content\/uploads\/2025\/08\/529342306_1094939569421018_3464214282813771252_n-225x300.jpg 225w, https:\/\/online.tvk-gaj.pl\/wp-content\/uploads\/2025\/08\/529342306_1094939569421018_3464214282813771252_n-1152x1536.jpg 1152w, https:\/\/online.tvk-gaj.pl\/wp-content\/uploads\/2025\/08\/529342306_1094939569421018_3464214282813771252_n.jpg 1536w\" sizes=\"auto, (max-width: 768px) 100vw, 768px\" \/><\/figure>\n","protected":false},"excerpt":{"rendered":"<p>\u0179r\u00f3d\u0142o : Inwestycje we Wroc\u0142awiu Przy ul. K\u0142odzkiej pojawi si\u0119 16 latar\u0144. To zadanie pozwoli o\u015bwietli\u0107 zielon\u0105 przestrze\u0144 w pobli\u017cu szko\u0142y i Promenady Krzyckiej. Kolejne latarnie pojawi\u0105 si\u0119 od strony ul. Stro\u0144skiej. Wybrany zosta\u0142 w\u0142a\u015bnie wykonawca tego zadania. Koszt inwestycji to blisko 245 tysi\u0119cy z\u0142otych. Od momentu podpisania umowy wykonawca b\u0119dzie mia\u0142 3 miesi\u0105ce na [&hellip;]<\/p>\n","protected":false},"author":3,"featured_media":15505,"comment_status":"closed","ping_status":"open","sticky":false,"template":"","format":"standard","meta":{"footnotes":""},"categories":[14,12],"tags":[],"class_list":["post-15504","post","type-post","status-publish","format-standard","has-post-thumbnail","hentry","category-aktualnosci","category-artykuly"],"_links":{"self":[{"href":"https:\/\/online.tvk-gaj.pl\/index.php?rest_route=\/wp\/v2\/posts\/15504","targetHints":{"allow":["GET"]}}],"collection":[{"href":"https:\/\/online.tvk-gaj.pl\/index.php?rest_route=\/wp\/v2\/posts"}],"about":[{"href":"https:\/\/online.tvk-gaj.pl\/index.php?rest_route=\/wp\/v2\/types\/post"}],"author":[{"embeddable":true,"href":"https:\/\/online.tvk-gaj.pl\/index.php?rest_route=\/wp\/v2\/users\/3"}],"replies":[{"embeddable":true,"href":"https:\/\/online.tvk-gaj.pl\/index.php?rest_route=%2Fwp%2Fv2%2Fcomments&post=15504"}],"version-history":[{"count":1,"href":"https:\/\/online.tvk-gaj.pl\/index.php?rest_route=\/wp\/v2\/posts\/15504\/revisions"}],"predecessor-version":[{"id":15506,"href":"https:\/\/online.tvk-gaj.pl\/index.php?rest_route=\/wp\/v2\/posts\/15504\/revisions\/15506"}],"wp:featuredmedia":[{"embeddable":true,"href":"https:\/\/online.tvk-gaj.pl\/index.php?rest_route=\/wp\/v2\/media\/15505"}],"wp:attachment":[{"href":"https:\/\/online.tvk-gaj.pl\/index.php?rest_route=%2Fwp%2Fv2%2Fmedia&parent=15504"}],"wp:term":[{"taxonomy":"category","embeddable":true,"href":"https:\/\/online.tvk-gaj.pl\/index.php?rest_route=%2Fwp%2Fv2%2Fcategories&post=15504"},{"taxonomy":"post_tag","embeddable":true,"href":"https:\/\/online.tvk-gaj.pl\/index.php?rest_route=%2Fwp%2Fv2%2Ftags&post=15504"}],"curies":[{"name":"wp","href":"https:\/\/api.w.org\/{rel}","templated":true}]}}