{"id":15507,"date":"2025-08-13T18:06:51","date_gmt":"2025-08-13T16:06:51","guid":{"rendered":"https:\/\/online.tvk-gaj.pl\/?p=15507"},"modified":"2025-08-13T18:07:23","modified_gmt":"2025-08-13T16:07:23","slug":"15507","status":"publish","type":"post","link":"https:\/\/online.tvk-gaj.pl\/?p=15507","title":{"rendered":"Koncert w Parku S\u0142onecznym"},"content":{"rendered":"\n<p>\u0179r\u00f3d\u0142o : Wroclaw [Wroclove]<\/p>\n\n\n\n<p>W parku na Gaju mi\u0119dzy al. Armii Krajowej a ul. Krynick\u0105 i Orzechow\u0105 rozbrzmia\u0142a <br>muzyka w wykonaniu tria  To nie koniec \u2013 planowane s\u0105 kolejne koncerty <\/p>\n\n\n\n<p>Zobaczcie sami, jak by\u0142o <a href=\"http:\/\/wro.news\/KoncertNaGaju?fbclid=IwZXh0bgNhZW0CMTAAYnJpZBEweGZZMVZSY1VaS1VBcThLeAEewHxdLu50pfwXg9A4b29-6Xx5cnv13tlbLZn5bsDSUN2nfS3CxqddTcbZ3fg_aem_u_-wDrCVz8_t28VfEWA_9w\" target=\"_blank\" rel=\"noreferrer noopener\">wro.news\/KoncertNaGaju<\/a><\/p>\n\n\n\n<figure class=\"wp-block-image size-large\"><img loading=\"lazy\" decoding=\"async\" width=\"1024\" height=\"768\" src=\"https:\/\/online.tvk-gaj.pl\/wp-content\/uploads\/2025\/08\/531515321_1178157651003337_3001239432848798706_n-1024x768.jpg\" alt=\"\" class=\"wp-image-15508\" srcset=\"https:\/\/online.tvk-gaj.pl\/wp-content\/uploads\/2025\/08\/531515321_1178157651003337_3001239432848798706_n-1024x768.jpg 1024w, https:\/\/online.tvk-gaj.pl\/wp-content\/uploads\/2025\/08\/531515321_1178157651003337_3001239432848798706_n-300x225.jpg 300w, https:\/\/online.tvk-gaj.pl\/wp-content\/uploads\/2025\/08\/531515321_1178157651003337_3001239432848798706_n-768x576.jpg 768w, https:\/\/online.tvk-gaj.pl\/wp-content\/uploads\/2025\/08\/531515321_1178157651003337_3001239432848798706_n-1536x1152.jpg 1536w, https:\/\/online.tvk-gaj.pl\/wp-content\/uploads\/2025\/08\/531515321_1178157651003337_3001239432848798706_n.jpg 1680w\" sizes=\"auto, (max-width: 1024px) 100vw, 1024px\" \/><\/figure>\n","protected":false},"excerpt":{"rendered":"<p>\u0179r\u00f3d\u0142o : Wroclaw [Wroclove] W parku na Gaju mi\u0119dzy al. Armii Krajowej a ul. Krynick\u0105 i Orzechow\u0105 rozbrzmia\u0142a muzyka w wykonaniu tria To nie koniec \u2013 planowane s\u0105 kolejne koncerty Zobaczcie sami, jak by\u0142o wro.news\/KoncertNaGaju<\/p>\n","protected":false},"author":3,"featured_media":15508,"comment_status":"closed","ping_status":"open","sticky":false,"template":"","format":"standard","meta":{"footnotes":""},"categories":[14,12],"tags":[],"class_list":["post-15507","post","type-post","status-publish","format-standard","has-post-thumbnail","hentry","category-aktualnosci","category-artykuly"],"_links":{"self":[{"href":"https:\/\/online.tvk-gaj.pl\/index.php?rest_route=\/wp\/v2\/posts\/15507","targetHints":{"allow":["GET"]}}],"collection":[{"href":"https:\/\/online.tvk-gaj.pl\/index.php?rest_route=\/wp\/v2\/posts"}],"about":[{"href":"https:\/\/online.tvk-gaj.pl\/index.php?rest_route=\/wp\/v2\/types\/post"}],"author":[{"embeddable":true,"href":"https:\/\/online.tvk-gaj.pl\/index.php?rest_route=\/wp\/v2\/users\/3"}],"replies":[{"embeddable":true,"href":"https:\/\/online.tvk-gaj.pl\/index.php?rest_route=%2Fwp%2Fv2%2Fcomments&post=15507"}],"version-history":[{"count":2,"href":"https:\/\/online.tvk-gaj.pl\/index.php?rest_route=\/wp\/v2\/posts\/15507\/revisions"}],"predecessor-version":[{"id":15510,"href":"https:\/\/online.tvk-gaj.pl\/index.php?rest_route=\/wp\/v2\/posts\/15507\/revisions\/15510"}],"wp:featuredmedia":[{"embeddable":true,"href":"https:\/\/online.tvk-gaj.pl\/index.php?rest_route=\/wp\/v2\/media\/15508"}],"wp:attachment":[{"href":"https:\/\/online.tvk-gaj.pl\/index.php?rest_route=%2Fwp%2Fv2%2Fmedia&parent=15507"}],"wp:term":[{"taxonomy":"category","embeddable":true,"href":"https:\/\/online.tvk-gaj.pl\/index.php?rest_route=%2Fwp%2Fv2%2Fcategories&post=15507"},{"taxonomy":"post_tag","embeddable":true,"href":"https:\/\/online.tvk-gaj.pl\/index.php?rest_route=%2Fwp%2Fv2%2Ftags&post=15507"}],"curies":[{"name":"wp","href":"https:\/\/api.w.org\/{rel}","templated":true}]}}