{"id":15516,"date":"2025-08-21T21:52:08","date_gmt":"2025-08-21T19:52:08","guid":{"rendered":"https:\/\/online.tvk-gaj.pl\/?p=15516"},"modified":"2025-08-21T21:52:08","modified_gmt":"2025-08-21T19:52:08","slug":"weekendowe-zmiany-na-bardzkiej-komunikat","status":"publish","type":"post","link":"https:\/\/online.tvk-gaj.pl\/?p=15516","title":{"rendered":"Weekendowe zmiany na Bardzkiej ! &#8211; KOMUNIKAT"},"content":{"rendered":"\n<p>Weekendowe zmiany na Bardzkiej! <\/p>\n\n\n\n<p>W <a><\/a>najbli\u017cszy weekend (23\u201324 sierpnia) prowadzone b\u0119d\u0105 prace przy przebudowie rozjazdu tramwajowego w rejonie przystanku Kamienna.<\/p>\n\n\n\n<p>W tym czasie:<\/p>\n\n\n\n<p>\u2022 tramwaje linii 18 i 21 pojad\u0105 tylko do przystanku Gajowa (Huby),<\/p>\n\n\n\n<p>\u2022 linia 78 b\u0119dzie zawieszona,<\/p>\n\n\n\n<p>\u2022 uruchomiona zostanie autobusowa linia zast\u0119pcza 718 kursuj\u0105ca co 20 minut mi\u0119dzy Dworcem G\u0142\u00f3wnym a p\u0119tl\u0105 Gaj.<\/p>\n\n\n\n<p>Od poniedzia\u0142ku, 25 sierpnia, wszystkie linie wracaj\u0105 na swoje sta\u0142e trasy.<\/p>\n\n\n\n<p>Prace s\u0105 cz\u0119\u015bci\u0105 przebudowy torowiska na ul. Bardzkiej, gdzie powstaje nowa trasa autobusowo-tramwajowa.<\/p>\n\n\n\n<p>Obecnie wykonawca przygotowuje konstrukcj\u0119 pod nowe torowisko z mo\u017cliwo\u015bci\u0105 przejazdu autobus\u00f3w. Trwaj\u0105 prace przy nowym torowisku od strony zachodniej, wykonawca spawa szyny i buduje zjazd z torowiska na jezdni\u0119.<\/p>\n\n\n\n<p>W ramach zadania powstanie nowy peron z infrastruktur\u0105 przystankow\u0105 oraz przebudowane zostanie przej\u015bcie dla pieszych przez ul. Bardzk\u0105 wraz z sygnalizacj\u0105 \u015bwietln\u0105, wybudowany zostanie te\u017c przejazd rowerowy.<\/p>\n\n\n\n<p>Dzi\u0119kujemy za cierpliwo\u015b\u0107 i wyrozumia\u0142o\u015b\u0107!<\/p>\n\n\n\n<p><a href=\"https:\/\/www.facebook.com\/hashtag\/wroc%C5%82aw?__eep__=6&amp;__cft__[0]=AZU7_dRqNvYsPcKMjxtFAd_02xyj9Kz2hUrNj3R4HaBREynQJOdtegjGd0-stGdNDwX2HBz6OhU2rqYvab7SeUbx1r5w-mK2GSJOtNmwPAXGyGwAzVwJ1Yx9QsNVnEsX5ytN8VdjCxNGZieJvli6nks-9I9czokbNnRg5WlGEytOAvVrp45kl5uC3ljMRAGtCDo&amp;__tn__=*NK-R\">#Wroc\u0142aw<\/a><a href=\"https:\/\/www.facebook.com\/hashtag\/mpkwroc%C5%82aw?__eep__=6&amp;__cft__[0]=AZU7_dRqNvYsPcKMjxtFAd_02xyj9Kz2hUrNj3R4HaBREynQJOdtegjGd0-stGdNDwX2HBz6OhU2rqYvab7SeUbx1r5w-mK2GSJOtNmwPAXGyGwAzVwJ1Yx9QsNVnEsX5ytN8VdjCxNGZieJvli6nks-9I9czokbNnRg5WlGEytOAvVrp45kl5uC3ljMRAGtCDo&amp;__tn__=*NK-R\">#MPKWroc\u0142aw<\/a><\/p>\n\n\n\n<figure class=\"wp-block-image size-large\"><img loading=\"lazy\" decoding=\"async\" width=\"726\" height=\"1024\" src=\"https:\/\/online.tvk-gaj.pl\/wp-content\/uploads\/2025\/08\/535892658_1102997588615216_7477922969953986066_n-726x1024.jpg\" alt=\"\" class=\"wp-image-15517\" srcset=\"https:\/\/online.tvk-gaj.pl\/wp-content\/uploads\/2025\/08\/535892658_1102997588615216_7477922969953986066_n-726x1024.jpg 726w, https:\/\/online.tvk-gaj.pl\/wp-content\/uploads\/2025\/08\/535892658_1102997588615216_7477922969953986066_n-213x300.jpg 213w, https:\/\/online.tvk-gaj.pl\/wp-content\/uploads\/2025\/08\/535892658_1102997588615216_7477922969953986066_n-768x1084.jpg 768w, https:\/\/online.tvk-gaj.pl\/wp-content\/uploads\/2025\/08\/535892658_1102997588615216_7477922969953986066_n-1088x1536.jpg 1088w, https:\/\/online.tvk-gaj.pl\/wp-content\/uploads\/2025\/08\/535892658_1102997588615216_7477922969953986066_n.jpg 1451w\" sizes=\"auto, (max-width: 726px) 100vw, 726px\" \/><\/figure>\n\n\n\n<p>\u017ar\u00f3d\u0142o : <a href=\"https:\/\/www.facebook.com\/wroclawskieinwestycje\">https:\/\/www.facebook.com\/wroclawskieinwestycje<\/a><\/p>\n\n\n\n<p><\/p>\n","protected":false},"excerpt":{"rendered":"<p>Weekendowe zmiany na Bardzkiej! W najbli\u017cszy weekend (23\u201324 sierpnia) prowadzone b\u0119d\u0105 prace przy przebudowie rozjazdu tramwajowego w rejonie przystanku Kamienna. W tym czasie: \u2022 tramwaje linii 18 i 21 pojad\u0105 tylko do przystanku Gajowa (Huby), \u2022 linia 78 b\u0119dzie zawieszona, \u2022 uruchomiona zostanie autobusowa linia zast\u0119pcza 718 kursuj\u0105ca co 20 minut mi\u0119dzy Dworcem G\u0142\u00f3wnym a [&hellip;]<\/p>\n","protected":false},"author":3,"featured_media":15518,"comment_status":"closed","ping_status":"open","sticky":false,"template":"","format":"standard","meta":{"footnotes":""},"categories":[14,12],"tags":[],"class_list":["post-15516","post","type-post","status-publish","format-standard","has-post-thumbnail","hentry","category-aktualnosci","category-artykuly"],"_links":{"self":[{"href":"https:\/\/online.tvk-gaj.pl\/index.php?rest_route=\/wp\/v2\/posts\/15516","targetHints":{"allow":["GET"]}}],"collection":[{"href":"https:\/\/online.tvk-gaj.pl\/index.php?rest_route=\/wp\/v2\/posts"}],"about":[{"href":"https:\/\/online.tvk-gaj.pl\/index.php?rest_route=\/wp\/v2\/types\/post"}],"author":[{"embeddable":true,"href":"https:\/\/online.tvk-gaj.pl\/index.php?rest_route=\/wp\/v2\/users\/3"}],"replies":[{"embeddable":true,"href":"https:\/\/online.tvk-gaj.pl\/index.php?rest_route=%2Fwp%2Fv2%2Fcomments&post=15516"}],"version-history":[{"count":1,"href":"https:\/\/online.tvk-gaj.pl\/index.php?rest_route=\/wp\/v2\/posts\/15516\/revisions"}],"predecessor-version":[{"id":15519,"href":"https:\/\/online.tvk-gaj.pl\/index.php?rest_route=\/wp\/v2\/posts\/15516\/revisions\/15519"}],"wp:featuredmedia":[{"embeddable":true,"href":"https:\/\/online.tvk-gaj.pl\/index.php?rest_route=\/wp\/v2\/media\/15518"}],"wp:attachment":[{"href":"https:\/\/online.tvk-gaj.pl\/index.php?rest_route=%2Fwp%2Fv2%2Fmedia&parent=15516"}],"wp:term":[{"taxonomy":"category","embeddable":true,"href":"https:\/\/online.tvk-gaj.pl\/index.php?rest_route=%2Fwp%2Fv2%2Fcategories&post=15516"},{"taxonomy":"post_tag","embeddable":true,"href":"https:\/\/online.tvk-gaj.pl\/index.php?rest_route=%2Fwp%2Fv2%2Ftags&post=15516"}],"curies":[{"name":"wp","href":"https:\/\/api.w.org\/{rel}","templated":true}]}}