{"id":15537,"date":"2025-08-31T20:44:40","date_gmt":"2025-08-31T18:44:40","guid":{"rendered":"https:\/\/online.tvk-gaj.pl\/?p=15537"},"modified":"2025-08-31T20:44:41","modified_gmt":"2025-08-31T18:44:41","slug":"fotorelacja-sportowy-gaj-31-08-niedziela","status":"publish","type":"post","link":"https:\/\/online.tvk-gaj.pl\/?p=15537","title":{"rendered":"[Fotorelacja] Sportowy Gaj &#8211; 31.08 (Niedziela)"},"content":{"rendered":"\n<p>Link do fotorelacji : <br><a href=\"https:\/\/www.facebook.com\/photo?fbid=1464274981954940&amp;set=pcb.1464277851954653\">https:\/\/www.facebook.com\/photo?fbid=1464274981954940&amp;set=pcb.1464277851954653<\/a><\/p>\n\n\n\n<p>W ostatni dzie\u0144 wakacji spotkali\u015bmy si\u0119 na boisku &#8222;Orzechowa&#8221;, by wsp\u00f3lnie wzi\u0105\u0107<\/p>\n\n\n\n<p>udzia\u0142 w Sportowym Gaju. Pogoda tym razem nie sprawi\u0142a nam \u017cadnego psikusa,<\/p>\n\n\n\n<p>a frekwencja bardzo dopisa\u0142a, dlatego z u\u015bmiechem na twarzach mo\u017cemy zacz\u0105\u0107<\/p>\n\n\n\n<p>nowy rok szkolny. Dzi\u015b natomiast emocji i wra\u017ce\u0144 by\u0142o mn\u00f3stwo, sportowej rywalizacji<\/p>\n\n\n\n<p>jeszcze wi\u0119cej, a koniec ko\u0144c\u00f3w wi\u0119kszo\u015b\u0107 uczestnik\u00f3w sz\u0142a do domu <\/p>\n\n\n\n<p>z medalem na szyi. Dzi\u0119kujemy za wsp\u00f3ln\u0105 zabaw\u0119 i do zobaczenia !<\/p>\n\n\n\n<figure class=\"wp-block-image size-full\"><img loading=\"lazy\" decoding=\"async\" width=\"1000\" height=\"750\" src=\"https:\/\/online.tvk-gaj.pl\/wp-content\/uploads\/2025\/08\/541371922_1464276355288136_1748494207412316819_n.jpg\" alt=\"\" class=\"wp-image-15538\" srcset=\"https:\/\/online.tvk-gaj.pl\/wp-content\/uploads\/2025\/08\/541371922_1464276355288136_1748494207412316819_n.jpg 1000w, https:\/\/online.tvk-gaj.pl\/wp-content\/uploads\/2025\/08\/541371922_1464276355288136_1748494207412316819_n-300x225.jpg 300w, https:\/\/online.tvk-gaj.pl\/wp-content\/uploads\/2025\/08\/541371922_1464276355288136_1748494207412316819_n-768x576.jpg 768w\" sizes=\"auto, (max-width: 1000px) 100vw, 1000px\" \/><\/figure>\n","protected":false},"excerpt":{"rendered":"<p>Link do fotorelacji : https:\/\/www.facebook.com\/photo?fbid=1464274981954940&amp;set=pcb.1464277851954653 W ostatni dzie\u0144 wakacji spotkali\u015bmy si\u0119 na boisku &#8222;Orzechowa&#8221;, by wsp\u00f3lnie wzi\u0105\u0107 udzia\u0142 w Sportowym Gaju. Pogoda tym razem nie sprawi\u0142a nam \u017cadnego psikusa, a frekwencja bardzo dopisa\u0142a, dlatego z u\u015bmiechem na twarzach mo\u017cemy zacz\u0105\u0107 nowy rok szkolny. Dzi\u015b natomiast emocji i wra\u017ce\u0144 by\u0142o mn\u00f3stwo, sportowej rywalizacji jeszcze wi\u0119cej, a [&hellip;]<\/p>\n","protected":false},"author":3,"featured_media":15538,"comment_status":"closed","ping_status":"open","sticky":false,"template":"","format":"standard","meta":{"footnotes":""},"categories":[14,12],"tags":[112,648],"class_list":["post-15537","post","type-post","status-publish","format-standard","has-post-thumbnail","hentry","category-aktualnosci","category-artykuly","tag-gaj","tag-sport"],"_links":{"self":[{"href":"https:\/\/online.tvk-gaj.pl\/index.php?rest_route=\/wp\/v2\/posts\/15537","targetHints":{"allow":["GET"]}}],"collection":[{"href":"https:\/\/online.tvk-gaj.pl\/index.php?rest_route=\/wp\/v2\/posts"}],"about":[{"href":"https:\/\/online.tvk-gaj.pl\/index.php?rest_route=\/wp\/v2\/types\/post"}],"author":[{"embeddable":true,"href":"https:\/\/online.tvk-gaj.pl\/index.php?rest_route=\/wp\/v2\/users\/3"}],"replies":[{"embeddable":true,"href":"https:\/\/online.tvk-gaj.pl\/index.php?rest_route=%2Fwp%2Fv2%2Fcomments&post=15537"}],"version-history":[{"count":1,"href":"https:\/\/online.tvk-gaj.pl\/index.php?rest_route=\/wp\/v2\/posts\/15537\/revisions"}],"predecessor-version":[{"id":15539,"href":"https:\/\/online.tvk-gaj.pl\/index.php?rest_route=\/wp\/v2\/posts\/15537\/revisions\/15539"}],"wp:featuredmedia":[{"embeddable":true,"href":"https:\/\/online.tvk-gaj.pl\/index.php?rest_route=\/wp\/v2\/media\/15538"}],"wp:attachment":[{"href":"https:\/\/online.tvk-gaj.pl\/index.php?rest_route=%2Fwp%2Fv2%2Fmedia&parent=15537"}],"wp:term":[{"taxonomy":"category","embeddable":true,"href":"https:\/\/online.tvk-gaj.pl\/index.php?rest_route=%2Fwp%2Fv2%2Fcategories&post=15537"},{"taxonomy":"post_tag","embeddable":true,"href":"https:\/\/online.tvk-gaj.pl\/index.php?rest_route=%2Fwp%2Fv2%2Ftags&post=15537"}],"curies":[{"name":"wp","href":"https:\/\/api.w.org\/{rel}","templated":true}]}}