{"id":15551,"date":"2025-09-15T16:11:31","date_gmt":"2025-09-15T14:11:31","guid":{"rendered":"https:\/\/online.tvk-gaj.pl\/?p=15551"},"modified":"2025-09-15T16:11:32","modified_gmt":"2025-09-15T14:11:32","slug":"trener-antoni-piechniczek-na-gaju-15-lecie-uokp-silesia-wroclaw-gaj-fotorelacja","status":"publish","type":"post","link":"https:\/\/online.tvk-gaj.pl\/?p=15551","title":{"rendered":"Trener Antoni Piechniczek na Gaju !                   15-lecie UOKP Silesia Wroc\u0142aw &#8211; Gaj [Fotorelacja]"},"content":{"rendered":"\n<p>Zapraszamy do obejrzenia fotorelacji z Jubileuszu 15-lecia UOKP Silesia Wroc\u0142aw &#8211; Gaj, kt\u00f3ry swoj\u0105<\/p>\n\n\n\n<p>obecno\u015bci\u0105 zaszczyci\u0142 legendarny trener Reprezentacji Polski &#8211; Antoni Piechniczek <\/p>\n\n\n\n<figure class=\"wp-block-image size-full\"><img loading=\"lazy\" decoding=\"async\" width=\"1000\" height=\"750\" src=\"https:\/\/online.tvk-gaj.pl\/wp-content\/uploads\/2025\/09\/547506081_1476920767357028_6168376209146295460_n.jpg\" alt=\"\" class=\"wp-image-15552\" srcset=\"https:\/\/online.tvk-gaj.pl\/wp-content\/uploads\/2025\/09\/547506081_1476920767357028_6168376209146295460_n.jpg 1000w, https:\/\/online.tvk-gaj.pl\/wp-content\/uploads\/2025\/09\/547506081_1476920767357028_6168376209146295460_n-300x225.jpg 300w, https:\/\/online.tvk-gaj.pl\/wp-content\/uploads\/2025\/09\/547506081_1476920767357028_6168376209146295460_n-768x576.jpg 768w\" sizes=\"auto, (max-width: 1000px) 100vw, 1000px\" \/><\/figure>\n\n\n\n<p>Cz\u0119\u015b\u0107 1<\/p>\n\n\n\n<p><a href=\"https:\/\/www.facebook.com\/photo?fbid=1476900514025720&amp;set=pcb.1476903657358739\">https:\/\/www.facebook.com\/photo?fbid=1476900514025720&amp;set=pcb.1476903657358739<\/a><\/p>\n\n\n\n<p>&#8211; <a><\/a>Pi\u0142ki edukacyjne &#8222;EDUball&#8221;<\/p>\n\n\n\n<p>&#8211; Wr\u0119czenie nagr\u00f3d dla dru\u017cyn bior\u0105cych udzia\u0142 w mi\u0119dzynarodowym Turnieju pi\u0142ki no\u017cnej orlik\u00f3w<\/p>\n\n\n\n<p>Cz\u0119\u015b\u0107 2<\/p>\n\n\n\n<p>&#8211; Wr\u0119czenie nagr\u00f3d dla dru\u017cyn bior\u0105cych udzia\u0142 w mi\u0119dzynarodowym Turnieju pi\u0142ki no\u017cnej orlik\u00f3w,<\/p>\n\n\n\n<p>kt\u00f3re swoj\u0105 obecno\u015bci\u0105 zaszczyci\u0142 legendarny Trener Reprezentacji Polski Antoni Piechniczek<\/p>\n\n\n\n<p><a href=\"https:\/\/www.facebook.com\/photo?fbid=1476910304024741&amp;set=pcb.1476912990691139\">https:\/\/www.facebook.com\/photo?fbid=1476910304024741&amp;set=pcb.1476912990691139<\/a><\/p>\n\n\n\n<p>Cz\u0119\u015b\u0107 3<\/p>\n\n\n\n<p><a href=\"https:\/\/www.facebook.com\/photo?fbid=1476919944023777&amp;set=pcb.1476921647356940\">https:\/\/www.facebook.com\/photo?fbid=1476919944023777&amp;set=pcb.1476921647356940<\/a><\/p>\n\n\n\n<p>Spotkanie z Trenerem Antonim Piechniczkiem w \u015bwietlicy Boiska &#8222;Orzechowa&#8221;<\/p>\n\n\n\n<p><a href=\"https:\/\/www.facebook.com\/photo?fbid=1476934357355669&amp;set=pcb.1476935734022198\">https:\/\/www.facebook.com\/photo?fbid=1476934357355669&amp;set=pcb.1476935734022198<\/a><\/p>\n\n\n\n<p>Premiera piosenki &#8222;Pi\u0142karskie dzieci&#8221; w dniu Jubileuszu 15-lecia<\/p>\n\n\n\n<p><a href=\"https:\/\/www.facebook.com\/reel\/686496003762785\">https:\/\/www.facebook.com\/reel\/686496003762785<\/a><\/p>\n\n\n\n<p><\/p>\n","protected":false},"excerpt":{"rendered":"<p>Zapraszamy do obejrzenia fotorelacji z Jubileuszu 15-lecia UOKP Silesia Wroc\u0142aw &#8211; Gaj, kt\u00f3ry swoj\u0105 obecno\u015bci\u0105 zaszczyci\u0142 legendarny trener Reprezentacji Polski &#8211; Antoni Piechniczek Cz\u0119\u015b\u0107 1 https:\/\/www.facebook.com\/photo?fbid=1476900514025720&amp;set=pcb.1476903657358739 &#8211; Pi\u0142ki edukacyjne &#8222;EDUball&#8221; &#8211; Wr\u0119czenie nagr\u00f3d dla dru\u017cyn bior\u0105cych udzia\u0142 w mi\u0119dzynarodowym Turnieju pi\u0142ki no\u017cnej orlik\u00f3w Cz\u0119\u015b\u0107 2 &#8211; Wr\u0119czenie nagr\u00f3d dla dru\u017cyn bior\u0105cych udzia\u0142 w mi\u0119dzynarodowym Turnieju [&hellip;]<\/p>\n","protected":false},"author":3,"featured_media":15552,"comment_status":"closed","ping_status":"open","sticky":false,"template":"","format":"standard","meta":{"footnotes":""},"categories":[14,12],"tags":[112,1836,1835],"class_list":["post-15551","post","type-post","status-publish","format-standard","has-post-thumbnail","hentry","category-aktualnosci","category-artykuly","tag-gaj","tag-jubileusz","tag-silesia"],"_links":{"self":[{"href":"https:\/\/online.tvk-gaj.pl\/index.php?rest_route=\/wp\/v2\/posts\/15551","targetHints":{"allow":["GET"]}}],"collection":[{"href":"https:\/\/online.tvk-gaj.pl\/index.php?rest_route=\/wp\/v2\/posts"}],"about":[{"href":"https:\/\/online.tvk-gaj.pl\/index.php?rest_route=\/wp\/v2\/types\/post"}],"author":[{"embeddable":true,"href":"https:\/\/online.tvk-gaj.pl\/index.php?rest_route=\/wp\/v2\/users\/3"}],"replies":[{"embeddable":true,"href":"https:\/\/online.tvk-gaj.pl\/index.php?rest_route=%2Fwp%2Fv2%2Fcomments&post=15551"}],"version-history":[{"count":1,"href":"https:\/\/online.tvk-gaj.pl\/index.php?rest_route=\/wp\/v2\/posts\/15551\/revisions"}],"predecessor-version":[{"id":15553,"href":"https:\/\/online.tvk-gaj.pl\/index.php?rest_route=\/wp\/v2\/posts\/15551\/revisions\/15553"}],"wp:featuredmedia":[{"embeddable":true,"href":"https:\/\/online.tvk-gaj.pl\/index.php?rest_route=\/wp\/v2\/media\/15552"}],"wp:attachment":[{"href":"https:\/\/online.tvk-gaj.pl\/index.php?rest_route=%2Fwp%2Fv2%2Fmedia&parent=15551"}],"wp:term":[{"taxonomy":"category","embeddable":true,"href":"https:\/\/online.tvk-gaj.pl\/index.php?rest_route=%2Fwp%2Fv2%2Fcategories&post=15551"},{"taxonomy":"post_tag","embeddable":true,"href":"https:\/\/online.tvk-gaj.pl\/index.php?rest_route=%2Fwp%2Fv2%2Ftags&post=15551"}],"curies":[{"name":"wp","href":"https:\/\/api.w.org\/{rel}","templated":true}]}}