{"id":15554,"date":"2025-09-16T15:05:12","date_gmt":"2025-09-16T13:05:12","guid":{"rendered":"https:\/\/online.tvk-gaj.pl\/?p=15554"},"modified":"2025-09-16T15:05:12","modified_gmt":"2025-09-16T13:05:12","slug":"wyprzedaz-garazowa-i-kiermasz-rzemieslniczy-ferio-gaj-20-09","status":"publish","type":"post","link":"https:\/\/online.tvk-gaj.pl\/?p=15554","title":{"rendered":"Wyprzeda\u017c gara\u017cowa i kiermasz rzemie\u015blniczy &#8211; Ferio Gaj 20.09"},"content":{"rendered":"\n<p>Ju\u017c 20 wrze\u015bnia, w sobot\u0119 &#8211; widzimy si\u0119 na parkingu <a href=\"https:\/\/www.facebook.com\/CHFerioGaj?__cft__[0]=AZUBg0N_EgMvfWraFJSpd4QDSKq01f3rSxegozLHRFDrxxHOYuFNhbuNoSKdKKfEznMiWKyuScsviIpfKPY7q7bUojmHAMb5mwLKfVWoRY0XS1pqX4vEgJ1AZfDWNs-CFA2dyqupFAaQhO0ZSdz-awKssZT_DinYZkRILkz7tcg2MvlTdBZjQ42sV4tz02-duzL_TYIUCI50b7AboVgR3HpS&amp;__tn__=-]K-R\">Ferio Gaj<\/a> we Wroc\u0142awiu!<\/p>\n\n\n\n<p>ul. \u015awieradowska 51\/57 | godz. 10:00-15:00<\/p>\n\n\n\n<p><a><\/a>Do\u0142\u0105cz do Wyprzeda\u017cy Gara\u017cowej i Kiermaszu Rzemie\u015blniczego &#8211; udzia\u0142 jest bezp\u0142atny!<\/p>\n\n\n\n<p>Wystaw si\u0119 z tym, czego ju\u017c nie potrzebujesz, lub pochwal si\u0119 swoim r\u0119kodzie\u0142em <\/p>\n\n\n\n<p>Zg\u0142oszenia: kiermasz@fabrykaidei.pl<\/p>\n\n\n\n<p>Lub po prostu przyjd\u017a i zobacz, co mo\u017cesz upolowa\u0107!<\/p>\n\n\n\n<figure class=\"wp-block-image size-large\"><img loading=\"lazy\" decoding=\"async\" width=\"724\" height=\"1024\" src=\"https:\/\/online.tvk-gaj.pl\/wp-content\/uploads\/2025\/09\/549787631_1478342140548224_8037851737579357438_n-724x1024.jpg\" alt=\"\" class=\"wp-image-15555\" srcset=\"https:\/\/online.tvk-gaj.pl\/wp-content\/uploads\/2025\/09\/549787631_1478342140548224_8037851737579357438_n-724x1024.jpg 724w, https:\/\/online.tvk-gaj.pl\/wp-content\/uploads\/2025\/09\/549787631_1478342140548224_8037851737579357438_n-212x300.jpg 212w, https:\/\/online.tvk-gaj.pl\/wp-content\/uploads\/2025\/09\/549787631_1478342140548224_8037851737579357438_n-768x1087.jpg 768w, https:\/\/online.tvk-gaj.pl\/wp-content\/uploads\/2025\/09\/549787631_1478342140548224_8037851737579357438_n-1086x1536.jpg 1086w, https:\/\/online.tvk-gaj.pl\/wp-content\/uploads\/2025\/09\/549787631_1478342140548224_8037851737579357438_n.jpg 1200w\" sizes=\"auto, (max-width: 724px) 100vw, 724px\" \/><\/figure>\n","protected":false},"excerpt":{"rendered":"<p>Ju\u017c 20 wrze\u015bnia, w sobot\u0119 &#8211; widzimy si\u0119 na parkingu Ferio Gaj we Wroc\u0142awiu! ul. \u015awieradowska 51\/57 | godz. 10:00-15:00 Do\u0142\u0105cz do Wyprzeda\u017cy Gara\u017cowej i Kiermaszu Rzemie\u015blniczego &#8211; udzia\u0142 jest bezp\u0142atny! Wystaw si\u0119 z tym, czego ju\u017c nie potrzebujesz, lub pochwal si\u0119 swoim r\u0119kodzie\u0142em Zg\u0142oszenia: kiermasz@fabrykaidei.pl Lub po prostu przyjd\u017a i zobacz, co mo\u017cesz upolowa\u0107!<\/p>\n","protected":false},"author":3,"featured_media":1248,"comment_status":"closed","ping_status":"open","sticky":false,"template":"","format":"standard","meta":{"footnotes":""},"categories":[14,12],"tags":[],"class_list":["post-15554","post","type-post","status-publish","format-standard","has-post-thumbnail","hentry","category-aktualnosci","category-artykuly"],"_links":{"self":[{"href":"https:\/\/online.tvk-gaj.pl\/index.php?rest_route=\/wp\/v2\/posts\/15554","targetHints":{"allow":["GET"]}}],"collection":[{"href":"https:\/\/online.tvk-gaj.pl\/index.php?rest_route=\/wp\/v2\/posts"}],"about":[{"href":"https:\/\/online.tvk-gaj.pl\/index.php?rest_route=\/wp\/v2\/types\/post"}],"author":[{"embeddable":true,"href":"https:\/\/online.tvk-gaj.pl\/index.php?rest_route=\/wp\/v2\/users\/3"}],"replies":[{"embeddable":true,"href":"https:\/\/online.tvk-gaj.pl\/index.php?rest_route=%2Fwp%2Fv2%2Fcomments&post=15554"}],"version-history":[{"count":1,"href":"https:\/\/online.tvk-gaj.pl\/index.php?rest_route=\/wp\/v2\/posts\/15554\/revisions"}],"predecessor-version":[{"id":15556,"href":"https:\/\/online.tvk-gaj.pl\/index.php?rest_route=\/wp\/v2\/posts\/15554\/revisions\/15556"}],"wp:featuredmedia":[{"embeddable":true,"href":"https:\/\/online.tvk-gaj.pl\/index.php?rest_route=\/wp\/v2\/media\/1248"}],"wp:attachment":[{"href":"https:\/\/online.tvk-gaj.pl\/index.php?rest_route=%2Fwp%2Fv2%2Fmedia&parent=15554"}],"wp:term":[{"taxonomy":"category","embeddable":true,"href":"https:\/\/online.tvk-gaj.pl\/index.php?rest_route=%2Fwp%2Fv2%2Fcategories&post=15554"},{"taxonomy":"post_tag","embeddable":true,"href":"https:\/\/online.tvk-gaj.pl\/index.php?rest_route=%2Fwp%2Fv2%2Ftags&post=15554"}],"curies":[{"name":"wp","href":"https:\/\/api.w.org\/{rel}","templated":true}]}}