{"id":15557,"date":"2025-09-16T15:12:42","date_gmt":"2025-09-16T13:12:42","guid":{"rendered":"https:\/\/online.tvk-gaj.pl\/?p=15557"},"modified":"2025-09-16T15:12:43","modified_gmt":"2025-09-16T13:12:43","slug":"ograniczenie-sprzedazy-alkoholu-w-godzinach-nocnych-wejdzie-w-zycie-juz-w-pazdzierniku","status":"publish","type":"post","link":"https:\/\/online.tvk-gaj.pl\/?p=15557","title":{"rendered":"Ograniczenie sprzeda\u017cy alkoholu w godzinach nocnych wejdzie w \u017cycie ju\u017c w Pa\u017adzierniku"},"content":{"rendered":"\n<figure class=\"wp-block-image size-full is-resized\"><img loading=\"lazy\" decoding=\"async\" width=\"630\" height=\"350\" src=\"https:\/\/online.tvk-gaj.pl\/wp-content\/uploads\/2025\/09\/mainsesja_rady_miejskiej-1.jpg\" alt=\"\" class=\"wp-image-15559\" style=\"width:840px;height:auto\" srcset=\"https:\/\/online.tvk-gaj.pl\/wp-content\/uploads\/2025\/09\/mainsesja_rady_miejskiej-1.jpg 630w, https:\/\/online.tvk-gaj.pl\/wp-content\/uploads\/2025\/09\/mainsesja_rady_miejskiej-1-300x167.jpg 300w\" sizes=\"auto, (max-width: 630px) 100vw, 630px\" \/><\/figure>\n\n\n\n<p><strong>Rada Miejska Wroc\u0142awia przyj\u0119\u0142a uchwa\u0142\u0119, kt\u00f3ra ogranicza sprzeda\u017c alkoholu w sklepach w godzinach nocnych, mi\u0119dzy 22:00 a 6:00. Jest to odpowied\u017a na liczne wnioski i postulaty rad osiedli, kt\u00f3re sygnalizowa\u0142y problemy zwi\u0105zane z zak\u0142\u00f3caniem spokoju i spo\u017cywaniem alkoholu w miejscach publicznych w nocy.<\/strong><\/p>\n\n\n\n<p>Radni przyj\u0119li uchwa\u0142\u0119 26 g\u0142osami za, 5 radnych by\u0142o przeciwnych , a 3 wstrzyma\u0142o si\u0119 od g\u0142osu. Nowe regulacje zaczn\u0105 obowi\u0105zywa\u0107 ju\u017c w po\u0142owie pa\u017adziernika.<\/p>\n\n\n\n<p>G\u0142osowanie poprzedzi\u0142y konsultacje spo\u0142eczne, a projekt opiniowali osiedlowi radni. Wi\u0119kszo\u015b\u0107 Rad Osiedli popar\u0142a projekt.<\/p>\n\n\n\n<p><strong>Ograniczenie sprzeda\u017cy alkoholu w godzinach nocnych zosta\u0142o przyj\u0119te w 2018 roku na Starym Mie\u015bcie. W 2024 roku zakaz obj\u0105\u0142 8 kolejnych osiedli. Teraz b\u0119dzie obowi\u0105zywa\u0142 na terenie ca\u0142ego Wroc\u0142awia.<\/strong><\/p>\n\n\n\n<p>Celem uchwa\u0142y jest przede wszystkim zwi\u0119kszenie bezpiecze\u0144stwa mieszka\u0144c\u00f3w i poprawa porz\u0105dku publicznego. Skr\u00f3cenie godzin sprzeda\u017cy alkoholu w sklepach pozwoli ograniczy\u0107 sytuacje, w kt\u00f3rych alkohol spo\u017cywany jest w miejscach niedozwolonych, oraz zmniejszy\u0107 ryzyko zak\u0142\u00f3cania spokoju w nocy.<\/p>\n\n\n\n<p>Projekt odpowiada bezpo\u015brednio na oczekiwania spo\u0142eczno\u015bci lokalnych. Rady osiedli zg\u0142asza\u0142y potrzeb\u0119 ograniczenia nocnej sprzeda\u017cy alkoholu, wskazuj\u0105c, \u017ce poprawi to komfort \u017cycia i poczucie bezpiecze\u0144stwa w s\u0105siedztwie sklep\u00f3w.<\/p>\n\n\n\n<p>\u017ar\u00f3d\u0142o : <a href=\"https:\/\/www.wroclaw.pl\/dla-mieszkanca\/zakaz-sprzedazy-alkoholu-od-22-do-6-wejdzie-w-zycie-juz-pazdzierniku\">https:\/\/www.wroclaw.pl\/dla-mieszkanca\/zakaz-sprzedazy-alkoholu-od-22-do-6-wejdzie-w-zycie-juz-pazdzierniku<\/a><\/p>\n","protected":false},"excerpt":{"rendered":"<p>Rada Miejska Wroc\u0142awia przyj\u0119\u0142a uchwa\u0142\u0119, kt\u00f3ra ogranicza sprzeda\u017c alkoholu w sklepach w godzinach nocnych, mi\u0119dzy 22:00 a 6:00. Jest to odpowied\u017a na liczne wnioski i postulaty rad osiedli, kt\u00f3re sygnalizowa\u0142y problemy zwi\u0105zane z zak\u0142\u00f3caniem spokoju i spo\u017cywaniem alkoholu w miejscach publicznych w nocy. Radni przyj\u0119li uchwa\u0142\u0119 26 g\u0142osami za, 5 radnych by\u0142o przeciwnych , a [&hellip;]<\/p>\n","protected":false},"author":3,"featured_media":15558,"comment_status":"closed","ping_status":"open","sticky":false,"template":"","format":"standard","meta":{"footnotes":""},"categories":[14,12],"tags":[1837,112],"class_list":["post-15557","post","type-post","status-publish","format-standard","has-post-thumbnail","hentry","category-aktualnosci","category-artykuly","tag-alkohol","tag-gaj"],"_links":{"self":[{"href":"https:\/\/online.tvk-gaj.pl\/index.php?rest_route=\/wp\/v2\/posts\/15557","targetHints":{"allow":["GET"]}}],"collection":[{"href":"https:\/\/online.tvk-gaj.pl\/index.php?rest_route=\/wp\/v2\/posts"}],"about":[{"href":"https:\/\/online.tvk-gaj.pl\/index.php?rest_route=\/wp\/v2\/types\/post"}],"author":[{"embeddable":true,"href":"https:\/\/online.tvk-gaj.pl\/index.php?rest_route=\/wp\/v2\/users\/3"}],"replies":[{"embeddable":true,"href":"https:\/\/online.tvk-gaj.pl\/index.php?rest_route=%2Fwp%2Fv2%2Fcomments&post=15557"}],"version-history":[{"count":1,"href":"https:\/\/online.tvk-gaj.pl\/index.php?rest_route=\/wp\/v2\/posts\/15557\/revisions"}],"predecessor-version":[{"id":15560,"href":"https:\/\/online.tvk-gaj.pl\/index.php?rest_route=\/wp\/v2\/posts\/15557\/revisions\/15560"}],"wp:featuredmedia":[{"embeddable":true,"href":"https:\/\/online.tvk-gaj.pl\/index.php?rest_route=\/wp\/v2\/media\/15558"}],"wp:attachment":[{"href":"https:\/\/online.tvk-gaj.pl\/index.php?rest_route=%2Fwp%2Fv2%2Fmedia&parent=15557"}],"wp:term":[{"taxonomy":"category","embeddable":true,"href":"https:\/\/online.tvk-gaj.pl\/index.php?rest_route=%2Fwp%2Fv2%2Fcategories&post=15557"},{"taxonomy":"post_tag","embeddable":true,"href":"https:\/\/online.tvk-gaj.pl\/index.php?rest_route=%2Fwp%2Fv2%2Ftags&post=15557"}],"curies":[{"name":"wp","href":"https:\/\/api.w.org\/{rel}","templated":true}]}}