{"id":15565,"date":"2025-09-25T17:12:02","date_gmt":"2025-09-25T15:12:02","guid":{"rendered":"https:\/\/online.tvk-gaj.pl\/?p=15565"},"modified":"2025-09-25T17:12:02","modified_gmt":"2025-09-25T15:12:02","slug":"w-pierwszych-dniach-jesieni-odwiedzamy-najpopularniejsza-trase-rekreacyjno-spacerowa","status":"publish","type":"post","link":"https:\/\/online.tvk-gaj.pl\/?p=15565","title":{"rendered":"W pierwszych dniach jesieni odwiedzamy najpopularniejsz\u0105 tras\u0119 rekreacyjno-spacerow\u0105"},"content":{"rendered":"\n<figure class=\"wp-block-image size-large\"><img loading=\"lazy\" decoding=\"async\" width=\"1024\" height=\"768\" src=\"https:\/\/online.tvk-gaj.pl\/wp-content\/uploads\/2025\/09\/552605854_1719637382310403_2296489852469363351_n-1-1024x768.jpg\" alt=\"\" class=\"wp-image-15566\" srcset=\"https:\/\/online.tvk-gaj.pl\/wp-content\/uploads\/2025\/09\/552605854_1719637382310403_2296489852469363351_n-1-1024x768.jpg 1024w, https:\/\/online.tvk-gaj.pl\/wp-content\/uploads\/2025\/09\/552605854_1719637382310403_2296489852469363351_n-1-300x225.jpg 300w, https:\/\/online.tvk-gaj.pl\/wp-content\/uploads\/2025\/09\/552605854_1719637382310403_2296489852469363351_n-1-768x576.jpg 768w, https:\/\/online.tvk-gaj.pl\/wp-content\/uploads\/2025\/09\/552605854_1719637382310403_2296489852469363351_n-1-1536x1152.jpg 1536w, https:\/\/online.tvk-gaj.pl\/wp-content\/uploads\/2025\/09\/552605854_1719637382310403_2296489852469363351_n-1.jpg 2048w\" sizes=\"auto, (max-width: 1024px) 100vw, 1024px\" \/><\/figure>\n\n\n\n<p>Niedawno uzupe\u0142nili\u015bmy odcinek Promenady Krzyckiej na Gaju o wydzielony ci\u0105g pieszy i w\u0142a\u015bnie <a href=\"https:\/\/www.facebook.com\/zdium?__cft__[0]=AZWKruDIEBB8Q8oTHbrUSOqFNZ1IOY_mleMqGz_YihYD3c8bedwZAuj5EzKKuC0JGSvVTIjwoPItsB-w3dKmWDxMTj4aoc15Mk7Ks6NRuY_CXUAimbXZfTmROBUJQ3RqsLwztezTF34c__Cq6rcAPBTgPrt2JVQ0HadMrpTGlKtIn5tHH_Wq-9cQ1qxAU89Ld17_vJIy6jWdqYraiRxTltbDT-mwq8qWrQzC076twcuLRQ&amp;__tn__=-]K-y-R\">Zarz\u0105d Dr\u00f3g i Utrzymania Miasta we Wroc\u0142awiu<\/a> odebra\u0142 nowe o\u015bwietlenie na odcinku pomi\u0119dzy Spisk\u0105 a Borowsk\u0105. Przeja\u017cd\u017cki i spacery w\u015br\u00f3d tak bujnej zieleni b\u0119d\u0105 jeszcze przyjemniejsze <\/p>\n\n\n\n<p>A co s\u0142ycha\u0107 na projektowanych odcinkach w kierunku Krzyckiej, Rac\u0142awickiej i Hallera?<\/p>\n\n\n\n<p>Projektowanie odcinka Krzycka &#8211; Rac\u0142awicka dobiega powoli ko\u0144ca, powinni\u015bmy jeszcze w tym roku uzyska\u0107 pozwolenie na budow\u0119 aby og\u0142osi\u0107 przetarg na realizacj\u0119 z pocz\u0105tkiem 2026r.<\/p>\n\n\n\n<p>Proces projektowy na odcinku Rac\u0142awicka &#8211; Hallera potrwa do wiosny, w mi\u0119dzyczasie planujemy zacz\u0105\u0107 projektowanie przejazd\u00f3w rowerowych  przez Hallera, Powsta\u0144c\u00f3w, \u015al\u0119\u017cn\u0105 i Wy\u015bcigow\u0105.<\/p>\n\n\n\n<figure class=\"wp-block-image size-large\"><img loading=\"lazy\" decoding=\"async\" width=\"1024\" height=\"768\" src=\"https:\/\/online.tvk-gaj.pl\/wp-content\/uploads\/2025\/09\/552295297_1719637385643736_489358036214129489_n-1024x768.jpg\" alt=\"\" class=\"wp-image-15567\" srcset=\"https:\/\/online.tvk-gaj.pl\/wp-content\/uploads\/2025\/09\/552295297_1719637385643736_489358036214129489_n-1024x768.jpg 1024w, https:\/\/online.tvk-gaj.pl\/wp-content\/uploads\/2025\/09\/552295297_1719637385643736_489358036214129489_n-300x225.jpg 300w, https:\/\/online.tvk-gaj.pl\/wp-content\/uploads\/2025\/09\/552295297_1719637385643736_489358036214129489_n-768x576.jpg 768w, https:\/\/online.tvk-gaj.pl\/wp-content\/uploads\/2025\/09\/552295297_1719637385643736_489358036214129489_n-1536x1152.jpg 1536w, https:\/\/online.tvk-gaj.pl\/wp-content\/uploads\/2025\/09\/552295297_1719637385643736_489358036214129489_n.jpg 2048w\" sizes=\"auto, (max-width: 1024px) 100vw, 1024px\" \/><\/figure>\n\n\n\n<figure class=\"wp-block-image size-large\"><img loading=\"lazy\" decoding=\"async\" width=\"1024\" height=\"768\" src=\"https:\/\/online.tvk-gaj.pl\/wp-content\/uploads\/2025\/09\/552250937_1719637388977069_3004387707599806439_n-1024x768.jpg\" alt=\"\" class=\"wp-image-15568\" srcset=\"https:\/\/online.tvk-gaj.pl\/wp-content\/uploads\/2025\/09\/552250937_1719637388977069_3004387707599806439_n-1024x768.jpg 1024w, https:\/\/online.tvk-gaj.pl\/wp-content\/uploads\/2025\/09\/552250937_1719637388977069_3004387707599806439_n-300x225.jpg 300w, https:\/\/online.tvk-gaj.pl\/wp-content\/uploads\/2025\/09\/552250937_1719637388977069_3004387707599806439_n-768x576.jpg 768w, https:\/\/online.tvk-gaj.pl\/wp-content\/uploads\/2025\/09\/552250937_1719637388977069_3004387707599806439_n-1536x1152.jpg 1536w, https:\/\/online.tvk-gaj.pl\/wp-content\/uploads\/2025\/09\/552250937_1719637388977069_3004387707599806439_n.jpg 2048w\" sizes=\"auto, (max-width: 1024px) 100vw, 1024px\" \/><\/figure>\n\n\n\n<p>\u017ar\u00f3d\u0142o : <a href=\"https:\/\/www.facebook.com\/biuroprasoweUMW\">https:\/\/www.facebook.com\/biuroprasoweUMW<\/a><\/p>\n\n\n\n<p><\/p>\n","protected":false},"excerpt":{"rendered":"<p>Niedawno uzupe\u0142nili\u015bmy odcinek Promenady Krzyckiej na Gaju o wydzielony ci\u0105g pieszy i w\u0142a\u015bnie Zarz\u0105d Dr\u00f3g i Utrzymania Miasta we Wroc\u0142awiu odebra\u0142 nowe o\u015bwietlenie na odcinku pomi\u0119dzy Spisk\u0105 a Borowsk\u0105. Przeja\u017cd\u017cki i spacery w\u015br\u00f3d tak bujnej zieleni b\u0119d\u0105 jeszcze przyjemniejsze A co s\u0142ycha\u0107 na projektowanych odcinkach w kierunku Krzyckiej, Rac\u0142awickiej i Hallera? Projektowanie odcinka Krzycka &#8211; [&hellip;]<\/p>\n","protected":false},"author":3,"featured_media":15566,"comment_status":"closed","ping_status":"open","sticky":false,"template":"","format":"standard","meta":{"footnotes":""},"categories":[14,12],"tags":[112,1134],"class_list":["post-15565","post","type-post","status-publish","format-standard","has-post-thumbnail","hentry","category-aktualnosci","category-artykuly","tag-gaj","tag-promenada"],"_links":{"self":[{"href":"https:\/\/online.tvk-gaj.pl\/index.php?rest_route=\/wp\/v2\/posts\/15565","targetHints":{"allow":["GET"]}}],"collection":[{"href":"https:\/\/online.tvk-gaj.pl\/index.php?rest_route=\/wp\/v2\/posts"}],"about":[{"href":"https:\/\/online.tvk-gaj.pl\/index.php?rest_route=\/wp\/v2\/types\/post"}],"author":[{"embeddable":true,"href":"https:\/\/online.tvk-gaj.pl\/index.php?rest_route=\/wp\/v2\/users\/3"}],"replies":[{"embeddable":true,"href":"https:\/\/online.tvk-gaj.pl\/index.php?rest_route=%2Fwp%2Fv2%2Fcomments&post=15565"}],"version-history":[{"count":1,"href":"https:\/\/online.tvk-gaj.pl\/index.php?rest_route=\/wp\/v2\/posts\/15565\/revisions"}],"predecessor-version":[{"id":15569,"href":"https:\/\/online.tvk-gaj.pl\/index.php?rest_route=\/wp\/v2\/posts\/15565\/revisions\/15569"}],"wp:featuredmedia":[{"embeddable":true,"href":"https:\/\/online.tvk-gaj.pl\/index.php?rest_route=\/wp\/v2\/media\/15566"}],"wp:attachment":[{"href":"https:\/\/online.tvk-gaj.pl\/index.php?rest_route=%2Fwp%2Fv2%2Fmedia&parent=15565"}],"wp:term":[{"taxonomy":"category","embeddable":true,"href":"https:\/\/online.tvk-gaj.pl\/index.php?rest_route=%2Fwp%2Fv2%2Fcategories&post=15565"},{"taxonomy":"post_tag","embeddable":true,"href":"https:\/\/online.tvk-gaj.pl\/index.php?rest_route=%2Fwp%2Fv2%2Ftags&post=15565"}],"curies":[{"name":"wp","href":"https:\/\/api.w.org\/{rel}","templated":true}]}}