{"id":15570,"date":"2025-09-25T17:17:08","date_gmt":"2025-09-25T15:17:08","guid":{"rendered":"https:\/\/online.tvk-gaj.pl\/?p=15570"},"modified":"2025-09-25T17:17:44","modified_gmt":"2025-09-25T15:17:44","slug":"jak-odnowic-podworko-przy-krynickiej-54-92-spotkanie-konsultacyjne","status":"publish","type":"post","link":"https:\/\/online.tvk-gaj.pl\/?p=15570","title":{"rendered":"Jak odnowi\u0107 podw\u00f3rko przy Krynickiej 54-92? &#8211; spotkanie konsultacyjne"},"content":{"rendered":"\n<p>\u017ar\u00f3d\u0142o : <a href=\"https:\/\/www.wroclaw.pl\/rozmawia\/jak-odnowic-podworko-przy-krynickiej-54-92\">https:\/\/www.wroclaw.pl\/rozmawia\/jak-odnowic-podworko-przy-krynickiej-54-92<\/a><\/p>\n\n\n\n<p>Spotkanie konsultacyjne dotycz\u0105ce zagospodarowania podw\u00f3rka gminnego przy ul. Krynickiej 54-92.<\/p>\n\n\n\n<figure class=\"wp-block-image size-large\"><img loading=\"lazy\" decoding=\"async\" width=\"725\" height=\"1024\" src=\"https:\/\/online.tvk-gaj.pl\/wp-content\/uploads\/2025\/09\/Jak-odnowic-podworko-przy-Krynickiej-54-92_page-0001-725x1024.jpg\" alt=\"\" class=\"wp-image-15572\" srcset=\"https:\/\/online.tvk-gaj.pl\/wp-content\/uploads\/2025\/09\/Jak-odnowic-podworko-przy-Krynickiej-54-92_page-0001-725x1024.jpg 725w, https:\/\/online.tvk-gaj.pl\/wp-content\/uploads\/2025\/09\/Jak-odnowic-podworko-przy-Krynickiej-54-92_page-0001-212x300.jpg 212w, https:\/\/online.tvk-gaj.pl\/wp-content\/uploads\/2025\/09\/Jak-odnowic-podworko-przy-Krynickiej-54-92_page-0001-768x1085.jpg 768w, https:\/\/online.tvk-gaj.pl\/wp-content\/uploads\/2025\/09\/Jak-odnowic-podworko-przy-Krynickiej-54-92_page-0001-1087x1536.jpg 1087w, https:\/\/online.tvk-gaj.pl\/wp-content\/uploads\/2025\/09\/Jak-odnowic-podworko-przy-Krynickiej-54-92_page-0001-1449x2048.jpg 1449w, https:\/\/online.tvk-gaj.pl\/wp-content\/uploads\/2025\/09\/Jak-odnowic-podworko-przy-Krynickiej-54-92_page-0001.jpg 1755w\" sizes=\"auto, (max-width: 725px) 100vw, 725px\" \/><\/figure>\n\n\n\n<p>Konsultacje realizuje&nbsp;<a href=\"http:\/\/www.feps.pl\/\" target=\"_blank\" rel=\"noreferrer noopener\">Fundacja na Rzecz Studi\u00f3w Europejskich&nbsp;<\/a>w ramach zadania publicznego wsp\u00f3\u0142finansowanego ze \u015brodk\u00f3w Gminy Wroc\u0142aw.<\/p>\n\n\n\n<figure class=\"wp-block-image size-large\"><img loading=\"lazy\" decoding=\"async\" width=\"1024\" height=\"650\" src=\"https:\/\/online.tvk-gaj.pl\/wp-content\/uploads\/2025\/09\/Krynicka_mapka-1024x650.png\" alt=\"\" class=\"wp-image-15571\" srcset=\"https:\/\/online.tvk-gaj.pl\/wp-content\/uploads\/2025\/09\/Krynicka_mapka-1024x650.png 1024w, https:\/\/online.tvk-gaj.pl\/wp-content\/uploads\/2025\/09\/Krynicka_mapka-300x190.png 300w, https:\/\/online.tvk-gaj.pl\/wp-content\/uploads\/2025\/09\/Krynicka_mapka-768x487.png 768w, https:\/\/online.tvk-gaj.pl\/wp-content\/uploads\/2025\/09\/Krynicka_mapka.png 1461w\" sizes=\"auto, (max-width: 1024px) 100vw, 1024px\" \/><\/figure>\n\n\n\n<p>Co konsultujemy?<\/p>\n\n\n\n<p>Jest to wst\u0119pne spotkanie dotycz\u0105ce wn\u0119trza mi\u0119dzyblokowego w lokalizacji: ul. Krynicka (dzia\u0142ka nr 2\/79; 2\/80; 2\/81; 2\/61; 2\/62; 2\/63; 2\/64 AR-10 Gaj).&nbsp;<\/p>\n\n\n\n<p>Spotkanie ma charakter wst\u0119pny i pos\u0142u\u017cy do zebrania opinii oraz pomys\u0142\u00f3w, na podstawie kt\u00f3rych powstanie koncepcja projektowa. Projekt jest elementem Funduszu Osiedlowego zg\u0142oszonego przez Rad\u0119 Osiedla Gaj.&nbsp;<\/p>\n\n\n\n<p>Chcemy porozmawia\u0107 o:<\/p>\n\n\n\n<ul class=\"wp-block-list\">\n<li>drogach dojazdowych<\/li>\n\n\n\n<li>chodnikach<\/li>\n\n\n\n<li>miejscach parkingowych<\/li>\n\n\n\n<li>terenach zielonych<\/li>\n\n\n\n<li>miejscach rekreacji<\/li>\n\n\n\n<li>miejscach gromadzenia odpad\u00f3w<\/li>\n\n\n\n<li>infrastrukturze podziemnej<\/li>\n\n\n\n<li>oraz o\u015bwietleniu.<\/li>\n<\/ul>\n\n\n\n<p><strong>Na spotkanie zapraszamy r\u00f3wnie\u017c dzieci i m\u0142odzie\u017c.<\/strong>&nbsp;Na miejscu b\u0119dzie animatorka, kt\u00f3rej zadaniem b\u0119dzie wys\u0142uchanie opinii tej grupy.<\/p>\n\n\n\n<p>Termin<\/p>\n\n\n\n<p>2 pa\u017adziernika 2025 r., g. 17.30<\/p>\n\n\n\n<p>Miejsce spotkania: b\u0142\u0119kitny w\u00f3zek na podw\u00f3rku.<\/p>\n\n\n\n<p>Efekt<\/p>\n\n\n\n<p>Notatka z konsultacji z informacj\u0105 o uwzgl\u0119dnionych opiniach.<\/p>\n\n\n\n<p><\/p>\n","protected":false},"excerpt":{"rendered":"<p>\u017ar\u00f3d\u0142o : https:\/\/www.wroclaw.pl\/rozmawia\/jak-odnowic-podworko-przy-krynickiej-54-92 Spotkanie konsultacyjne dotycz\u0105ce zagospodarowania podw\u00f3rka gminnego przy ul. Krynickiej 54-92. Konsultacje realizuje&nbsp;Fundacja na Rzecz Studi\u00f3w Europejskich&nbsp;w ramach zadania publicznego wsp\u00f3\u0142finansowanego ze \u015brodk\u00f3w Gminy Wroc\u0142aw. Co konsultujemy? Jest to wst\u0119pne spotkanie dotycz\u0105ce wn\u0119trza mi\u0119dzyblokowego w lokalizacji: ul. Krynicka (dzia\u0142ka nr 2\/79; 2\/80; 2\/81; 2\/61; 2\/62; 2\/63; 2\/64 AR-10 Gaj).&nbsp; Spotkanie ma charakter wst\u0119pny [&hellip;]<\/p>\n","protected":false},"author":3,"featured_media":15571,"comment_status":"closed","ping_status":"open","sticky":false,"template":"","format":"standard","meta":{"footnotes":""},"categories":[14,12],"tags":[112,805],"class_list":["post-15570","post","type-post","status-publish","format-standard","has-post-thumbnail","hentry","category-aktualnosci","category-artykuly","tag-gaj","tag-konsultacje"],"_links":{"self":[{"href":"https:\/\/online.tvk-gaj.pl\/index.php?rest_route=\/wp\/v2\/posts\/15570","targetHints":{"allow":["GET"]}}],"collection":[{"href":"https:\/\/online.tvk-gaj.pl\/index.php?rest_route=\/wp\/v2\/posts"}],"about":[{"href":"https:\/\/online.tvk-gaj.pl\/index.php?rest_route=\/wp\/v2\/types\/post"}],"author":[{"embeddable":true,"href":"https:\/\/online.tvk-gaj.pl\/index.php?rest_route=\/wp\/v2\/users\/3"}],"replies":[{"embeddable":true,"href":"https:\/\/online.tvk-gaj.pl\/index.php?rest_route=%2Fwp%2Fv2%2Fcomments&post=15570"}],"version-history":[{"count":2,"href":"https:\/\/online.tvk-gaj.pl\/index.php?rest_route=\/wp\/v2\/posts\/15570\/revisions"}],"predecessor-version":[{"id":15574,"href":"https:\/\/online.tvk-gaj.pl\/index.php?rest_route=\/wp\/v2\/posts\/15570\/revisions\/15574"}],"wp:featuredmedia":[{"embeddable":true,"href":"https:\/\/online.tvk-gaj.pl\/index.php?rest_route=\/wp\/v2\/media\/15571"}],"wp:attachment":[{"href":"https:\/\/online.tvk-gaj.pl\/index.php?rest_route=%2Fwp%2Fv2%2Fmedia&parent=15570"}],"wp:term":[{"taxonomy":"category","embeddable":true,"href":"https:\/\/online.tvk-gaj.pl\/index.php?rest_route=%2Fwp%2Fv2%2Fcategories&post=15570"},{"taxonomy":"post_tag","embeddable":true,"href":"https:\/\/online.tvk-gaj.pl\/index.php?rest_route=%2Fwp%2Fv2%2Ftags&post=15570"}],"curies":[{"name":"wp","href":"https:\/\/api.w.org\/{rel}","templated":true}]}}