{"id":15575,"date":"2025-09-27T19:40:54","date_gmt":"2025-09-27T17:40:54","guid":{"rendered":"https:\/\/online.tvk-gaj.pl\/?p=15575"},"modified":"2025-09-27T19:41:53","modified_gmt":"2025-09-27T17:41:53","slug":"iii-turniej-niepodleglosci-na-gaju","status":"publish","type":"post","link":"https:\/\/online.tvk-gaj.pl\/?p=15575","title":{"rendered":"III Turniej Niepodleg\u0142o\u015bci na Gaju"},"content":{"rendered":"\n<p>Zapraszamy na wyj\u0105tkowe sportowe \u015bwi\u0119to z okazji Dnia Niepodleg\u0142o\u015bci!<br>Kiedy: 11 listopada 2025<br>Gdzie: Boisko Orzechowa, Wroc\u0142aw<br>Harmonogram:<br>9:00 \u2013 11:30 \u2192 rocznik 2019\/2020<br>12:00 \u2013 14:00 \u2192 rocznik 2017\/2018<br>14:30 \u2013 16:30 \u2192 rocznik 2016<br>B\u0119dzie du\u017co pi\u0142karskich emocji, rado\u015bci i sportowej rywalizacji w bia\u0142o-czerwonych barwach! <br>Przyjd\u017acie kibicowa\u0107 m\u0142odym pi\u0142karzom <br>Organizator :<br>Jerzy Juszczak<br>500 455 030<\/p>\n\n\n\n<figure class=\"wp-block-image size-large\"><img loading=\"lazy\" decoding=\"async\" width=\"650\" height=\"1024\" src=\"https:\/\/online.tvk-gaj.pl\/wp-content\/uploads\/2025\/09\/555939010_1488088176240287_9007101812145063013_n-650x1024.jpg\" alt=\"\" class=\"wp-image-15576\" srcset=\"https:\/\/online.tvk-gaj.pl\/wp-content\/uploads\/2025\/09\/555939010_1488088176240287_9007101812145063013_n-650x1024.jpg 650w, https:\/\/online.tvk-gaj.pl\/wp-content\/uploads\/2025\/09\/555939010_1488088176240287_9007101812145063013_n-190x300.jpg 190w, https:\/\/online.tvk-gaj.pl\/wp-content\/uploads\/2025\/09\/555939010_1488088176240287_9007101812145063013_n-768x1210.jpg 768w, https:\/\/online.tvk-gaj.pl\/wp-content\/uploads\/2025\/09\/555939010_1488088176240287_9007101812145063013_n-975x1536.jpg 975w, https:\/\/online.tvk-gaj.pl\/wp-content\/uploads\/2025\/09\/555939010_1488088176240287_9007101812145063013_n.jpg 1300w\" sizes=\"auto, (max-width: 650px) 100vw, 650px\" \/><\/figure>\n","protected":false},"excerpt":{"rendered":"<p>Zapraszamy na wyj\u0105tkowe sportowe \u015bwi\u0119to z okazji Dnia Niepodleg\u0142o\u015bci!Kiedy: 11 listopada 2025Gdzie: Boisko Orzechowa, Wroc\u0142awHarmonogram:9:00 \u2013 11:30 \u2192 rocznik 2019\/202012:00 \u2013 14:00 \u2192 rocznik 2017\/201814:30 \u2013 16:30 \u2192 rocznik 2016B\u0119dzie du\u017co pi\u0142karskich emocji, rado\u015bci i sportowej rywalizacji w bia\u0142o-czerwonych barwach! Przyjd\u017acie kibicowa\u0107 m\u0142odym pi\u0142karzom Organizator :Jerzy Juszczak500 455 030<\/p>\n","protected":false},"author":3,"featured_media":15365,"comment_status":"closed","ping_status":"open","sticky":false,"template":"","format":"standard","meta":{"footnotes":""},"categories":[14,12],"tags":[],"class_list":["post-15575","post","type-post","status-publish","format-standard","has-post-thumbnail","hentry","category-aktualnosci","category-artykuly"],"_links":{"self":[{"href":"https:\/\/online.tvk-gaj.pl\/index.php?rest_route=\/wp\/v2\/posts\/15575","targetHints":{"allow":["GET"]}}],"collection":[{"href":"https:\/\/online.tvk-gaj.pl\/index.php?rest_route=\/wp\/v2\/posts"}],"about":[{"href":"https:\/\/online.tvk-gaj.pl\/index.php?rest_route=\/wp\/v2\/types\/post"}],"author":[{"embeddable":true,"href":"https:\/\/online.tvk-gaj.pl\/index.php?rest_route=\/wp\/v2\/users\/3"}],"replies":[{"embeddable":true,"href":"https:\/\/online.tvk-gaj.pl\/index.php?rest_route=%2Fwp%2Fv2%2Fcomments&post=15575"}],"version-history":[{"count":1,"href":"https:\/\/online.tvk-gaj.pl\/index.php?rest_route=\/wp\/v2\/posts\/15575\/revisions"}],"predecessor-version":[{"id":15577,"href":"https:\/\/online.tvk-gaj.pl\/index.php?rest_route=\/wp\/v2\/posts\/15575\/revisions\/15577"}],"wp:featuredmedia":[{"embeddable":true,"href":"https:\/\/online.tvk-gaj.pl\/index.php?rest_route=\/wp\/v2\/media\/15365"}],"wp:attachment":[{"href":"https:\/\/online.tvk-gaj.pl\/index.php?rest_route=%2Fwp%2Fv2%2Fmedia&parent=15575"}],"wp:term":[{"taxonomy":"category","embeddable":true,"href":"https:\/\/online.tvk-gaj.pl\/index.php?rest_route=%2Fwp%2Fv2%2Fcategories&post=15575"},{"taxonomy":"post_tag","embeddable":true,"href":"https:\/\/online.tvk-gaj.pl\/index.php?rest_route=%2Fwp%2Fv2%2Ftags&post=15575"}],"curies":[{"name":"wp","href":"https:\/\/api.w.org\/{rel}","templated":true}]}}