{"id":15579,"date":"2025-10-07T12:57:24","date_gmt":"2025-10-07T10:57:24","guid":{"rendered":"https:\/\/online.tvk-gaj.pl\/?p=15579"},"modified":"2025-10-07T12:57:24","modified_gmt":"2025-10-07T10:57:24","slug":"ponad-polowa-promenady-krzyckiej-mozna-juz-jezdzic","status":"publish","type":"post","link":"https:\/\/online.tvk-gaj.pl\/?p=15579","title":{"rendered":"Ponad po\u0142ow\u0105 Promenady Krzyckiej mo\u017cna ju\u017c je\u017adzi\u0107"},"content":{"rendered":"\n<p>Kiedy kolejne odcinki? <\/p>\n\n\n\n<figure class=\"wp-block-image size-large\"><img loading=\"lazy\" decoding=\"async\" width=\"1024\" height=\"723\" src=\"https:\/\/online.tvk-gaj.pl\/wp-content\/uploads\/2025\/10\/559422793_1407142004746626_2850558030930936283_n-1024x723.jpg\" alt=\"\" class=\"wp-image-15580\" srcset=\"https:\/\/online.tvk-gaj.pl\/wp-content\/uploads\/2025\/10\/559422793_1407142004746626_2850558030930936283_n-1024x723.jpg 1024w, https:\/\/online.tvk-gaj.pl\/wp-content\/uploads\/2025\/10\/559422793_1407142004746626_2850558030930936283_n-300x212.jpg 300w, https:\/\/online.tvk-gaj.pl\/wp-content\/uploads\/2025\/10\/559422793_1407142004746626_2850558030930936283_n-768x542.jpg 768w, https:\/\/online.tvk-gaj.pl\/wp-content\/uploads\/2025\/10\/559422793_1407142004746626_2850558030930936283_n.jpg 1183w\" sizes=\"auto, (max-width: 1024px) 100vw, 1024px\" \/><\/figure>\n\n\n\n<p>Na <a><\/a>po\u0142udniu Wroc\u0142awia powstaje wyj\u0105tkowa trasa spacerowo-rowerowa, kt\u00f3ra po\u0142\u0105czy Wzg\u00f3rze Tarnogajskie z ul. Grabiszy\u0144sk\u0105. Obecnie dost\u0119pna jest ju\u017c cz\u0119\u015b\u0107 mi\u0119dzy p\u0119tl\u0105 Park Po\u0142udniowy a Wzg\u00f3rzem Tarnogajskim \u2013 to oko\u0142o 4 km kameralnej, cz\u0119\u015bciowo o\u015bwietlonej trasy w\u015br\u00f3d zieleni.<\/p>\n\n\n\n<p>Co w planach? <\/p>\n\n\n\n<p>&#8211; Odcinek Krzycka \u2013 Rac\u0142awicka: projekt wkr\u00f3tce gotowy, przetarg na budow\u0119 na pocz\u0105tku nowego roku.<\/p>\n\n\n\n<p>&#8211; Odcinek Rac\u0142awicka \u2013 Hallera: projektowanie zako\u0144czy si\u0119 wiosn\u0105 2026 r.<\/p>\n\n\n\n<p>&#8211; Odcinki Hallera \u2013 Grabiszy\u0144ska i Krzycka \u2013 \u015al\u0119\u017cna: przygotowanie do przetargu.<\/p>\n\n\n\n<p>W 2024 roku otwarto fragment Spiska \u2013 \u015al\u0119\u017cna, z 42 latarniami, 26 \u0142awkami i wygodnymi \u015bcie\u017ckami. Dodatkowo powsta\u0142 osobny chodnik w Gaju dla jeszcze wi\u0119kszego komfortu spacerowicz\u00f3w i biegaczy. <\/p>\n\n\n\n<p>Historia i przysz\u0142o\u015b\u0107:<\/p>\n\n\n\n<p>Historia trasy, dzi\u015b nazywanej Promenad\u0105 Krzyck\u0105, si\u0119ga drugiej po\u0142owy XIX wieku i jest zwi\u0105zana z tworzon\u0105 wtedy lini\u0105 kolejow\u0105 do \u015awidnicy przez Sob\u00f3tk\u0119.<\/p>\n\n\n\n<p>Chcesz wiedzie\u0107 wi\u0119cej? Zapraszamy na nasz\u0105 stron\u0119:<\/p>\n\n\n\n<p><a href=\"https:\/\/wro.news\/promenada-krzycka-wroclaw-10.25\">https:\/\/wro.news\/promenada-krzycka-wroclaw-10.25<\/a><\/p>\n\n\n\n<figure class=\"wp-block-image size-large\"><img loading=\"lazy\" decoding=\"async\" width=\"1024\" height=\"656\" src=\"https:\/\/online.tvk-gaj.pl\/wp-content\/uploads\/2025\/10\/558559211_1407139351413558_5681180233098022172_n-1024x656.jpg\" alt=\"\" class=\"wp-image-15581\" srcset=\"https:\/\/online.tvk-gaj.pl\/wp-content\/uploads\/2025\/10\/558559211_1407139351413558_5681180233098022172_n-1024x656.jpg 1024w, https:\/\/online.tvk-gaj.pl\/wp-content\/uploads\/2025\/10\/558559211_1407139351413558_5681180233098022172_n-300x192.jpg 300w, https:\/\/online.tvk-gaj.pl\/wp-content\/uploads\/2025\/10\/558559211_1407139351413558_5681180233098022172_n-768x492.jpg 768w, https:\/\/online.tvk-gaj.pl\/wp-content\/uploads\/2025\/10\/558559211_1407139351413558_5681180233098022172_n-1536x984.jpg 1536w, https:\/\/online.tvk-gaj.pl\/wp-content\/uploads\/2025\/10\/558559211_1407139351413558_5681180233098022172_n.jpg 1680w\" sizes=\"auto, (max-width: 1024px) 100vw, 1024px\" \/><\/figure>\n\n\n\n<p>\u017ar\u00f3d\u0142o : <a href=\"https:\/\/www.facebook.com\/PortalWroclawPL\">https:\/\/www.facebook.com\/PortalWroclawPL<\/a><\/p>\n","protected":false},"excerpt":{"rendered":"<p>Kiedy kolejne odcinki? Na po\u0142udniu Wroc\u0142awia powstaje wyj\u0105tkowa trasa spacerowo-rowerowa, kt\u00f3ra po\u0142\u0105czy Wzg\u00f3rze Tarnogajskie z ul. Grabiszy\u0144sk\u0105. Obecnie dost\u0119pna jest ju\u017c cz\u0119\u015b\u0107 mi\u0119dzy p\u0119tl\u0105 Park Po\u0142udniowy a Wzg\u00f3rzem Tarnogajskim \u2013 to oko\u0142o 4 km kameralnej, cz\u0119\u015bciowo o\u015bwietlonej trasy w\u015br\u00f3d zieleni. Co w planach? &#8211; Odcinek Krzycka \u2013 Rac\u0142awicka: projekt wkr\u00f3tce gotowy, przetarg na budow\u0119 na [&hellip;]<\/p>\n","protected":false},"author":3,"featured_media":15581,"comment_status":"closed","ping_status":"open","sticky":false,"template":"","format":"standard","meta":{"footnotes":""},"categories":[14,12],"tags":[112,1134],"class_list":["post-15579","post","type-post","status-publish","format-standard","has-post-thumbnail","hentry","category-aktualnosci","category-artykuly","tag-gaj","tag-promenada"],"_links":{"self":[{"href":"https:\/\/online.tvk-gaj.pl\/index.php?rest_route=\/wp\/v2\/posts\/15579","targetHints":{"allow":["GET"]}}],"collection":[{"href":"https:\/\/online.tvk-gaj.pl\/index.php?rest_route=\/wp\/v2\/posts"}],"about":[{"href":"https:\/\/online.tvk-gaj.pl\/index.php?rest_route=\/wp\/v2\/types\/post"}],"author":[{"embeddable":true,"href":"https:\/\/online.tvk-gaj.pl\/index.php?rest_route=\/wp\/v2\/users\/3"}],"replies":[{"embeddable":true,"href":"https:\/\/online.tvk-gaj.pl\/index.php?rest_route=%2Fwp%2Fv2%2Fcomments&post=15579"}],"version-history":[{"count":1,"href":"https:\/\/online.tvk-gaj.pl\/index.php?rest_route=\/wp\/v2\/posts\/15579\/revisions"}],"predecessor-version":[{"id":15582,"href":"https:\/\/online.tvk-gaj.pl\/index.php?rest_route=\/wp\/v2\/posts\/15579\/revisions\/15582"}],"wp:featuredmedia":[{"embeddable":true,"href":"https:\/\/online.tvk-gaj.pl\/index.php?rest_route=\/wp\/v2\/media\/15581"}],"wp:attachment":[{"href":"https:\/\/online.tvk-gaj.pl\/index.php?rest_route=%2Fwp%2Fv2%2Fmedia&parent=15579"}],"wp:term":[{"taxonomy":"category","embeddable":true,"href":"https:\/\/online.tvk-gaj.pl\/index.php?rest_route=%2Fwp%2Fv2%2Fcategories&post=15579"},{"taxonomy":"post_tag","embeddable":true,"href":"https:\/\/online.tvk-gaj.pl\/index.php?rest_route=%2Fwp%2Fv2%2Ftags&post=15579"}],"curies":[{"name":"wp","href":"https:\/\/api.w.org\/{rel}","templated":true}]}}