{"id":15604,"date":"2025-10-10T21:54:53","date_gmt":"2025-10-10T19:54:53","guid":{"rendered":"https:\/\/online.tvk-gaj.pl\/?p=15604"},"modified":"2025-10-10T21:54:53","modified_gmt":"2025-10-10T19:54:53","slug":"wypadek-na-swieradowskiej","status":"publish","type":"post","link":"https:\/\/online.tvk-gaj.pl\/?p=15604","title":{"rendered":"Wypadek na \u015awieradowskiej"},"content":{"rendered":"\n<p>W \u015arod\u0119 oko\u0142o godziny 16 dosz\u0142o do zderzenia samochodu z tramwajem. Warto podkre\u015bli\u0107, \u017ce to nie pierwszy wypadek w tym miejscu i zapewne niestety nie ostatni.<\/p>\n\n\n\n<figure class=\"wp-block-gallery has-nested-images columns-default is-cropped wp-block-gallery-1 is-layout-flex wp-block-gallery-is-layout-flex\">\n<figure class=\"wp-block-image size-large\"><img loading=\"lazy\" decoding=\"async\" width=\"1024\" height=\"768\" data-id=\"15606\" src=\"https:\/\/online.tvk-gaj.pl\/wp-content\/uploads\/2025\/10\/559008373_1500028311712940_200842639534277071_n-1-1024x768.jpg\" alt=\"\" class=\"wp-image-15606\" srcset=\"https:\/\/online.tvk-gaj.pl\/wp-content\/uploads\/2025\/10\/559008373_1500028311712940_200842639534277071_n-1-1024x768.jpg 1024w, https:\/\/online.tvk-gaj.pl\/wp-content\/uploads\/2025\/10\/559008373_1500028311712940_200842639534277071_n-1-300x225.jpg 300w, https:\/\/online.tvk-gaj.pl\/wp-content\/uploads\/2025\/10\/559008373_1500028311712940_200842639534277071_n-1-768x576.jpg 768w, https:\/\/online.tvk-gaj.pl\/wp-content\/uploads\/2025\/10\/559008373_1500028311712940_200842639534277071_n-1-1536x1152.jpg 1536w, https:\/\/online.tvk-gaj.pl\/wp-content\/uploads\/2025\/10\/559008373_1500028311712940_200842639534277071_n-1.jpg 2048w\" sizes=\"auto, (max-width: 1024px) 100vw, 1024px\" \/><\/figure>\n<\/figure>\n\n\n\n<figure class=\"wp-block-image size-large\"><img loading=\"lazy\" decoding=\"async\" width=\"1024\" height=\"768\" src=\"https:\/\/online.tvk-gaj.pl\/wp-content\/uploads\/2025\/10\/558197197_1500028175046287_7003614437801589666_n-1-1024x768.jpg\" alt=\"\" class=\"wp-image-15607\" srcset=\"https:\/\/online.tvk-gaj.pl\/wp-content\/uploads\/2025\/10\/558197197_1500028175046287_7003614437801589666_n-1-1024x768.jpg 1024w, https:\/\/online.tvk-gaj.pl\/wp-content\/uploads\/2025\/10\/558197197_1500028175046287_7003614437801589666_n-1-300x225.jpg 300w, https:\/\/online.tvk-gaj.pl\/wp-content\/uploads\/2025\/10\/558197197_1500028175046287_7003614437801589666_n-1-768x576.jpg 768w, https:\/\/online.tvk-gaj.pl\/wp-content\/uploads\/2025\/10\/558197197_1500028175046287_7003614437801589666_n-1-1536x1152.jpg 1536w, https:\/\/online.tvk-gaj.pl\/wp-content\/uploads\/2025\/10\/558197197_1500028175046287_7003614437801589666_n-1.jpg 2048w\" sizes=\"auto, (max-width: 1024px) 100vw, 1024px\" \/><\/figure>\n\n\n\n<figure class=\"wp-block-image size-large\"><img loading=\"lazy\" decoding=\"async\" width=\"1024\" height=\"768\" src=\"https:\/\/online.tvk-gaj.pl\/wp-content\/uploads\/2025\/10\/559188698_1500028571712914_1254721879830705656_n-1024x768.jpg\" alt=\"\" class=\"wp-image-15608\" srcset=\"https:\/\/online.tvk-gaj.pl\/wp-content\/uploads\/2025\/10\/559188698_1500028571712914_1254721879830705656_n-1024x768.jpg 1024w, https:\/\/online.tvk-gaj.pl\/wp-content\/uploads\/2025\/10\/559188698_1500028571712914_1254721879830705656_n-300x225.jpg 300w, https:\/\/online.tvk-gaj.pl\/wp-content\/uploads\/2025\/10\/559188698_1500028571712914_1254721879830705656_n-768x576.jpg 768w, https:\/\/online.tvk-gaj.pl\/wp-content\/uploads\/2025\/10\/559188698_1500028571712914_1254721879830705656_n-1536x1152.jpg 1536w, https:\/\/online.tvk-gaj.pl\/wp-content\/uploads\/2025\/10\/559188698_1500028571712914_1254721879830705656_n.jpg 2048w\" sizes=\"auto, (max-width: 1024px) 100vw, 1024px\" \/><\/figure>\n","protected":false},"excerpt":{"rendered":"<p>W \u015arod\u0119 oko\u0142o godziny 16 dosz\u0142o do zderzenia samochodu z tramwajem. Warto podkre\u015bli\u0107, \u017ce to nie pierwszy wypadek w tym miejscu i zapewne niestety nie ostatni.<\/p>\n","protected":false},"author":3,"featured_media":15605,"comment_status":"closed","ping_status":"open","sticky":false,"template":"","format":"standard","meta":{"footnotes":""},"categories":[14,12],"tags":[],"class_list":["post-15604","post","type-post","status-publish","format-standard","has-post-thumbnail","hentry","category-aktualnosci","category-artykuly"],"_links":{"self":[{"href":"https:\/\/online.tvk-gaj.pl\/index.php?rest_route=\/wp\/v2\/posts\/15604","targetHints":{"allow":["GET"]}}],"collection":[{"href":"https:\/\/online.tvk-gaj.pl\/index.php?rest_route=\/wp\/v2\/posts"}],"about":[{"href":"https:\/\/online.tvk-gaj.pl\/index.php?rest_route=\/wp\/v2\/types\/post"}],"author":[{"embeddable":true,"href":"https:\/\/online.tvk-gaj.pl\/index.php?rest_route=\/wp\/v2\/users\/3"}],"replies":[{"embeddable":true,"href":"https:\/\/online.tvk-gaj.pl\/index.php?rest_route=%2Fwp%2Fv2%2Fcomments&post=15604"}],"version-history":[{"count":1,"href":"https:\/\/online.tvk-gaj.pl\/index.php?rest_route=\/wp\/v2\/posts\/15604\/revisions"}],"predecessor-version":[{"id":15611,"href":"https:\/\/online.tvk-gaj.pl\/index.php?rest_route=\/wp\/v2\/posts\/15604\/revisions\/15611"}],"wp:featuredmedia":[{"embeddable":true,"href":"https:\/\/online.tvk-gaj.pl\/index.php?rest_route=\/wp\/v2\/media\/15605"}],"wp:attachment":[{"href":"https:\/\/online.tvk-gaj.pl\/index.php?rest_route=%2Fwp%2Fv2%2Fmedia&parent=15604"}],"wp:term":[{"taxonomy":"category","embeddable":true,"href":"https:\/\/online.tvk-gaj.pl\/index.php?rest_route=%2Fwp%2Fv2%2Fcategories&post=15604"},{"taxonomy":"post_tag","embeddable":true,"href":"https:\/\/online.tvk-gaj.pl\/index.php?rest_route=%2Fwp%2Fv2%2Ftags&post=15604"}],"curies":[{"name":"wp","href":"https:\/\/api.w.org\/{rel}","templated":true}]}}