{"id":15620,"date":"2025-10-23T21:48:51","date_gmt":"2025-10-23T19:48:51","guid":{"rendered":"https:\/\/online.tvk-gaj.pl\/?p=15620"},"modified":"2025-10-23T21:48:51","modified_gmt":"2025-10-23T19:48:51","slug":"fotorelacja-dzien-seniora-w-sp-90","status":"publish","type":"post","link":"https:\/\/online.tvk-gaj.pl\/?p=15620","title":{"rendered":"[Fotorelacja] Dzie\u0144 Seniora w SP 90"},"content":{"rendered":"\n<p>Link do fotorelacji : <a href=\"https:\/\/www.facebook.com\/photo?fbid=1515648246817613&amp;set=pcb.1515651446817293\">https:\/\/www.facebook.com\/photo?fbid=1515648246817613&amp;set=pcb.1515651446817293<\/a><\/p>\n\n\n\n<p>W dniu dzisiejszym, tj. 23.10 w Szkole Podstawowej nr 90 im. Profesora Stanis\u0142awa To\u0142py<br>zaproszeni go\u015bcie zaszczycili swoj\u0105 obecno\u015bci\u0105 Dzie\u0144 Seniora. Ogromne podzi\u0119kowania dla Pani Dyrektor Joanny Sinickiej za wsp\u00f3ln\u0105 organizacj\u0119 tej uroczysto\u015bci. Dzi\u0119kujemy wszystkim za obecno\u015b\u0107 i u\u015bmiechy na twarzach.<\/p>\n\n\n\n<figure class=\"wp-block-image size-large\"><img loading=\"lazy\" decoding=\"async\" width=\"1024\" height=\"768\" src=\"https:\/\/online.tvk-gaj.pl\/wp-content\/uploads\/2025\/10\/569019973_1515652263483878_2418985775913745516_n-1024x768.jpg\" alt=\"\" class=\"wp-image-15621\" srcset=\"https:\/\/online.tvk-gaj.pl\/wp-content\/uploads\/2025\/10\/569019973_1515652263483878_2418985775913745516_n-1024x768.jpg 1024w, https:\/\/online.tvk-gaj.pl\/wp-content\/uploads\/2025\/10\/569019973_1515652263483878_2418985775913745516_n-300x225.jpg 300w, https:\/\/online.tvk-gaj.pl\/wp-content\/uploads\/2025\/10\/569019973_1515652263483878_2418985775913745516_n-768x576.jpg 768w, https:\/\/online.tvk-gaj.pl\/wp-content\/uploads\/2025\/10\/569019973_1515652263483878_2418985775913745516_n-1536x1152.jpg 1536w, https:\/\/online.tvk-gaj.pl\/wp-content\/uploads\/2025\/10\/569019973_1515652263483878_2418985775913745516_n.jpg 2048w\" sizes=\"auto, (max-width: 1024px) 100vw, 1024px\" \/><\/figure>\n","protected":false},"excerpt":{"rendered":"<p>Link do fotorelacji : https:\/\/www.facebook.com\/photo?fbid=1515648246817613&amp;set=pcb.1515651446817293 W dniu dzisiejszym, tj. 23.10 w Szkole Podstawowej nr 90 im. Profesora Stanis\u0142awa To\u0142pyzaproszeni go\u015bcie zaszczycili swoj\u0105 obecno\u015bci\u0105 Dzie\u0144 Seniora. Ogromne podzi\u0119kowania dla Pani Dyrektor Joanny Sinickiej za wsp\u00f3ln\u0105 organizacj\u0119 tej uroczysto\u015bci. Dzi\u0119kujemy wszystkim za obecno\u015b\u0107 i u\u015bmiechy na twarzach.<\/p>\n","protected":false},"author":3,"featured_media":15621,"comment_status":"closed","ping_status":"open","sticky":false,"template":"","format":"standard","meta":{"footnotes":""},"categories":[14,12],"tags":[112,424],"class_list":["post-15620","post","type-post","status-publish","format-standard","has-post-thumbnail","hentry","category-aktualnosci","category-artykuly","tag-gaj","tag-senior"],"_links":{"self":[{"href":"https:\/\/online.tvk-gaj.pl\/index.php?rest_route=\/wp\/v2\/posts\/15620","targetHints":{"allow":["GET"]}}],"collection":[{"href":"https:\/\/online.tvk-gaj.pl\/index.php?rest_route=\/wp\/v2\/posts"}],"about":[{"href":"https:\/\/online.tvk-gaj.pl\/index.php?rest_route=\/wp\/v2\/types\/post"}],"author":[{"embeddable":true,"href":"https:\/\/online.tvk-gaj.pl\/index.php?rest_route=\/wp\/v2\/users\/3"}],"replies":[{"embeddable":true,"href":"https:\/\/online.tvk-gaj.pl\/index.php?rest_route=%2Fwp%2Fv2%2Fcomments&post=15620"}],"version-history":[{"count":1,"href":"https:\/\/online.tvk-gaj.pl\/index.php?rest_route=\/wp\/v2\/posts\/15620\/revisions"}],"predecessor-version":[{"id":15622,"href":"https:\/\/online.tvk-gaj.pl\/index.php?rest_route=\/wp\/v2\/posts\/15620\/revisions\/15622"}],"wp:featuredmedia":[{"embeddable":true,"href":"https:\/\/online.tvk-gaj.pl\/index.php?rest_route=\/wp\/v2\/media\/15621"}],"wp:attachment":[{"href":"https:\/\/online.tvk-gaj.pl\/index.php?rest_route=%2Fwp%2Fv2%2Fmedia&parent=15620"}],"wp:term":[{"taxonomy":"category","embeddable":true,"href":"https:\/\/online.tvk-gaj.pl\/index.php?rest_route=%2Fwp%2Fv2%2Fcategories&post=15620"},{"taxonomy":"post_tag","embeddable":true,"href":"https:\/\/online.tvk-gaj.pl\/index.php?rest_route=%2Fwp%2Fv2%2Ftags&post=15620"}],"curies":[{"name":"wp","href":"https:\/\/api.w.org\/{rel}","templated":true}]}}