{"id":15631,"date":"2025-11-14T20:35:24","date_gmt":"2025-11-14T19:35:24","guid":{"rendered":"https:\/\/online.tvk-gaj.pl\/?p=15631"},"modified":"2026-02-26T17:54:01","modified_gmt":"2026-02-26T16:54:01","slug":"fotorelacja-wyklad-dr-barbary-teisseyre-wulkany-w-dolnoslaskim-krajobrazie-13-11-2025-w-klubie-seniora","status":"publish","type":"post","link":"https:\/\/online.tvk-gaj.pl\/?p=15631","title":{"rendered":"[Fotorelacja] Wyk\u0142ad dr Barbary Teisseyre &#8211; &#8222;Wulkany w Dolno\u015bl\u0105skim krajobrazie&#8221; 13.11.2025 w Klubie Seniora"},"content":{"rendered":"\n<figure class=\"wp-block-image size-large is-resized\"><img loading=\"lazy\" decoding=\"async\" width=\"1024\" height=\"610\" src=\"https:\/\/online.tvk-gaj.pl\/wp-content\/uploads\/2025\/11\/581676250_1537257331323371_873868728251593361_n-1024x610.jpg\" alt=\"\" class=\"wp-image-15632\" style=\"width:530px;height:auto\" srcset=\"https:\/\/online.tvk-gaj.pl\/wp-content\/uploads\/2025\/11\/581676250_1537257331323371_873868728251593361_n-1024x610.jpg 1024w, https:\/\/online.tvk-gaj.pl\/wp-content\/uploads\/2025\/11\/581676250_1537257331323371_873868728251593361_n-300x179.jpg 300w, https:\/\/online.tvk-gaj.pl\/wp-content\/uploads\/2025\/11\/581676250_1537257331323371_873868728251593361_n-768x458.jpg 768w, https:\/\/online.tvk-gaj.pl\/wp-content\/uploads\/2025\/11\/581676250_1537257331323371_873868728251593361_n.jpg 1500w\" sizes=\"auto, (max-width: 1024px) 100vw, 1024px\" \/><\/figure>\n\n\n\n<p>Zapraszamy do obejrzenia fotorelacji z wydarzenia : <\/p>\n\n\n\n<p><a href=\"https:\/\/www.facebook.com\/photo\/?fbid=1537254454656992&amp;set=pcb.1537256717990099\">https:\/\/www.facebook.com\/photo\/?fbid=1537254454656992&amp;set=pcb.1537256717990099<\/a><\/p>\n\n\n\n<p><\/p>\n","protected":false},"excerpt":{"rendered":"<p>Zapraszamy do obejrzenia fotorelacji z wydarzenia : https:\/\/www.facebook.com\/photo\/?fbid=1537254454656992&amp;set=pcb.1537256717990099<\/p>\n","protected":false},"author":3,"featured_media":15632,"comment_status":"closed","ping_status":"open","sticky":false,"template":"","format":"standard","meta":{"footnotes":""},"categories":[14,12,441,1846],"tags":[112,1840],"class_list":["post-15631","post","type-post","status-publish","format-standard","has-post-thumbnail","hentry","category-aktualnosci","category-artykuly","category-klub","category-klub-seniora-na-gaju","tag-gaj","tag-wyklad"],"_links":{"self":[{"href":"https:\/\/online.tvk-gaj.pl\/index.php?rest_route=\/wp\/v2\/posts\/15631","targetHints":{"allow":["GET"]}}],"collection":[{"href":"https:\/\/online.tvk-gaj.pl\/index.php?rest_route=\/wp\/v2\/posts"}],"about":[{"href":"https:\/\/online.tvk-gaj.pl\/index.php?rest_route=\/wp\/v2\/types\/post"}],"author":[{"embeddable":true,"href":"https:\/\/online.tvk-gaj.pl\/index.php?rest_route=\/wp\/v2\/users\/3"}],"replies":[{"embeddable":true,"href":"https:\/\/online.tvk-gaj.pl\/index.php?rest_route=%2Fwp%2Fv2%2Fcomments&post=15631"}],"version-history":[{"count":1,"href":"https:\/\/online.tvk-gaj.pl\/index.php?rest_route=\/wp\/v2\/posts\/15631\/revisions"}],"predecessor-version":[{"id":15633,"href":"https:\/\/online.tvk-gaj.pl\/index.php?rest_route=\/wp\/v2\/posts\/15631\/revisions\/15633"}],"wp:featuredmedia":[{"embeddable":true,"href":"https:\/\/online.tvk-gaj.pl\/index.php?rest_route=\/wp\/v2\/media\/15632"}],"wp:attachment":[{"href":"https:\/\/online.tvk-gaj.pl\/index.php?rest_route=%2Fwp%2Fv2%2Fmedia&parent=15631"}],"wp:term":[{"taxonomy":"category","embeddable":true,"href":"https:\/\/online.tvk-gaj.pl\/index.php?rest_route=%2Fwp%2Fv2%2Fcategories&post=15631"},{"taxonomy":"post_tag","embeddable":true,"href":"https:\/\/online.tvk-gaj.pl\/index.php?rest_route=%2Fwp%2Fv2%2Ftags&post=15631"}],"curies":[{"name":"wp","href":"https:\/\/api.w.org\/{rel}","templated":true}]}}