{"id":15637,"date":"2025-11-28T13:29:53","date_gmt":"2025-11-28T12:29:53","guid":{"rendered":"https:\/\/online.tvk-gaj.pl\/?p=15637"},"modified":"2025-11-28T13:29:53","modified_gmt":"2025-11-28T12:29:53","slug":"ochrona-przestrzeni-pomiedzy-blokami-przy-ul-orzechowej-a-ul-dzialkowa","status":"publish","type":"post","link":"https:\/\/online.tvk-gaj.pl\/?p=15637","title":{"rendered":"Ochrona przestrzeni pomi\u0119dzy blokami przy       ul. Orzechowej, a ul. Dzia\u0142kow\u0105."},"content":{"rendered":"\n<p>Drodzy Mieszka\u0144cy,<\/p>\n\n\n\n<p>w nawi\u0105zaniu do akcji zbierania g\u0142os\u00f3w w sprawie ochrony przestrzeni pomi\u0119dzy blokami przy<br>ul. Orzechowej, a ul. Dzia\u0142kow\u0105. (Link poni\u017cej)<\/p>\n\n\n\n<p><a href=\"https:\/\/www.facebook.com\/share\/p\/1GGzbYxtoG\">https:\/\/www.facebook.com\/share\/p\/1GGzbYxtoG<\/a><\/p>\n\n\n\n<p>Zamieszczamy informacj\u0119, \u017ce na ten moment uda\u0142o si\u0119 mieszka\u0144com i RO wstrzyma\u0107 dalsz\u0105 jego zabudow\u0119 i przeznaczy\u0107 ten teren do zagospodarowania zgodnie z postulatem mieszka\u0144c\u00f3w. Wniosek do wydzia\u0142u planowania przestrzennego o uchwalenie odpowiedniego planu na tym terenie zosta\u0142 ju\u017c z\u0142o\u017cony.<\/p>\n\n\n\n<figure class=\"wp-block-image size-large\"><img loading=\"lazy\" decoding=\"async\" width=\"724\" height=\"1024\" src=\"https:\/\/online.tvk-gaj.pl\/wp-content\/uploads\/2025\/11\/589236910_1549666803415757_1219070425892082424_n-724x1024.jpg\" alt=\"\" class=\"wp-image-15638\" srcset=\"https:\/\/online.tvk-gaj.pl\/wp-content\/uploads\/2025\/11\/589236910_1549666803415757_1219070425892082424_n-724x1024.jpg 724w, https:\/\/online.tvk-gaj.pl\/wp-content\/uploads\/2025\/11\/589236910_1549666803415757_1219070425892082424_n-212x300.jpg 212w, https:\/\/online.tvk-gaj.pl\/wp-content\/uploads\/2025\/11\/589236910_1549666803415757_1219070425892082424_n-768x1086.jpg 768w, https:\/\/online.tvk-gaj.pl\/wp-content\/uploads\/2025\/11\/589236910_1549666803415757_1219070425892082424_n-1086x1536.jpg 1086w, https:\/\/online.tvk-gaj.pl\/wp-content\/uploads\/2025\/11\/589236910_1549666803415757_1219070425892082424_n.jpg 1240w\" sizes=\"auto, (max-width: 724px) 100vw, 724px\" \/><\/figure>\n","protected":false},"excerpt":{"rendered":"<p>Drodzy Mieszka\u0144cy, w nawi\u0105zaniu do akcji zbierania g\u0142os\u00f3w w sprawie ochrony przestrzeni pomi\u0119dzy blokami przyul. Orzechowej, a ul. Dzia\u0142kow\u0105. (Link poni\u017cej) https:\/\/www.facebook.com\/share\/p\/1GGzbYxtoG Zamieszczamy informacj\u0119, \u017ce na ten moment uda\u0142o si\u0119 mieszka\u0144com i RO wstrzyma\u0107 dalsz\u0105 jego zabudow\u0119 i przeznaczy\u0107 ten teren do zagospodarowania zgodnie z postulatem mieszka\u0144c\u00f3w. Wniosek do wydzia\u0142u planowania przestrzennego o uchwalenie odpowiedniego [&hellip;]<\/p>\n","protected":false},"author":3,"featured_media":15639,"comment_status":"closed","ping_status":"open","sticky":false,"template":"","format":"standard","meta":{"footnotes":""},"categories":[14,12],"tags":[112,1841],"class_list":["post-15637","post","type-post","status-publish","format-standard","has-post-thumbnail","hentry","category-aktualnosci","category-artykuly","tag-gaj","tag-petycja"],"_links":{"self":[{"href":"https:\/\/online.tvk-gaj.pl\/index.php?rest_route=\/wp\/v2\/posts\/15637","targetHints":{"allow":["GET"]}}],"collection":[{"href":"https:\/\/online.tvk-gaj.pl\/index.php?rest_route=\/wp\/v2\/posts"}],"about":[{"href":"https:\/\/online.tvk-gaj.pl\/index.php?rest_route=\/wp\/v2\/types\/post"}],"author":[{"embeddable":true,"href":"https:\/\/online.tvk-gaj.pl\/index.php?rest_route=\/wp\/v2\/users\/3"}],"replies":[{"embeddable":true,"href":"https:\/\/online.tvk-gaj.pl\/index.php?rest_route=%2Fwp%2Fv2%2Fcomments&post=15637"}],"version-history":[{"count":1,"href":"https:\/\/online.tvk-gaj.pl\/index.php?rest_route=\/wp\/v2\/posts\/15637\/revisions"}],"predecessor-version":[{"id":15640,"href":"https:\/\/online.tvk-gaj.pl\/index.php?rest_route=\/wp\/v2\/posts\/15637\/revisions\/15640"}],"wp:featuredmedia":[{"embeddable":true,"href":"https:\/\/online.tvk-gaj.pl\/index.php?rest_route=\/wp\/v2\/media\/15639"}],"wp:attachment":[{"href":"https:\/\/online.tvk-gaj.pl\/index.php?rest_route=%2Fwp%2Fv2%2Fmedia&parent=15637"}],"wp:term":[{"taxonomy":"category","embeddable":true,"href":"https:\/\/online.tvk-gaj.pl\/index.php?rest_route=%2Fwp%2Fv2%2Fcategories&post=15637"},{"taxonomy":"post_tag","embeddable":true,"href":"https:\/\/online.tvk-gaj.pl\/index.php?rest_route=%2Fwp%2Fv2%2Ftags&post=15637"}],"curies":[{"name":"wp","href":"https:\/\/api.w.org\/{rel}","templated":true}]}}