{"id":15643,"date":"2025-12-10T16:42:27","date_gmt":"2025-12-10T15:42:27","guid":{"rendered":"https:\/\/online.tvk-gaj.pl\/?p=15643"},"modified":"2025-12-10T16:42:48","modified_gmt":"2025-12-10T15:42:48","slug":"weekend-bez-tramwajow-a-pozniej-na-tarnogaj-wracaja-8-16-i-22","status":"publish","type":"post","link":"https:\/\/online.tvk-gaj.pl\/?p=15643","title":{"rendered":"Weekend bez tramwaj\u00f3w, a p\u00f3\u017aniej na Tarnogaj wracaj\u0105 8, 16 i 22"},"content":{"rendered":"\n<figure class=\"wp-block-image size-large\"><img loading=\"lazy\" decoding=\"async\" width=\"1024\" height=\"768\" src=\"https:\/\/online.tvk-gaj.pl\/wp-content\/uploads\/2025\/08\/537091381_1103004381947870_3603500821315431387_n-1024x768.jpg\" alt=\"\" class=\"wp-image-15518\" srcset=\"https:\/\/online.tvk-gaj.pl\/wp-content\/uploads\/2025\/08\/537091381_1103004381947870_3603500821315431387_n-1024x768.jpg 1024w, https:\/\/online.tvk-gaj.pl\/wp-content\/uploads\/2025\/08\/537091381_1103004381947870_3603500821315431387_n-300x225.jpg 300w, https:\/\/online.tvk-gaj.pl\/wp-content\/uploads\/2025\/08\/537091381_1103004381947870_3603500821315431387_n-768x576.jpg 768w, https:\/\/online.tvk-gaj.pl\/wp-content\/uploads\/2025\/08\/537091381_1103004381947870_3603500821315431387_n-1536x1152.jpg 1536w, https:\/\/online.tvk-gaj.pl\/wp-content\/uploads\/2025\/08\/537091381_1103004381947870_3603500821315431387_n.jpg 2016w\" sizes=\"auto, (max-width: 1024px) 100vw, 1024px\" \/><\/figure>\n\n\n\n<p>\u017ar\u00f3d\u0142o : <a href=\"https:\/\/www.wroclaw.pl\/komunikacja\/kamien-milowy-na-bardzkiej-weekend-bez-tramwajow-a-od-15-grudnia-tramwaje-wracaja-na-tarnogaj\">https:\/\/www.wroclaw.pl\/komunikacja\/kamien-milowy-na-bardzkiej-weekend-bez-tramwajow-a-od-15-grudnia-tramwaje-wracaja-na-tarnogaj<\/a><\/p>\n\n\n\n<p><strong>Budowa trasy autobusowo-tramwajowej na ulicy Bardzkiej, mi\u0119dzy Armii Krajowej a Pi\u0119kn\u0105, wchodzi w kolejna faz\u0119. Z wa\u017cnym etapem b\u0119dziemy mie\u0107 do czynienia w weekend 13-14 grudnia &#8211; wtedy tramwaje nie b\u0119d\u0105 je\u017adzi\u0107 &#8211; a od poniedzia\u0142ku 15 grudnia rusz\u0105 dwoma torami w obu kierunkach i b\u0119d\u0105 kursowa\u0107 jak dawniej &#8211; nie tylko na Gaj, ale te\u017c na Tarnogaj<\/strong>.<\/p>\n\n\n\n<p>Celem inwestycji jest stworzenie wydzielonego korytarza dla autobus\u00f3w na kr\u00f3tkim odcinku Bardzkiej. Up\u0142ynni to dojazd komunikacj\u0105 miejsk\u0105 z Jagodna, Gaju i Tarnogaju do centrum.\u00a0\u00a0<\/p>\n\n\n\n<p>Po zako\u0144czeniu prac wiosn\u0105 2026 roku tramwaje oraz autobusy b\u0119d\u0105 mie\u0107 wsp\u00f3lny wydzielony korytarz i przystanki w miejscu, gdzie wcze\u015bniej je\u017adzi\u0142y tylko tramwaje. Wi\u0119cej o inwestycji mo\u017cesz przeczyta\u0107 w tek\u015bcie &#8222;<a href=\"https:\/\/www.wroclaw.pl\/komunikacja\/przebudowa-bardzkiej-trasa-autobusowo-tramwajowa-bedzie-szybciej-na-jagodno-utrudnienia\" target=\"_blank\" rel=\"noreferrer noopener\">Przebudowa Bardzkiej idzie dobrze, wi\u0119c w sierpniu wr\u00f3c\u0105 tramwaje<\/a>&#8222;.<\/p>\n\n\n\n<p>Dla pasa\u017cer\u00f3w komunikacji miejskiej najwa\u017cniejsze jest to, \u017ce prace przebiegaj\u0105 sprawnie i ju\u017c teraz mo\u017cna uruchomi\u0107 torowisko w obu kierunkach.\u00a0<strong>Jeszcze do pi\u0105tku 12 grudnia tramwaje je\u017cd\u017c\u0105 na Gaj wahad\u0142owo jednym torem<\/strong>. To sprawia, \u017ce przepustowo\u015b\u0107 torowiska jest ma\u0142a, dlatego kursuj\u0105 jedynie tramwaje na Gaj, a te na Tarnogaj zosta\u0142y zawieszone lub maj\u0105 zmienione trasy.<\/p>\n\n\n\n<p>Weekendowa przerwa w kursowaniu potrzebna jest w\u0142a\u015bnie po to, aby zdemontowa\u0107 tymczasowy rozjazd i przywr\u00f3ci\u0107 normalny dwukierunkowy ruch na ju\u017c przebudowanych obu torach.\u00a0<\/p>\n\n\n\n<h2 class=\"wp-block-heading\" id=\"h2_1\">Weekendowe zmiany 13 i 14 grudnia<\/h2>\n\n\n\n<p>Wydzia\u0142 Transportu Urz\u0119du Miejskiego informuje, \u017ce w zwi\u0105zku z demonta\u017cem tymczasowego rozjazdu&nbsp;na Bardzkiej, od wyjazd\u00f3w porannych&nbsp;<strong>w sobot\u0119 13 grudnia,&nbsp;<\/strong>do zjazd\u00f3w wieczornych&nbsp;<strong>w niedziel\u0119 14 grudnia<\/strong>,planowane s\u0105 powa\u017cne zmiany w komunikacji zbiorowej.<\/p>\n\n\n\n<h3 class=\"wp-block-heading\" id=\"h3_1\">KOMUNIKACJA TRAMWAJOWA<\/h3>\n\n\n\n<figure class=\"wp-block-table\"><table class=\"has-fixed-layout\"><tbody><tr><td>Linia nr 18<\/td><\/tr><tr><td><strong>Tarczy\u0144ski Arena (Kr\u00f3lewiecka) &#8211;&nbsp;<\/strong>Pilczycka &#8211; Popowicka &#8211; Starogroblowa &#8211; D\u0142uga &#8211; Dmowskiego &#8211; most Mieszcza\u0144ski &#8211; Dubois &#8211; Pomorska &#8211; mosty&nbsp; Pomorskie &#8211; Nowy \u015awiat &#8211; Kazimierza Wielkiego &#8211; Widok &#8211; Teatralna &#8211; Skargi &#8211; Ko\u0142\u0142\u0105taja &#8211; Peronowa &#8211; Borowska &#8211; Gliniana &#8211;&nbsp;<strong><u>Gajowa&nbsp;<\/u><\/strong>(przystanek numer 21007) &#8211;&nbsp;<strong>kolejny kurs na linii tramwajowej 21<\/strong><\/td><\/tr><tr><td><strong><u>Gajowa&nbsp;<\/u><\/strong>(przystanek numer 21008)&nbsp;&#8211; Gliniana &#8211; Borowska &#8211; Peronowa &#8211; Ko\u0142\u0142\u0105taja &#8211; Skargi &#8211; Teatralna &#8211; Widok &#8211; Kazimierza Wielkiego &#8211; Nowy \u015awiat &#8211; mosty&nbsp; Pomorskie &#8211; Pomorska &#8211; Dubois &#8211; most Mieszcza\u0144ski &#8211; Dmowskiego &#8211; D\u0142uga &#8211; Starogroblowa &#8211; Popowicka &#8211; Pilczycka<strong>&nbsp;&#8211; Tarczy\u0144ski Arena (Kr\u00f3lewiecka)<\/strong><\/td><\/tr><tr><td>Linia nr 21<\/td><\/tr><tr><td><strong>TARCZY\u0143SKI ARENA (KR\u00d3LEWIECKA) &#8211;&nbsp;<\/strong>Pilczycka &#8211; Milenijna &#8211; Legnicka &#8211; pl. Jana Paw\u0142a II &#8211; Podwale &#8211; Pi\u0142sudskiego &#8211; pl. Legion\u00f3w &#8211; Pi\u0142sudskiego<strong>&nbsp;&#8211;&nbsp;<\/strong>Ma\u0142achowskiego &#8211; Pu\u0142askiego &#8211; Hubska &#8211; Gliniana &#8211;&nbsp;<strong>Gajowa<\/strong>&nbsp;(przystanek numer 21008 &#8211;&nbsp;<strong>kolejny kurs na linii tramwajowej 18<\/strong><\/td><\/tr><tr><td><strong><u>Gajowa&nbsp;<\/u><\/strong>(przystanek numer 21007) &#8211; Gliniana &#8211; Hubska &#8211; Pu\u0142askiego &#8211; Ma\u0142achowskiego&nbsp;&#8211; Pi\u0142sudskiego &#8211; pl. Legion\u00f3w &#8211; Pi\u0142sudskiego &#8211; Podwale &#8211; pl. Jana Paw\u0142a II &#8211; Legnicka &#8211; Milenijna &#8211; Pilczycka &#8211;&nbsp;<strong>Tarczy\u0144ski Arena (Kr\u00f3lewiecka)<\/strong><\/td><\/tr><\/tbody><\/table><\/figure>\n\n\n\n<h3 class=\"wp-block-heading\" id=\"h3_2\">KOMUNIKACJA AUTOBUSOWA<\/h3>\n\n\n\n<h4 class=\"wp-block-heading\" id=\"h4_3\">Linia nr 718<\/h4>\n\n\n\n<p><strong>Dworzec G\u0142\u00f3wny&nbsp;<\/strong>(przystanek w zatoce przy ulicy Peronowej) &#8211; Peronowa &#8211; Pi\u0142sudskiego &#8211; Stawowa &#8211; Borowska &#8211; \u015al\u0119\u017cna &#8211; Dyrekcyjna &#8211; Hubska &#8211; Bardzka &#8211; \u015awieradowska &#8211;&nbsp;<strong>Gaj-p\u0119tla<\/strong><\/p>\n\n\n\n<p><strong>Gaj-p\u0119tla&nbsp;<\/strong>&#8211; \u015awieradowska &#8211; Bardzka &#8211; Hubska &#8211; Sucha &#8211; Borowska &#8211; Peronowa &#8211;&nbsp;<strong>Dworzec G\u0142\u00f3wny<\/strong>&nbsp;(przystanek w zatoce przy ulicy Peronowej)<\/p>\n\n\n\n<figure class=\"wp-block-table\"><table class=\"has-fixed-layout\"><tbody><tr><td>Kierunek:&nbsp;<strong>Gaj &#8211; p\u0119tla<\/strong><\/td><\/tr><\/tbody><\/table><\/figure>\n\n\n\n<figure class=\"wp-block-table\"><table class=\"has-fixed-layout\"><tbody><tr><td><strong>nazwa przystanku<\/strong><\/td><td><strong>numer s\u0142upka<\/strong><\/td><\/tr><tr><td>Dworzec G\u0142\u00f3wny<\/td><td>20362<\/td><\/tr><tr><td>Dworzec Autobusowy<\/td><td>11321<\/td><\/tr><tr><td>Hubska (Dawida)<\/td><td>21031<\/td><\/tr><tr><td>Prudnicka<\/td><td>21009<\/td><\/tr><tr><td>Kamienna<\/td><td>21125<\/td><\/tr><tr><td>Bardzka<\/td><td>21173<\/td><\/tr><tr><td>Krynicka<\/td><td>21127<\/td><\/tr><tr><td>Gaj &#8211; p\u0119tla<\/td><td>21140<\/td><\/tr><\/tbody><\/table><\/figure>\n\n\n\n<figure class=\"wp-block-table\"><table class=\"has-fixed-layout\"><tbody><tr><td>Kierunek:&nbsp;<strong>Dworzec G\u0142\u00f3wny<\/strong><\/td><\/tr><\/tbody><\/table><\/figure>\n\n\n\n<figure class=\"wp-block-table\"><table class=\"has-fixed-layout\"><tbody><tr><td><strong>nazwa przystanku<\/strong><\/td><td><strong>numer s\u0142upka<\/strong><\/td><\/tr><tr><td>Gaj &#8211; p\u0119tla<\/td><td>21140<\/td><\/tr><tr><td>Morwowa<\/td><td>21026<\/td><\/tr><tr><td>Krynicka<\/td><td>21024<\/td><\/tr><tr><td>Bardzka<\/td><td>41014<\/td><\/tr><tr><td>Kamienna<\/td><td>21012<\/td><\/tr><tr><td>Prudnicka<\/td><td>21010<\/td><\/tr><tr><td>Hubska (Dawida)<\/td><td>21032<\/td><\/tr><tr><td>Dworzec Autobusowy<\/td><td>21121<\/td><\/tr><tr><td>Dworzec G\u0142\u00f3wny<\/td><td>20362<\/td><\/tr><\/tbody><\/table><\/figure>\n\n\n\n<p>Autobusy linii 718 b\u0119d\u0105 obs\u0142ugiwane taborem przegubowym i b\u0119d\u0105 kursowa\u0142y z cz\u0119stotliwo\u015bci\u0105 co 10 minut.<\/p>\n\n\n\n<h2 class=\"wp-block-heading\" id=\"h2_2\">Zmiany w komunikacji od poniedzia\u0142ku 15 grudnia. Tramwaje wracaj\u0105 na Tarnogaj<\/h2>\n\n\n\n<p>W zwi\u0105zku z&nbsp;<strong>otwarciem komunikacji tramwajowej do p\u0119tli Tarnogaj<\/strong>&nbsp;od wyjazd\u00f3w porannych&nbsp;<strong>w poniedzia\u0142ek&nbsp;15 grudnia&nbsp;<\/strong>planowane s\u0105 zmiany w komunikacji zbiorowej<\/p>\n\n\n\n<h3 class=\"wp-block-heading\" id=\"h3_1\">KOMUNIKACJA TRAMWAJOWA<\/h3>\n\n\n\n<figure class=\"wp-block-table\"><table class=\"has-fixed-layout\"><tbody><tr><td>Linia 8 na dawnej trasie<\/td><\/tr><tr><td><strong>Kar\u0142owice&nbsp;<\/strong>&#8211; most Trzebnicki &#8211; Trzebnicka &#8211; pl. Powsta\u0144c\u00f3w Wielkopolskich &#8211; Trzebnicka &#8211; S\u0142owia\u0144ska &#8211; Jedno\u015bci Narodowej &#8211; Poniatowskiego &#8211; Bema &#8211; pl. Bema &#8211; mosty M\u0142y\u0144skie &#8211; \u015bw. Jadwigi &#8211; most Piaskowy &#8211; Piaskowa &#8211; \u015bw. Katarzyny &#8211; b\u0142. Czes\u0142awa &#8211; pl. Dominika\u0144ski &#8211; Skargi &#8211; Ko\u0142\u0142\u0105taja &#8211; Peronowa &#8211; Borowska &#8211; Gliniana &#8211; Hubska &#8211; Bardzka &#8211; Armii Krajowej &#8211; Tarnogajska &#8211;&nbsp;<strong>Tarnogaj<\/strong><\/td><\/tr><tr><td><strong>Tarnogaj<\/strong>&nbsp;&#8211; Tarnogajska &#8211; Armii Krajowej &#8211; Bardzka &#8211; Hubska &#8211; Gliniana &#8211; Borowska &#8211; Peronowa &#8211; Ko\u0142\u0142\u0105taja &#8211; Skargi &#8211; pl. Dominika\u0144ski &#8211; b\u0142. Czes\u0142awa &#8211; \u015bw. Katarzyny &#8211; Piaskowa &#8211; most Piaskowy &#8211; \u015bw. Jadwigi &#8211; mosty M\u0142y\u0144skie &#8211; pl. Bema &#8211; Bema &#8211; Poniatowskiego &#8211; Jedno\u015bci Narodowej &#8211; S\u0142owia\u0144ska &#8211; Trzebnicka &#8211; pl. Powsta\u0144c\u00f3w Wielkopolskich &#8211; Trzebnicka &#8211; most Trzebnicki &#8211;&nbsp;<strong>Kar\u0142owice<\/strong><\/td><\/tr><\/tbody><\/table><\/figure>\n\n\n\n<figure class=\"wp-block-table\"><table class=\"has-fixed-layout\"><tbody><tr><td>Powr\u00f3t linii 16<\/td><\/tr><tr><td><strong>Osobowice&nbsp;<\/strong>&#8211; Osobowicka &#8211; most Osobowicki &#8211; Reymonta &#8211; pl. Staszica &#8211; pl. Powsta\u0144c\u00f3w Wielkopolskich &#8211; Trzebnicka &#8211; S\u0142owia\u0144ska &#8211; Jedno\u015bci Narodowej &#8211; Nowowiejska &#8211; Piastowska &#8211; rondo Reagana (peron 3) &#8211; pl. Grunwaldzki &#8211; most Grunwaldzki &#8211; pl. Spo\u0142eczny &#8211; Kujawska &#8211; pl. Wr\u00f3blewskiego &#8211; Pu\u0142askiego &#8211; Hubska &#8211; Bardzka &#8211; Armii Krajowej &#8211; Tarnogajska &#8211;&nbsp;<strong>Tarnogaj<\/strong><\/td><\/tr><tr><td><strong>Tarnogaj<\/strong>&nbsp;&#8211; Tarnogajska &#8211; Armii Krajowej &#8211; Bardzka &#8211; Hubska &#8211; Pu\u0142askiego &#8211; pl. Wr\u00f3blewskiego &#8211; Kujawska &#8211; pl. Spo\u0142eczny &#8211; most Grunwaldzki &#8211; pl. Grunwaldzki &#8211; rondo Reagana (peron 2) &#8211; Piastowska &#8211; Nowowiejska &#8211; Jedno\u015bci Narodowej &#8211; S\u0142owia\u0144ska &#8211; Trzebnicka &#8211; pl. Powsta\u0144c\u00f3w Wielkopolskich &#8211; pl. Staszica &#8211; Reymonta &#8211; most Osobowicki &#8211; Osobowicka &#8211;&nbsp;<strong>Osobowice<\/strong><\/td><\/tr><\/tbody><\/table><\/figure>\n\n\n\n<figure class=\"wp-block-table\"><table class=\"has-fixed-layout\"><tbody><tr><td>Linia nr 18<\/td><\/tr><tr><td><strong>Tarczy\u0144ski Arena (Kr\u00f3lewiecka)&nbsp;<\/strong>&#8211; Pilczycka &#8211; Popowicka &#8211; Starogroblowa &#8211; D\u0142uga &#8211; Dmowskiego &#8211; most Mieszcza\u0144ski &#8211; Dubois &#8211; Pomorska &#8211; mosty Pomorskie &#8211; Nowy \u015awiat &#8211; Kazimierza Wielkiego &#8211; Widok &#8211; Teatralna &#8211; Skargi &#8211; Ko\u0142\u0142\u0105taja &#8211; Peronowa &#8211; Borowska &#8211; Gliniana &#8211; Hubska &#8211; Bardzka &#8211; \u015awieradowska &#8211;&nbsp;<strong>Gaj<\/strong><\/td><\/tr><tr><td><strong>Gaj<\/strong>&nbsp;&#8211; \u015awieradowska &#8211; Bardzka &#8211; Hubska &#8211; Gliniana &#8211; Borowska &#8211; Peronowa &#8211; Ko\u0142\u0142\u0105taja &#8211; Skargi &#8211; Teatralna &#8211; Widok &#8211; Kazimierza Wielkiego &#8211; Nowy \u015awiat &#8211; mosty Pomorskie &#8211; Pomorska &#8211; Dubois &#8211; most Mieszcza\u0144ski &#8211; Dmowskiego &#8211; D\u0142uga &#8211; Starogroblowa &#8211; Popowicka &#8211; Pilczycka &#8211;&nbsp;<strong>Tarczy\u0144ski Arena (Kr\u00f3lewiecka)<\/strong><\/td><\/tr><\/tbody><\/table><\/figure>\n\n\n\n<figure class=\"wp-block-table\"><table class=\"has-fixed-layout\"><tbody><tr><td>Linia nr 21<\/td><\/tr><tr><td><strong>Tarczy\u0144ski Arena (Kr\u00f3lewiecka)&nbsp;<\/strong>&#8211; Pilczycka &#8211; Milenijna &#8211; Legnicka &#8211; pl. Jana Paw\u0142a II &#8211; Podwale &#8211; Pi\u0142sudskiego &#8211; pl. Legion\u00f3w &#8211; Pi\u0142sudskiego &#8211; Stawowa &#8211; Borowska &#8211; Gliniana &#8211; Hubska &#8211; Bardzka &#8211; \u015awieradowska &#8211;&nbsp;<strong>Gaj<\/strong><\/td><\/tr><tr><td><strong>Gaj<\/strong>&nbsp;&#8211; \u015awieradowska &#8211; Bardzka &#8211; Hubska &#8211; Gliniana &#8211; Borowska &#8211; Stawowa &#8211; Pi\u0142sudskiego &#8211; pl. Legion\u00f3w &#8211; Pi\u0142sudskiego &#8211; Podwale &#8211; pl. Jana Paw\u0142a II &#8211; Legnicka &#8211; Milenijna &#8211; Pilczycka &#8211;&nbsp;<strong>Tarczy\u0144ski Arena (Kr\u00f3lewiecka)<\/strong><\/td><\/tr><\/tbody><\/table><\/figure>\n\n\n\n<figure class=\"wp-block-table\"><table class=\"has-fixed-layout\"><tbody><tr><td>Powr\u00f3t linii 22<\/td><\/tr><tr><td><strong>TARNOGAJ<\/strong>&nbsp;&#8211; Tarnogajska &#8211; Armii Krajowej &#8211; Bardzka &#8211; Hubska &#8211; Pu\u0142askiego &#8211; Ma\u0142achowskiego &#8211; Pi\u0142sudskiego &#8211; pl.&nbsp;Legion\u00f3w &#8211; Pi\u0142sudskiego &#8211; Podwale &#8211; pl.&nbsp;Jana Paw\u0142a II &#8211; Legnicka &#8211; Lotnicza &#8211;&nbsp;<strong>PILCZYCE<\/strong><\/td><\/tr><tr><td><strong>PILCZYCE<\/strong>&nbsp;&#8211; Lotnicza &#8211; Legnicka &#8211; pl.&nbsp;Jana Paw\u0142a II &#8211; Podwale &#8211; Pi\u0142sudskiego &#8211; pl.&nbsp;Legion\u00f3w &#8211; Pi\u0142sudskiego &#8211; Ma\u0142achowskiego &#8211; Pu\u0142askiego &#8211; Hubska &#8211; Bardzka &#8211; Armii Krajowej &#8211; Tarnogajska &#8211;<strong>TARNOGAJ<\/strong><\/td><\/tr><\/tbody><\/table><\/figure>\n\n\n\n<h4 class=\"wp-block-heading\" id=\"h4_9\">Tymczasowa linia 76 zlikwidowana&nbsp;<\/h4>\n\n\n\n<h3 class=\"wp-block-heading\" id=\"h3_4\">Uwaga na przystanki w czasie budowy&nbsp;<\/h3>\n\n\n\n<p>Tramwaje linii&nbsp;<strong>8<\/strong>,&nbsp;<strong>16<\/strong>,&nbsp;<strong>18<\/strong>,&nbsp;<strong>21&nbsp;<\/strong>i<strong>&nbsp;22<\/strong>&nbsp;jad\u0105ce w kierunku p\u0119tli na Tarnogaju oraz kra\u0144c\u00f3wki &#8222;Gaj&#8221;, b\u0119d\u0105 zatrzymywa\u0142y si\u0119 na przystanku tymczasowym&nbsp;<strong>&#8222;Kamienna&#8221; numer 21011<\/strong>&nbsp;w jego dotychczasowej tymczasowej lokalizacji przy ulicy Hubskiej. Przystanek numer 21011 w jego sta\u0142ej lokalizacji nadal pozostanie nieczynny.<\/p>\n\n\n\n<p>W kierunku centrum miasta zostan\u0105 przywr\u00f3cone przystanki docelowe i tramwaje b\u0119d\u0105 zatrzymywa\u0142y si\u0119 na przystankach&nbsp;<strong>&#8222;Bardzka&#8221; numer 21014<\/strong>&nbsp;oraz&nbsp;<strong>&#8222;Kamienna&#8221; numer 21012<\/strong>.<\/p>\n\n\n\n<h3 class=\"wp-block-heading\" id=\"h3_5\">Przystanki dla autobus\u00f3w<\/h3>\n\n\n\n<p>Autobusy linii&nbsp;<strong>N<\/strong>,&nbsp;<strong>110<\/strong>,&nbsp;<strong>125<\/strong>,&nbsp;<strong>148&nbsp;<\/strong>i<strong>&nbsp;245<\/strong>&nbsp;jad\u0105ce w kierunku centrum miasta b\u0119d\u0105 zatrzymywa\u0142y si\u0119 na przystanku autobusowo-tramwajowym &#8222;Bardzka&#8221; numer 121014, nast\u0119pnie zjad\u0105 na jezdni\u0119 i na skrzy\u017cowaniu z ulic\u0105 Kamienn\u0105 wjad\u0105 na torowisko i zatrzymaj\u0105 si\u0119 na przystanku autobusowo-tramwajowym &#8222;Kamienna&#8221; numer 121012.<\/p>\n\n\n\n<p>Autobusy linii&nbsp;<strong>124&nbsp;<\/strong>i<strong>&nbsp;134<\/strong>&nbsp;jad\u0105ce w kierunku Nowego Dworu b\u0119d\u0105 zatrzymywa\u0142y si\u0119 na przystanku autobusowo-tramwajowym &#8222;Bardzka&#8221; numer 121014, nast\u0119pnie zjad\u0105 na jezdni\u0119 i zatrzymaj\u0105 si\u0119 na przystanku autobusowym &#8222;Kamienna&#8221; numer 21144.<\/p>\n\n\n\n<p>Przystanek tymczasowy &#8222;Bardzka&#8221; numer 41014 oraz przystanek tymczasowy \u201eNyska\u201d numer 41146 zostan\u0105 zlikwidowane.<\/p>\n\n\n\n<h3 class=\"wp-block-heading\" id=\"h3_6\">Autobus 708 zlikwidowany&nbsp;<\/h3>\n\n\n\n<p><\/p>\n","protected":false},"excerpt":{"rendered":"<p>\u017ar\u00f3d\u0142o : https:\/\/www.wroclaw.pl\/komunikacja\/kamien-milowy-na-bardzkiej-weekend-bez-tramwajow-a-od-15-grudnia-tramwaje-wracaja-na-tarnogaj Budowa trasy autobusowo-tramwajowej na ulicy Bardzkiej, mi\u0119dzy Armii Krajowej a Pi\u0119kn\u0105, wchodzi w kolejna faz\u0119. Z wa\u017cnym etapem b\u0119dziemy mie\u0107 do czynienia w weekend 13-14 grudnia &#8211; wtedy tramwaje nie b\u0119d\u0105 je\u017adzi\u0107 &#8211; a od poniedzia\u0142ku 15 grudnia rusz\u0105 dwoma torami w obu kierunkach i b\u0119d\u0105 kursowa\u0107 jak dawniej &#8211; nie tylko [&hellip;]<\/p>\n","protected":false},"author":3,"featured_media":15518,"comment_status":"closed","ping_status":"open","sticky":false,"template":"","format":"standard","meta":{"footnotes":""},"categories":[14,12],"tags":[112,1023,199],"class_list":["post-15643","post","type-post","status-publish","format-standard","has-post-thumbnail","hentry","category-aktualnosci","category-artykuly","tag-gaj","tag-tarnogaj","tag-tramwaje"],"_links":{"self":[{"href":"https:\/\/online.tvk-gaj.pl\/index.php?rest_route=\/wp\/v2\/posts\/15643","targetHints":{"allow":["GET"]}}],"collection":[{"href":"https:\/\/online.tvk-gaj.pl\/index.php?rest_route=\/wp\/v2\/posts"}],"about":[{"href":"https:\/\/online.tvk-gaj.pl\/index.php?rest_route=\/wp\/v2\/types\/post"}],"author":[{"embeddable":true,"href":"https:\/\/online.tvk-gaj.pl\/index.php?rest_route=\/wp\/v2\/users\/3"}],"replies":[{"embeddable":true,"href":"https:\/\/online.tvk-gaj.pl\/index.php?rest_route=%2Fwp%2Fv2%2Fcomments&post=15643"}],"version-history":[{"count":2,"href":"https:\/\/online.tvk-gaj.pl\/index.php?rest_route=\/wp\/v2\/posts\/15643\/revisions"}],"predecessor-version":[{"id":15645,"href":"https:\/\/online.tvk-gaj.pl\/index.php?rest_route=\/wp\/v2\/posts\/15643\/revisions\/15645"}],"wp:featuredmedia":[{"embeddable":true,"href":"https:\/\/online.tvk-gaj.pl\/index.php?rest_route=\/wp\/v2\/media\/15518"}],"wp:attachment":[{"href":"https:\/\/online.tvk-gaj.pl\/index.php?rest_route=%2Fwp%2Fv2%2Fmedia&parent=15643"}],"wp:term":[{"taxonomy":"category","embeddable":true,"href":"https:\/\/online.tvk-gaj.pl\/index.php?rest_route=%2Fwp%2Fv2%2Fcategories&post=15643"},{"taxonomy":"post_tag","embeddable":true,"href":"https:\/\/online.tvk-gaj.pl\/index.php?rest_route=%2Fwp%2Fv2%2Ftags&post=15643"}],"curies":[{"name":"wp","href":"https:\/\/api.w.org\/{rel}","templated":true}]}}