{"id":15702,"date":"2026-01-05T21:54:02","date_gmt":"2026-01-05T20:54:02","guid":{"rendered":"https:\/\/online.tvk-gaj.pl\/?p=15702"},"modified":"2026-01-05T21:54:03","modified_gmt":"2026-01-05T20:54:03","slug":"trwaja-prace-nad-poszerzeniem-ul-buforowej-i-projektem-tramwaju","status":"publish","type":"post","link":"https:\/\/online.tvk-gaj.pl\/?p=15702","title":{"rendered":"Trwaj\u0105 prace nad poszerzeniem ul. Buforowej i projektem tramwaju"},"content":{"rendered":"\n<p>\u017ar\u00f3d\u0142o : <a href=\"https:\/\/www.facebook.com\/wroclaw.wroclove?locale=pl_PL\">https:\/\/www.facebook.com\/wroclaw.wroclove?locale=pl_PL<\/a><\/p>\n\n\n\n<p>Ulica ma sta\u0107 si\u0119 czteropasmowa, z dodatkowymi pasami przy skrzy\u017cowaniach, co u\u0142atwi dojazd samochodem mieszka\u0144com Jagodna, kt\u00f3rzy nie przesi\u0105d\u0105 si\u0119 do tramwaju.<\/p>\n\n\n\n<figure class=\"wp-block-image size-large\"><img loading=\"lazy\" decoding=\"async\" width=\"1024\" height=\"768\" src=\"https:\/\/online.tvk-gaj.pl\/wp-content\/uploads\/2026\/01\/611319158_1305419931610441_7051701021986396914_n-1024x768.jpg\" alt=\"\" class=\"wp-image-15703\" srcset=\"https:\/\/online.tvk-gaj.pl\/wp-content\/uploads\/2026\/01\/611319158_1305419931610441_7051701021986396914_n-1024x768.jpg 1024w, https:\/\/online.tvk-gaj.pl\/wp-content\/uploads\/2026\/01\/611319158_1305419931610441_7051701021986396914_n-300x225.jpg 300w, https:\/\/online.tvk-gaj.pl\/wp-content\/uploads\/2026\/01\/611319158_1305419931610441_7051701021986396914_n-768x576.jpg 768w, https:\/\/online.tvk-gaj.pl\/wp-content\/uploads\/2026\/01\/611319158_1305419931610441_7051701021986396914_n-1536x1152.jpg 1536w, https:\/\/online.tvk-gaj.pl\/wp-content\/uploads\/2026\/01\/611319158_1305419931610441_7051701021986396914_n.jpg 2048w\" sizes=\"auto, (max-width: 1024px) 100vw, 1024px\" \/><\/figure>\n\n\n\n<p>Autobusy ju\u017c kursuj\u0105 po wydzielonej 2,7 km trasie, dzi\u0119ki czemu dojazd do centrum zajmuje teraz 13-18 minut. Przy ul. Kajdasza powsta\u0142a te\u017c p\u0119tla z parkingiem P+R na 57 miejsc i zadaszonym miejscem dla rower\u00f3w.<\/p>\n\n\n\n<p>Chwilowy dyskomfort jest warty wi\u0119kszej p\u0142ynno\u015bci i wygody codziennych dojazd\u00f3w &#8211; tak <a href=\"https:\/\/www.facebook.com\/hashtag\/wroc%C5%82awsi%C4%99zmienia?__eep__=6&amp;__cft__[0]=AZZEh5kXHrK6yldUXkVcnGH3Yb-VCs-MYVsaF1hRD6YIvTI0eURAoZ7ccbnyVIfqDLs2tUB3AI5TWLr5sfR0J6bf_87yudFNX3us1iBGAZLMyA-rYXJzx4UtlgKXKplrWyjXsNB4y0ItBUeGCxdMOIi06neRlMJWSH9zPn11sSc7sE2ct5nRcmJCUr6TPQFJAH0&amp;__tn__=*NK-R\">#Wroc\u0142awSi\u0119Zmienia<\/a> na lepsze. Dowiedzcie si\u0119 wi\u0119cej o tej inwestycji -> <a href=\"https:\/\/l.facebook.com\/l.php?u=http%3A%2F%2Fwro.news%2FTATJagodno%3Ffbclid%3DIwYnJpZBEwU05IV3dOazFoNE5Od0ZSMnNydGMGYXBwX2lkEDIyMjAzOTE3ODgyMDA4OTIAAR6TrTdwNg1KF-VVFQWPtKYJ39TUt0J-sbdfyZ5IlrSyl60wT08NSruA2v4m2A%26brid%3Dy4PuKoXT_Xre-ITqm3mJnQ&amp;h=AT3N1RUWdBO-giTeSVbth9p1VgZ1Z3wT7Ov2cVW3inXLSv5p7n1Pj3V0ZXd8wa8U-feQ5UsWvwrmi3Wn_9CsKh9DDcdFxdAP4fRstK62vezXhxV9YXfOpdAyCdJNfiJ7pPBKxwv8X0vZg0nf&amp;__tn__=-UK-R&amp;c[0]=AT16_qOxFWOw7fDg-T0JeqgJyrjXGuZKWEXwtvtp5JLqpWWMxtcUni2MnnTakbd37qvVONiNCOpv7F4TJeD135TatAHr8BlBnhxaL1ifDNsGI3MkkSbyQeLFqJO3Z9hDCv7wtr9AiAiNhdE0tkf8NBY3kQgt4Y0DV_-KYvPzPgM51qFOJ1BzpgD-jijmWj6uKpqqfPyNyfAdfDOt-oB553Psjg\" target=\"_blank\" rel=\"noreferrer noopener\">wro.news\/TATJagodno<\/a><\/p>\n\n\n\n<figure class=\"wp-block-image size-large\"><img loading=\"lazy\" decoding=\"async\" width=\"1024\" height=\"768\" src=\"https:\/\/online.tvk-gaj.pl\/wp-content\/uploads\/2026\/01\/611458344_1305419888277112_4433081265402888722_n-1024x768.jpg\" alt=\"\" class=\"wp-image-15704\" srcset=\"https:\/\/online.tvk-gaj.pl\/wp-content\/uploads\/2026\/01\/611458344_1305419888277112_4433081265402888722_n-1024x768.jpg 1024w, https:\/\/online.tvk-gaj.pl\/wp-content\/uploads\/2026\/01\/611458344_1305419888277112_4433081265402888722_n-300x225.jpg 300w, https:\/\/online.tvk-gaj.pl\/wp-content\/uploads\/2026\/01\/611458344_1305419888277112_4433081265402888722_n-768x576.jpg 768w, https:\/\/online.tvk-gaj.pl\/wp-content\/uploads\/2026\/01\/611458344_1305419888277112_4433081265402888722_n-1536x1152.jpg 1536w, https:\/\/online.tvk-gaj.pl\/wp-content\/uploads\/2026\/01\/611458344_1305419888277112_4433081265402888722_n.jpg 2048w\" sizes=\"auto, (max-width: 1024px) 100vw, 1024px\" \/><\/figure>\n","protected":false},"excerpt":{"rendered":"<p>\u017ar\u00f3d\u0142o : https:\/\/www.facebook.com\/wroclaw.wroclove?locale=pl_PL Ulica ma sta\u0107 si\u0119 czteropasmowa, z dodatkowymi pasami przy skrzy\u017cowaniach, co u\u0142atwi dojazd samochodem mieszka\u0144com Jagodna, kt\u00f3rzy nie przesi\u0105d\u0105 si\u0119 do tramwaju. Autobusy ju\u017c kursuj\u0105 po wydzielonej 2,7 km trasie, dzi\u0119ki czemu dojazd do centrum zajmuje teraz 13-18 minut. Przy ul. Kajdasza powsta\u0142a te\u017c p\u0119tla z parkingiem P+R na 57 miejsc i [&hellip;]<\/p>\n","protected":false},"author":3,"featured_media":15704,"comment_status":"closed","ping_status":"open","sticky":false,"template":"","format":"standard","meta":{"footnotes":""},"categories":[14,12],"tags":[553,112],"class_list":["post-15702","post","type-post","status-publish","format-standard","has-post-thumbnail","hentry","category-aktualnosci","category-artykuly","tag-buforowa","tag-gaj"],"_links":{"self":[{"href":"https:\/\/online.tvk-gaj.pl\/index.php?rest_route=\/wp\/v2\/posts\/15702","targetHints":{"allow":["GET"]}}],"collection":[{"href":"https:\/\/online.tvk-gaj.pl\/index.php?rest_route=\/wp\/v2\/posts"}],"about":[{"href":"https:\/\/online.tvk-gaj.pl\/index.php?rest_route=\/wp\/v2\/types\/post"}],"author":[{"embeddable":true,"href":"https:\/\/online.tvk-gaj.pl\/index.php?rest_route=\/wp\/v2\/users\/3"}],"replies":[{"embeddable":true,"href":"https:\/\/online.tvk-gaj.pl\/index.php?rest_route=%2Fwp%2Fv2%2Fcomments&post=15702"}],"version-history":[{"count":1,"href":"https:\/\/online.tvk-gaj.pl\/index.php?rest_route=\/wp\/v2\/posts\/15702\/revisions"}],"predecessor-version":[{"id":15705,"href":"https:\/\/online.tvk-gaj.pl\/index.php?rest_route=\/wp\/v2\/posts\/15702\/revisions\/15705"}],"wp:featuredmedia":[{"embeddable":true,"href":"https:\/\/online.tvk-gaj.pl\/index.php?rest_route=\/wp\/v2\/media\/15704"}],"wp:attachment":[{"href":"https:\/\/online.tvk-gaj.pl\/index.php?rest_route=%2Fwp%2Fv2%2Fmedia&parent=15702"}],"wp:term":[{"taxonomy":"category","embeddable":true,"href":"https:\/\/online.tvk-gaj.pl\/index.php?rest_route=%2Fwp%2Fv2%2Fcategories&post=15702"},{"taxonomy":"post_tag","embeddable":true,"href":"https:\/\/online.tvk-gaj.pl\/index.php?rest_route=%2Fwp%2Fv2%2Ftags&post=15702"}],"curies":[{"name":"wp","href":"https:\/\/api.w.org\/{rel}","templated":true}]}}