{"id":15708,"date":"2026-01-12T21:48:46","date_gmt":"2026-01-12T20:48:46","guid":{"rendered":"https:\/\/online.tvk-gaj.pl\/?p=15708"},"modified":"2026-01-12T21:48:47","modified_gmt":"2026-01-12T20:48:47","slug":"wroclawsiezmienia-rowniez-w-komunikacji-zbiorowej","status":"publish","type":"post","link":"https:\/\/online.tvk-gaj.pl\/?p=15708","title":{"rendered":"#Wroc\u0142awSi\u0119Zmienia r\u00f3wnie\u017c w komunikacji zbiorowej"},"content":{"rendered":"\n<p>\u017ar\u00f3d\u0142o : <a href=\"https:\/\/www.facebook.com\/wroclaw.wroclove?locale=pl_PL\">https:\/\/www.facebook.com\/wroclaw.wroclove?locale=pl_PL<\/a><\/p>\n\n\n\n<p><a href=\"https:\/\/www.facebook.com\/hashtag\/wroc%C5%82awsi%C4%99zmienia?__eep__=6&amp;__cft__[0]=AZZJtyS25frWB2-AUGhiqXI8ub_VDZ5Ky8UztFbrwC9vb3zJekkipS2vVWAJWC0URCm5QcKUWS9AkyQNgUAf3CfKpFwz6uvZlu9etUdPsfDWREZhXUAZpDbPAYBZO8xJsS8SnSrV88o1a7gV3yiyVeln1ZAQ5BZHQnDPUni96WsUwPYMrkNtLhaKdTDZduKWSAk&amp;__tn__=*NK-y-R\">#Wroc\u0142awSi\u0119Zmienia<\/a> r\u00f3wnie\u017c w komunikacji zbiorowej <\/p>\n\n\n\n<figure class=\"wp-block-image size-large\"><img loading=\"lazy\" decoding=\"async\" width=\"1024\" height=\"699\" src=\"https:\/\/online.tvk-gaj.pl\/wp-content\/uploads\/2026\/01\/615413156_1310432587775842_4280254151536162431_n-1024x699.jpg\" alt=\"\" class=\"wp-image-15709\" srcset=\"https:\/\/online.tvk-gaj.pl\/wp-content\/uploads\/2026\/01\/615413156_1310432587775842_4280254151536162431_n-1024x699.jpg 1024w, https:\/\/online.tvk-gaj.pl\/wp-content\/uploads\/2026\/01\/615413156_1310432587775842_4280254151536162431_n-300x205.jpg 300w, https:\/\/online.tvk-gaj.pl\/wp-content\/uploads\/2026\/01\/615413156_1310432587775842_4280254151536162431_n-768x524.jpg 768w, https:\/\/online.tvk-gaj.pl\/wp-content\/uploads\/2026\/01\/615413156_1310432587775842_4280254151536162431_n-1536x1048.jpg 1536w, https:\/\/online.tvk-gaj.pl\/wp-content\/uploads\/2026\/01\/615413156_1310432587775842_4280254151536162431_n.jpg 2048w\" sizes=\"auto, (max-width: 1024px) 100vw, 1024px\" \/><\/figure>\n\n\n\n<p>&#8211; Na ul. Bardzkiej mi\u0119dzy Armii Krajowej a Kamienn\u0105 powstaje trasa autobusowo-tramwajowa, kt\u00f3ra znacznie usprawni przejazdy autobusowe w tym rejonie <img loading=\"lazy\" decoding=\"async\" height=\"16\" width=\"16\" src=\"https:\/\/static.xx.fbcdn.net\/images\/emoji.php\/v9\/t79\/1\/16\/1f68c.png\" alt=\"&#x1f68c;\"><\/p>\n\n\n\n<p>&#8211; Autobusy z Jagodna, Gaju i Tarnogaju nie b\u0119d\u0105 ju\u017c wraca\u0107 na og\u00f3ln\u0105 jezdni\u0119, lecz pojad\u0105 w\u0142asnym traktem razem z tramwajami.<\/p>\n\n\n\n<p>&#8211; Powstaje te\u017c nowy przystanek, na kt\u00f3rym zatrzymywa\u0107 si\u0119 b\u0119d\u0105 jednocze\u015bnie tramwaje i autobusy, co u\u0142atwi przesiadki i skr\u00f3ci czas podr\u00f3\u017cy do centrum <\/p>\n\n\n\n<p>Szczeg\u00f3\u0142y -> <a href=\"http:\/\/wro.news\/PrzebudowaBardzkiej?fbclid=IwYnJpZBEwU05IV3dOazFoNE5Od0ZSMnNydGMGYXBwX2lkEDIyMjAzOTE3ODgyMDA4OTIAAR5nb_xxRbvd65Fsg4_f73yBilZeQVKO6WGPDqtigc965rykWQuWzQTZFVHFtQ&amp;brid=CQTav5nRlwZhORKqdXzrDw\" target=\"_blank\" rel=\"noreferrer noopener\">wro.news\/PrzebudowaBardzkiej<\/a><img loading=\"lazy\" decoding=\"async\" height=\"16\" width=\"16\" src=\"https:\/\/static.xx.fbcdn.net\/images\/emoji.php\/v9\/te2\/1\/16\/270d.png\" alt=\"&#x270d;&#xfe0f;\"><\/p>\n","protected":false},"excerpt":{"rendered":"<p>\u017ar\u00f3d\u0142o : https:\/\/www.facebook.com\/wroclaw.wroclove?locale=pl_PL #Wroc\u0142awSi\u0119Zmienia r\u00f3wnie\u017c w komunikacji zbiorowej &#8211; Na ul. Bardzkiej mi\u0119dzy Armii Krajowej a Kamienn\u0105 powstaje trasa autobusowo-tramwajowa, kt\u00f3ra znacznie usprawni przejazdy autobusowe w tym rejonie &#8211; Autobusy z Jagodna, Gaju i Tarnogaju nie b\u0119d\u0105 ju\u017c wraca\u0107 na og\u00f3ln\u0105 jezdni\u0119, lecz pojad\u0105 w\u0142asnym traktem razem z tramwajami. &#8211; Powstaje te\u017c nowy przystanek, na [&hellip;]<\/p>\n","protected":false},"author":3,"featured_media":15710,"comment_status":"closed","ping_status":"open","sticky":false,"template":"","format":"standard","meta":{"footnotes":""},"categories":[14,12],"tags":[],"class_list":["post-15708","post","type-post","status-publish","format-standard","has-post-thumbnail","hentry","category-aktualnosci","category-artykuly"],"_links":{"self":[{"href":"https:\/\/online.tvk-gaj.pl\/index.php?rest_route=\/wp\/v2\/posts\/15708","targetHints":{"allow":["GET"]}}],"collection":[{"href":"https:\/\/online.tvk-gaj.pl\/index.php?rest_route=\/wp\/v2\/posts"}],"about":[{"href":"https:\/\/online.tvk-gaj.pl\/index.php?rest_route=\/wp\/v2\/types\/post"}],"author":[{"embeddable":true,"href":"https:\/\/online.tvk-gaj.pl\/index.php?rest_route=\/wp\/v2\/users\/3"}],"replies":[{"embeddable":true,"href":"https:\/\/online.tvk-gaj.pl\/index.php?rest_route=%2Fwp%2Fv2%2Fcomments&post=15708"}],"version-history":[{"count":1,"href":"https:\/\/online.tvk-gaj.pl\/index.php?rest_route=\/wp\/v2\/posts\/15708\/revisions"}],"predecessor-version":[{"id":15711,"href":"https:\/\/online.tvk-gaj.pl\/index.php?rest_route=\/wp\/v2\/posts\/15708\/revisions\/15711"}],"wp:featuredmedia":[{"embeddable":true,"href":"https:\/\/online.tvk-gaj.pl\/index.php?rest_route=\/wp\/v2\/media\/15710"}],"wp:attachment":[{"href":"https:\/\/online.tvk-gaj.pl\/index.php?rest_route=%2Fwp%2Fv2%2Fmedia&parent=15708"}],"wp:term":[{"taxonomy":"category","embeddable":true,"href":"https:\/\/online.tvk-gaj.pl\/index.php?rest_route=%2Fwp%2Fv2%2Fcategories&post=15708"},{"taxonomy":"post_tag","embeddable":true,"href":"https:\/\/online.tvk-gaj.pl\/index.php?rest_route=%2Fwp%2Fv2%2Ftags&post=15708"}],"curies":[{"name":"wp","href":"https:\/\/api.w.org\/{rel}","templated":true}]}}