{"id":15816,"date":"2026-02-18T19:50:44","date_gmt":"2026-02-18T18:50:44","guid":{"rendered":"https:\/\/online.tvk-gaj.pl\/?p=15816"},"modified":"2026-02-18T19:50:44","modified_gmt":"2026-02-18T18:50:44","slug":"remont-torowiska-ul-gliniana-ul-borowska-zmiany-w-trasach-komunikacji-miejskiej","status":"publish","type":"post","link":"https:\/\/online.tvk-gaj.pl\/?p=15816","title":{"rendered":"Remont torowiska \u2013 ul. Gliniana \/ ul. Borowska, Zmiany w trasach komunikacji miejskiej"},"content":{"rendered":"\n<p>Remont torowiska \u2013 ul. Gliniana \/ ul. Borowska:<\/p>\n\n\n\n<p>Remont \u0142uku torowego i wymiana torowiska.<\/p>\n\n\n\n<p><img loading=\"lazy\" decoding=\"async\" height=\"16\" width=\"16\" alt=\"&#x1f68b;\" src=\"https:\/\/static.xx.fbcdn.net\/images\/emoji.php\/v9\/tf8\/1\/16\/1f68b.png\"> Tramwaje:<\/p>\n\n\n\n<p>8 \u2013 objazd przez \u015al\u0119\u017cn\u0105 (bez dojazdu na Tarnogaj)<\/p>\n\n\n\n<p>18 i 21 \u2013 zmiany tras, pomini\u0119cie cz\u0119\u015bci przystank\u00f3w przy dworcach<\/p>\n\n\n\n<p>708 \u2013 linia zast\u0119pcza (Dworcowa \u2013 Hubska \u2013 Kamienna)<\/p>\n\n\n\n<p>Wybrane linie autobusowe pojad\u0105 objazdami, cz\u0119\u015b\u0107 przystank\u00f3w b\u0119dzie czasowo wy\u0142\u0105czona.<\/p>\n\n\n\n<p>Dzi\u015b, tj. 17.02., odby\u0142a si\u0119 w tej sprawie konferencja prasowa prowadzona przez Wroc\u0142awskie Inwestycje, z udzia\u0142em Urz\u0119du Miejskiego i nas, jako przewo\u017anika miejskiego.<\/p>\n\n\n\n<p>Podczas konferencji om\u00f3wiono zakres planowanych prac, harmonogram inwestycji oraz jej znaczenie dla poprawy funkcjonowania komunikacji zbiorowej w tej cz\u0119\u015bci miasta. By\u0142a to tak\u017ce okazja do przedstawienia najwa\u017cniejszych korzy\u015bci dla mieszka\u0144c\u00f3w i pasa\u017cer\u00f3w.<\/p>\n\n\n\n<figure class=\"wp-block-image size-large\"><img loading=\"lazy\" decoding=\"async\" width=\"724\" height=\"1024\" src=\"https:\/\/online.tvk-gaj.pl\/wp-content\/uploads\/2026\/02\/635137841_1225229866418447_2066908014139424975_n-724x1024.jpg\" alt=\"\" class=\"wp-image-15817\" srcset=\"https:\/\/online.tvk-gaj.pl\/wp-content\/uploads\/2026\/02\/635137841_1225229866418447_2066908014139424975_n-724x1024.jpg 724w, https:\/\/online.tvk-gaj.pl\/wp-content\/uploads\/2026\/02\/635137841_1225229866418447_2066908014139424975_n-212x300.jpg 212w, https:\/\/online.tvk-gaj.pl\/wp-content\/uploads\/2026\/02\/635137841_1225229866418447_2066908014139424975_n-768x1086.jpg 768w, https:\/\/online.tvk-gaj.pl\/wp-content\/uploads\/2026\/02\/635137841_1225229866418447_2066908014139424975_n-1086x1536.jpg 1086w, https:\/\/online.tvk-gaj.pl\/wp-content\/uploads\/2026\/02\/635137841_1225229866418447_2066908014139424975_n.jpg 1448w\" sizes=\"auto, (max-width: 724px) 100vw, 724px\" \/><\/figure>\n","protected":false},"excerpt":{"rendered":"<p>Remont torowiska \u2013 ul. Gliniana \/ ul. Borowska: Remont \u0142uku torowego i wymiana torowiska. Tramwaje: 8 \u2013 objazd przez \u015al\u0119\u017cn\u0105 (bez dojazdu na Tarnogaj) 18 i 21 \u2013 zmiany tras, pomini\u0119cie cz\u0119\u015bci przystank\u00f3w przy dworcach 708 \u2013 linia zast\u0119pcza (Dworcowa \u2013 Hubska \u2013 Kamienna) Wybrane linie autobusowe pojad\u0105 objazdami, cz\u0119\u015b\u0107 przystank\u00f3w b\u0119dzie czasowo wy\u0142\u0105czona. Dzi\u015b, [&hellip;]<\/p>\n","protected":false},"author":3,"featured_media":15819,"comment_status":"closed","ping_status":"open","sticky":false,"template":"","format":"standard","meta":{"footnotes":""},"categories":[14,12],"tags":[112,122,515],"class_list":["post-15816","post","type-post","status-publish","format-standard","has-post-thumbnail","hentry","category-aktualnosci","category-artykuly","tag-gaj","tag-komunikacja","tag-remont"],"_links":{"self":[{"href":"https:\/\/online.tvk-gaj.pl\/index.php?rest_route=\/wp\/v2\/posts\/15816","targetHints":{"allow":["GET"]}}],"collection":[{"href":"https:\/\/online.tvk-gaj.pl\/index.php?rest_route=\/wp\/v2\/posts"}],"about":[{"href":"https:\/\/online.tvk-gaj.pl\/index.php?rest_route=\/wp\/v2\/types\/post"}],"author":[{"embeddable":true,"href":"https:\/\/online.tvk-gaj.pl\/index.php?rest_route=\/wp\/v2\/users\/3"}],"replies":[{"embeddable":true,"href":"https:\/\/online.tvk-gaj.pl\/index.php?rest_route=%2Fwp%2Fv2%2Fcomments&post=15816"}],"version-history":[{"count":1,"href":"https:\/\/online.tvk-gaj.pl\/index.php?rest_route=\/wp\/v2\/posts\/15816\/revisions"}],"predecessor-version":[{"id":15820,"href":"https:\/\/online.tvk-gaj.pl\/index.php?rest_route=\/wp\/v2\/posts\/15816\/revisions\/15820"}],"wp:featuredmedia":[{"embeddable":true,"href":"https:\/\/online.tvk-gaj.pl\/index.php?rest_route=\/wp\/v2\/media\/15819"}],"wp:attachment":[{"href":"https:\/\/online.tvk-gaj.pl\/index.php?rest_route=%2Fwp%2Fv2%2Fmedia&parent=15816"}],"wp:term":[{"taxonomy":"category","embeddable":true,"href":"https:\/\/online.tvk-gaj.pl\/index.php?rest_route=%2Fwp%2Fv2%2Fcategories&post=15816"},{"taxonomy":"post_tag","embeddable":true,"href":"https:\/\/online.tvk-gaj.pl\/index.php?rest_route=%2Fwp%2Fv2%2Ftags&post=15816"}],"curies":[{"name":"wp","href":"https:\/\/api.w.org\/{rel}","templated":true}]}}