{"id":15826,"date":"2026-02-26T20:41:21","date_gmt":"2026-02-26T19:41:21","guid":{"rendered":"https:\/\/online.tvk-gaj.pl\/?p=15826"},"modified":"2026-02-26T20:41:22","modified_gmt":"2026-02-26T19:41:22","slug":"jakie-bedzie-podworko-przy-ulicy-krynickiej-54-92-spotkanie-konsultacyjne","status":"publish","type":"post","link":"https:\/\/online.tvk-gaj.pl\/?p=15826","title":{"rendered":"Jakie b\u0119dzie podw\u00f3rko przy ulicy Krynickiej 54\u201392? Spotkanie Konsultacyjne"},"content":{"rendered":"\n<p>\u017ar\u00f3d\u0142o : <a href=\"https:\/\/www.wroclaw.pl\/rozmawia\/jakie-bedzie-podworko-przy-ulicy-krynickiej-54-92\">https:\/\/www.wroclaw.pl\/rozmawia\/jakie-bedzie-podworko-przy-ulicy-krynickiej-54-92<\/a><\/p>\n\n\n\n<p>Co konsultujemy?<\/p>\n\n\n\n<p>Celem spotkania jest om\u00f3wienie plan\u00f3w zagospodarowania podw\u00f3rka przy ulicy Krynickiej \u2013 dzia\u0142ki nr 2\/79, 2\/80, 2\/81 \u2013 w cz\u0119\u015bci obejmuj\u0105cej wy\u0142\u0105cznie teren podw\u00f3rkowy, 2\/61, 2\/62, 2\/63, 2\/64, arkusz mapy 10, obr\u0119b Gaj.<\/p>\n\n\n\n<p>Jest to&nbsp;<a href=\"https:\/\/www.google.com\/url?q=https:\/\/www.wroclaw.pl\/rozmawia\/jak-odnowic-podworko-przy-krynickiej-54-92&amp;sa=D&amp;source=docs&amp;ust=1771926159558750&amp;usg=AOvVaw2ik_quy2ZRL4uVvDFbDYg8\">kontynuacja rozmowy<\/a>, kt\u00f3ra odby\u0142a si\u0119 2 pa\u017adziernika 2025 r. Teraz zostanie zaprezentowana koncepcja zagospodarowania podw\u00f3rka uwzgl\u0119dniaj\u0105ca potrzeby zg\u0142oszone przez mieszkanki i mieszka\u0144c\u00f3w na wcze\u015bniejszym etapie.<\/p>\n\n\n\n<p>B\u0105d\u017a na spotkaniu z projektantem, kt\u00f3ry om\u00f3wi przygotowane rozwi\u0105zania. B\u0119dzie to okazja do zg\u0142oszenia opinii.<\/p>\n\n\n\n<p><a href=\"https:\/\/www.wroclaw.pl\/rozmawia\/fundusz-osiedlowy-projekt\/gaj-1-edycja-2024-2025\">Projekt jest realizowany w ramach Funduszu Osiedlowego pod nazw\u0105 \u201eNawierzchnia jezdni i chodnika przy ul. Krynickiej 82\u201392\u201d<\/a>.<\/p>\n\n\n\n<p>Termin<\/p>\n\n\n\n<p>5 marca 2026 r., 17.30<br>Miejsce spotkania: Szko\u0142a Podstawowa nr 90, ul. Orzechowa 62<\/p>\n\n\n\n<p>Efekt<\/p>\n\n\n\n<p>Notatka z konsultacji z informacj\u0105 o uwzgl\u0119dnionych opiniach.<\/p>\n\n\n\n<figure class=\"wp-block-image size-large\"><img loading=\"lazy\" decoding=\"async\" width=\"725\" height=\"1024\" src=\"https:\/\/online.tvk-gaj.pl\/wp-content\/uploads\/2026\/02\/Krynicka-plakat_page-0001-725x1024.jpg\" alt=\"\" class=\"wp-image-15828\" srcset=\"https:\/\/online.tvk-gaj.pl\/wp-content\/uploads\/2026\/02\/Krynicka-plakat_page-0001-725x1024.jpg 725w, https:\/\/online.tvk-gaj.pl\/wp-content\/uploads\/2026\/02\/Krynicka-plakat_page-0001-212x300.jpg 212w, https:\/\/online.tvk-gaj.pl\/wp-content\/uploads\/2026\/02\/Krynicka-plakat_page-0001-768x1085.jpg 768w, https:\/\/online.tvk-gaj.pl\/wp-content\/uploads\/2026\/02\/Krynicka-plakat_page-0001-1087x1536.jpg 1087w, https:\/\/online.tvk-gaj.pl\/wp-content\/uploads\/2026\/02\/Krynicka-plakat_page-0001-1449x2048.jpg 1449w, https:\/\/online.tvk-gaj.pl\/wp-content\/uploads\/2026\/02\/Krynicka-plakat_page-0001.jpg 1755w\" sizes=\"auto, (max-width: 725px) 100vw, 725px\" \/><\/figure>\n\n\n\n<p><\/p>\n","protected":false},"excerpt":{"rendered":"<p>\u017ar\u00f3d\u0142o : https:\/\/www.wroclaw.pl\/rozmawia\/jakie-bedzie-podworko-przy-ulicy-krynickiej-54-92 Co konsultujemy? Celem spotkania jest om\u00f3wienie plan\u00f3w zagospodarowania podw\u00f3rka przy ulicy Krynickiej \u2013 dzia\u0142ki nr 2\/79, 2\/80, 2\/81 \u2013 w cz\u0119\u015bci obejmuj\u0105cej wy\u0142\u0105cznie teren podw\u00f3rkowy, 2\/61, 2\/62, 2\/63, 2\/64, arkusz mapy 10, obr\u0119b Gaj. Jest to&nbsp;kontynuacja rozmowy, kt\u00f3ra odby\u0142a si\u0119 2 pa\u017adziernika 2025 r. Teraz zostanie zaprezentowana koncepcja zagospodarowania podw\u00f3rka uwzgl\u0119dniaj\u0105ca potrzeby [&hellip;]<\/p>\n","protected":false},"author":3,"featured_media":15827,"comment_status":"closed","ping_status":"open","sticky":false,"template":"","format":"standard","meta":{"footnotes":""},"categories":[14,12],"tags":[],"class_list":["post-15826","post","type-post","status-publish","format-standard","has-post-thumbnail","hentry","category-aktualnosci","category-artykuly"],"_links":{"self":[{"href":"https:\/\/online.tvk-gaj.pl\/index.php?rest_route=\/wp\/v2\/posts\/15826","targetHints":{"allow":["GET"]}}],"collection":[{"href":"https:\/\/online.tvk-gaj.pl\/index.php?rest_route=\/wp\/v2\/posts"}],"about":[{"href":"https:\/\/online.tvk-gaj.pl\/index.php?rest_route=\/wp\/v2\/types\/post"}],"author":[{"embeddable":true,"href":"https:\/\/online.tvk-gaj.pl\/index.php?rest_route=\/wp\/v2\/users\/3"}],"replies":[{"embeddable":true,"href":"https:\/\/online.tvk-gaj.pl\/index.php?rest_route=%2Fwp%2Fv2%2Fcomments&post=15826"}],"version-history":[{"count":1,"href":"https:\/\/online.tvk-gaj.pl\/index.php?rest_route=\/wp\/v2\/posts\/15826\/revisions"}],"predecessor-version":[{"id":15829,"href":"https:\/\/online.tvk-gaj.pl\/index.php?rest_route=\/wp\/v2\/posts\/15826\/revisions\/15829"}],"wp:featuredmedia":[{"embeddable":true,"href":"https:\/\/online.tvk-gaj.pl\/index.php?rest_route=\/wp\/v2\/media\/15827"}],"wp:attachment":[{"href":"https:\/\/online.tvk-gaj.pl\/index.php?rest_route=%2Fwp%2Fv2%2Fmedia&parent=15826"}],"wp:term":[{"taxonomy":"category","embeddable":true,"href":"https:\/\/online.tvk-gaj.pl\/index.php?rest_route=%2Fwp%2Fv2%2Fcategories&post=15826"},{"taxonomy":"post_tag","embeddable":true,"href":"https:\/\/online.tvk-gaj.pl\/index.php?rest_route=%2Fwp%2Fv2%2Ftags&post=15826"}],"curies":[{"name":"wp","href":"https:\/\/api.w.org\/{rel}","templated":true}]}}