{"id":15830,"date":"2026-03-03T21:58:08","date_gmt":"2026-03-03T20:58:08","guid":{"rendered":"https:\/\/online.tvk-gaj.pl\/?p=15830"},"modified":"2026-03-03T21:58:08","modified_gmt":"2026-03-03T20:58:08","slug":"dzien-kobiet-w-ferio-zadbaj-o-siebie","status":"publish","type":"post","link":"https:\/\/online.tvk-gaj.pl\/?p=15830","title":{"rendered":"Dzie\u0144 Kobiet w Ferio \u2013 zadbaj o siebie!"},"content":{"rendered":"\n<p><img loading=\"lazy\" decoding=\"async\" height=\"16\" width=\"16\" alt=\"&#x1f337;\" src=\"https:\/\/static.xx.fbcdn.net\/images\/emoji.php\/v9\/t6f\/1\/16\/1f337.png\"> Dzie\u0144 Kobiet w Ferio \u2013 zadbaj o siebie! <img loading=\"lazy\" decoding=\"async\" height=\"16\" width=\"16\" alt=\"&#x1f337;\" src=\"https:\/\/static.xx.fbcdn.net\/images\/emoji.php\/v9\/t6f\/1\/16\/1f337.png\"><\/p>\n\n\n\n<p>Ju\u017c 7 marca w godz. 11:00\u201319:00 zapraszamy do Ferio Gaj na wyj\u0105tkow\u0105 akcj\u0119 darmowych bada\u0144 profilaktycznych dla kobiet <img loading=\"lazy\" decoding=\"async\" height=\"16\" width=\"16\" alt=\"&#x1f497;\" src=\"https:\/\/static.xx.fbcdn.net\/images\/emoji.php\/v9\/t6a\/1\/16\/1f497.png\"><\/p>\n\n\n\n<p>W programie:<\/p>\n\n\n\n<p><img loading=\"lazy\" decoding=\"async\" height=\"16\" width=\"16\" alt=\"&#x2714;\" src=\"https:\/\/static.xx.fbcdn.net\/images\/emoji.php\/v9\/t51\/1\/16\/2714.png\"> badanie trychologiczne<\/p>\n\n\n\n<p><img loading=\"lazy\" decoding=\"async\" height=\"16\" width=\"16\" alt=\"&#x2714;\" src=\"https:\/\/static.xx.fbcdn.net\/images\/emoji.php\/v9\/t51\/1\/16\/2714.png\"> konsultacje z dietetykiem klinicznym<\/p>\n\n\n\n<p>To doskona\u0142a okazja, aby po\u015bwi\u0119ci\u0107 chwil\u0119 dla siebie i zadba\u0107 o swoje zdrowie pod okiem specjalist\u00f3w.<\/p>\n\n\n\n<p>\u015awi\u0119tuj Dzie\u0144 Kobiet \u015bwiadomie, bo zdrowie jest najpi\u0119kniejszym prezentem! <img loading=\"lazy\" decoding=\"async\" height=\"16\" width=\"16\" alt=\"&#x1f338;\" src=\"https:\/\/static.xx.fbcdn.net\/images\/emoji.php\/v9\/tf0\/1\/16\/1f338.png\"><\/p>\n\n\n\n<p>Do zobaczenia?<\/p>\n\n\n\n<figure class=\"wp-block-image size-large\"><img loading=\"lazy\" decoding=\"async\" width=\"1024\" height=\"1024\" src=\"https:\/\/online.tvk-gaj.pl\/wp-content\/uploads\/2026\/03\/639661426_1618108056457451_4253102438980387934_n-1024x1024.jpg\" alt=\"\" class=\"wp-image-15831\" srcset=\"https:\/\/online.tvk-gaj.pl\/wp-content\/uploads\/2026\/03\/639661426_1618108056457451_4253102438980387934_n-1024x1024.jpg 1024w, https:\/\/online.tvk-gaj.pl\/wp-content\/uploads\/2026\/03\/639661426_1618108056457451_4253102438980387934_n-300x300.jpg 300w, https:\/\/online.tvk-gaj.pl\/wp-content\/uploads\/2026\/03\/639661426_1618108056457451_4253102438980387934_n-150x150.jpg 150w, https:\/\/online.tvk-gaj.pl\/wp-content\/uploads\/2026\/03\/639661426_1618108056457451_4253102438980387934_n-768x768.jpg 768w, https:\/\/online.tvk-gaj.pl\/wp-content\/uploads\/2026\/03\/639661426_1618108056457451_4253102438980387934_n-160x160.jpg 160w, https:\/\/online.tvk-gaj.pl\/wp-content\/uploads\/2026\/03\/639661426_1618108056457451_4253102438980387934_n-240x240.jpg 240w, https:\/\/online.tvk-gaj.pl\/wp-content\/uploads\/2026\/03\/639661426_1618108056457451_4253102438980387934_n-60x60.jpg 60w, https:\/\/online.tvk-gaj.pl\/wp-content\/uploads\/2026\/03\/639661426_1618108056457451_4253102438980387934_n-184x184.jpg 184w, https:\/\/online.tvk-gaj.pl\/wp-content\/uploads\/2026\/03\/639661426_1618108056457451_4253102438980387934_n.jpg 1200w\" sizes=\"auto, (max-width: 1024px) 100vw, 1024px\" \/><\/figure>\n","protected":false},"excerpt":{"rendered":"<p>Dzie\u0144 Kobiet w Ferio \u2013 zadbaj o siebie! Ju\u017c 7 marca w godz. 11:00\u201319:00 zapraszamy do Ferio Gaj na wyj\u0105tkow\u0105 akcj\u0119 darmowych bada\u0144 profilaktycznych dla kobiet W programie: badanie trychologiczne konsultacje z dietetykiem klinicznym To doskona\u0142a okazja, aby po\u015bwi\u0119ci\u0107 chwil\u0119 dla siebie i zadba\u0107 o swoje zdrowie pod okiem specjalist\u00f3w. \u015awi\u0119tuj Dzie\u0144 Kobiet \u015bwiadomie, bo [&hellip;]<\/p>\n","protected":false},"author":3,"featured_media":15832,"comment_status":"closed","ping_status":"open","sticky":false,"template":"","format":"standard","meta":{"footnotes":""},"categories":[14,12],"tags":[1847,735,112],"class_list":["post-15830","post","type-post","status-publish","format-standard","has-post-thumbnail","hentry","category-aktualnosci","category-artykuly","tag-dzienkobiet","tag-ferio","tag-gaj"],"_links":{"self":[{"href":"https:\/\/online.tvk-gaj.pl\/index.php?rest_route=\/wp\/v2\/posts\/15830","targetHints":{"allow":["GET"]}}],"collection":[{"href":"https:\/\/online.tvk-gaj.pl\/index.php?rest_route=\/wp\/v2\/posts"}],"about":[{"href":"https:\/\/online.tvk-gaj.pl\/index.php?rest_route=\/wp\/v2\/types\/post"}],"author":[{"embeddable":true,"href":"https:\/\/online.tvk-gaj.pl\/index.php?rest_route=\/wp\/v2\/users\/3"}],"replies":[{"embeddable":true,"href":"https:\/\/online.tvk-gaj.pl\/index.php?rest_route=%2Fwp%2Fv2%2Fcomments&post=15830"}],"version-history":[{"count":1,"href":"https:\/\/online.tvk-gaj.pl\/index.php?rest_route=\/wp\/v2\/posts\/15830\/revisions"}],"predecessor-version":[{"id":15833,"href":"https:\/\/online.tvk-gaj.pl\/index.php?rest_route=\/wp\/v2\/posts\/15830\/revisions\/15833"}],"wp:featuredmedia":[{"embeddable":true,"href":"https:\/\/online.tvk-gaj.pl\/index.php?rest_route=\/wp\/v2\/media\/15832"}],"wp:attachment":[{"href":"https:\/\/online.tvk-gaj.pl\/index.php?rest_route=%2Fwp%2Fv2%2Fmedia&parent=15830"}],"wp:term":[{"taxonomy":"category","embeddable":true,"href":"https:\/\/online.tvk-gaj.pl\/index.php?rest_route=%2Fwp%2Fv2%2Fcategories&post=15830"},{"taxonomy":"post_tag","embeddable":true,"href":"https:\/\/online.tvk-gaj.pl\/index.php?rest_route=%2Fwp%2Fv2%2Ftags&post=15830"}],"curies":[{"name":"wp","href":"https:\/\/api.w.org\/{rel}","templated":true}]}}