{"id":15852,"date":"2026-03-12T21:41:56","date_gmt":"2026-03-12T20:41:56","guid":{"rendered":"https:\/\/online.tvk-gaj.pl\/?p=15852"},"modified":"2026-03-12T21:41:57","modified_gmt":"2026-03-12T20:41:57","slug":"poradnia-rodzinna-franciszek-wznowila-dzialalnosc","status":"publish","type":"post","link":"https:\/\/online.tvk-gaj.pl\/?p=15852","title":{"rendered":"Poradnia Rodzinna &#8222;Franciszek&#8221; wznowi\u0142a dzia\u0142alno\u015b\u0107"},"content":{"rendered":"\n<p>Uprzejmie informujemy, \u017ce od lutego 2026 roku wznowi\u0142a dzia\u0142alno\u015b\u0107 Poradnia Rodzinna &#8222;Franciszek&#8221; znajduj\u0105ca si\u0119 na terenie parafii pw. \u015bw. Franciszka z Asy\u017cu.<\/p>\n\n\n\n<p>Poradnia jest wsp\u00f3\u0142finansowana przez Gmin\u0119 Wroc\u0142aw. W za\u0142o\u017ceniu oferuje bezp\u0142atne porady w zakresie szeroko rozumianego zdrowia psychicznego mieszka\u0144com Wroc\u0142awia. Nasza poradnia z racji lokalizacji dedykowana jest dla os\u00f3b mieszkaj\u0105cych na terenie osiedla Gaj oraz w jego okolicach.<\/p>\n\n\n\n<figure class=\"wp-block-image size-large\"><img loading=\"lazy\" decoding=\"async\" width=\"724\" height=\"1024\" src=\"https:\/\/online.tvk-gaj.pl\/wp-content\/uploads\/2026\/03\/650303485_1642600564122380_1325237472141862506_n-724x1024.jpg\" alt=\"\" class=\"wp-image-15853\" srcset=\"https:\/\/online.tvk-gaj.pl\/wp-content\/uploads\/2026\/03\/650303485_1642600564122380_1325237472141862506_n-724x1024.jpg 724w, https:\/\/online.tvk-gaj.pl\/wp-content\/uploads\/2026\/03\/650303485_1642600564122380_1325237472141862506_n-212x300.jpg 212w, https:\/\/online.tvk-gaj.pl\/wp-content\/uploads\/2026\/03\/650303485_1642600564122380_1325237472141862506_n-768x1086.jpg 768w, https:\/\/online.tvk-gaj.pl\/wp-content\/uploads\/2026\/03\/650303485_1642600564122380_1325237472141862506_n.jpg 842w\" sizes=\"auto, (max-width: 724px) 100vw, 724px\" \/><\/figure>\n","protected":false},"excerpt":{"rendered":"<p>Uprzejmie informujemy, \u017ce od lutego 2026 roku wznowi\u0142a dzia\u0142alno\u015b\u0107 Poradnia Rodzinna &#8222;Franciszek&#8221; znajduj\u0105ca si\u0119 na terenie parafii pw. \u015bw. Franciszka z Asy\u017cu. Poradnia jest wsp\u00f3\u0142finansowana przez Gmin\u0119 Wroc\u0142aw. W za\u0142o\u017ceniu oferuje bezp\u0142atne porady w zakresie szeroko rozumianego zdrowia psychicznego mieszka\u0144com Wroc\u0142awia. Nasza poradnia z racji lokalizacji dedykowana jest dla os\u00f3b mieszkaj\u0105cych na terenie osiedla Gaj [&hellip;]<\/p>\n","protected":false},"author":3,"featured_media":15727,"comment_status":"closed","ping_status":"open","sticky":false,"template":"","format":"standard","meta":{"footnotes":""},"categories":[14,12],"tags":[],"class_list":["post-15852","post","type-post","status-publish","format-standard","has-post-thumbnail","hentry","category-aktualnosci","category-artykuly"],"_links":{"self":[{"href":"https:\/\/online.tvk-gaj.pl\/index.php?rest_route=\/wp\/v2\/posts\/15852","targetHints":{"allow":["GET"]}}],"collection":[{"href":"https:\/\/online.tvk-gaj.pl\/index.php?rest_route=\/wp\/v2\/posts"}],"about":[{"href":"https:\/\/online.tvk-gaj.pl\/index.php?rest_route=\/wp\/v2\/types\/post"}],"author":[{"embeddable":true,"href":"https:\/\/online.tvk-gaj.pl\/index.php?rest_route=\/wp\/v2\/users\/3"}],"replies":[{"embeddable":true,"href":"https:\/\/online.tvk-gaj.pl\/index.php?rest_route=%2Fwp%2Fv2%2Fcomments&post=15852"}],"version-history":[{"count":1,"href":"https:\/\/online.tvk-gaj.pl\/index.php?rest_route=\/wp\/v2\/posts\/15852\/revisions"}],"predecessor-version":[{"id":15854,"href":"https:\/\/online.tvk-gaj.pl\/index.php?rest_route=\/wp\/v2\/posts\/15852\/revisions\/15854"}],"wp:featuredmedia":[{"embeddable":true,"href":"https:\/\/online.tvk-gaj.pl\/index.php?rest_route=\/wp\/v2\/media\/15727"}],"wp:attachment":[{"href":"https:\/\/online.tvk-gaj.pl\/index.php?rest_route=%2Fwp%2Fv2%2Fmedia&parent=15852"}],"wp:term":[{"taxonomy":"category","embeddable":true,"href":"https:\/\/online.tvk-gaj.pl\/index.php?rest_route=%2Fwp%2Fv2%2Fcategories&post=15852"},{"taxonomy":"post_tag","embeddable":true,"href":"https:\/\/online.tvk-gaj.pl\/index.php?rest_route=%2Fwp%2Fv2%2Ftags&post=15852"}],"curies":[{"name":"wp","href":"https:\/\/api.w.org\/{rel}","templated":true}]}}