{"id":15859,"date":"2026-03-12T21:51:17","date_gmt":"2026-03-12T20:51:17","guid":{"rendered":"https:\/\/online.tvk-gaj.pl\/?p=15859"},"modified":"2026-03-12T21:51:47","modified_gmt":"2026-03-12T20:51:47","slug":"jeszcze-w-tym-miesiacu-planujemy-zakonczyc-budowe-kolejnego-odcinka-tat-na-jagodno","status":"publish","type":"post","link":"https:\/\/online.tvk-gaj.pl\/?p=15859","title":{"rendered":"Jeszcze w tym miesi\u0105cu planujemy zako\u0144czy\u0107 budow\u0119 kolejnego odcinka TAT na Jagodno"},"content":{"rendered":"\n<p>\u017ar\u00f3d\u0142o : <a href=\"https:\/\/www.facebook.com\/wroclawskieinwestycje\">https:\/\/www.facebook.com\/wroclawskieinwestycje<\/a><\/p>\n\n\n\n<p>link do video : <a href=\"https:\/\/www.facebook.com\/reel\/1455650792956771\">https:\/\/www.facebook.com\/reel\/1455650792956771<\/a><\/p>\n\n\n\n<p>Jeszcze w tym miesi\u0105cu planujemy zako\u0144czy\u0107 budow\u0119 kolejnego odcinka TAT na Jagodno &#x1f6a7;&#x1f68b;<\/p>\n\n\n\n<p>Inwestycja obj\u0119\u0142a blisko 200-metrowy odcinek ul. Bardzkiej \u2013 od Al. Armii Krajowej do ul. Pi\u0119knej. Po nowym torowisku tramwaje je\u017cd\u017c\u0105 ju\u017c od 15 grudnia &#x1f68b;, a wkr\u00f3tce do\u0142\u0105cz\u0105 do nich autobusy &#x1f68c;.<\/p>\n\n\n\n<p>W ramach inwestycji usuni\u0119to kolizje z kablami \u015bredniego napi\u0119cia i gazoci\u0105giem oraz wybudowano zjazd dla autobus\u00f3w z torowiska na jezdni\u0119. Przebudowane zosta\u0142y tak\u017ce przej\u015bcia dla pieszych przez ul. Bardzk\u0105 wraz z sygnalizacj\u0105 \u015bwietln\u0105 &#x1f6a6;. Powsta\u0142 r\u00f3wnie\u017c przejazd rowerowy &#x1f6b2;, o\u015bwietlenie &#x1f4a1; oraz nowy peron dla pojazd\u00f3w MPK.<\/p>\n\n\n\n<p>Wykonawca w\u0142a\u015bnie zamontowa\u0142 infrastruktur\u0119 przystankow\u0105. Trwaj\u0105 jeszcze prace porz\u0105dkowe, nasadzenia zieleni &#x1f331; i przygotowania do uruchomienia ruchu autobusowego, co oznacza zmiany w komunikacji miejskiej.<\/p>\n\n\n\n<p>Dzi\u0119ki nowej trasie autobusowo-tramwajowej pasa\u017cerowie zyskaj\u0105 szybszy i bardziej komfortowy dojazd zar\u00f3wno na po\u0142udnie Wroc\u0142awia, jak i do centrum &#x1f68b;&#x1f68c;. Autobusy jad\u0105ce do i z p\u0119tli Jagodno P+R b\u0119d\u0105 mog\u0142y pokonywa\u0107 niemal ca\u0142\u0105 tras\u0119 wydzielonym pasem.<\/p>\n\n\n\n<p>Koszt inwestycji to ponad 12 mln z\u0142 &#x1f4b0;<\/p>\n\n\n\n<figure class=\"wp-block-image size-full\"><img loading=\"lazy\" decoding=\"async\" width=\"484\" height=\"533\" src=\"https:\/\/online.tvk-gaj.pl\/wp-content\/uploads\/2026\/03\/Zrzut-ekranu-2026-03-12-214837.png\" alt=\"\" class=\"wp-image-15860\" srcset=\"https:\/\/online.tvk-gaj.pl\/wp-content\/uploads\/2026\/03\/Zrzut-ekranu-2026-03-12-214837.png 484w, https:\/\/online.tvk-gaj.pl\/wp-content\/uploads\/2026\/03\/Zrzut-ekranu-2026-03-12-214837-272x300.png 272w\" sizes=\"auto, (max-width: 484px) 100vw, 484px\" \/><\/figure>\n\n\n\n<p><\/p>\n","protected":false},"excerpt":{"rendered":"<p>\u017ar\u00f3d\u0142o : https:\/\/www.facebook.com\/wroclawskieinwestycje link do video : https:\/\/www.facebook.com\/reel\/1455650792956771 Jeszcze w tym miesi\u0105cu planujemy zako\u0144czy\u0107 budow\u0119 kolejnego odcinka TAT na Jagodno &#x1f6a7;&#x1f68b; Inwestycja obj\u0119\u0142a blisko 200-metrowy odcinek ul. Bardzkiej \u2013 od Al. Armii Krajowej do ul. Pi\u0119knej. Po nowym torowisku tramwaje je\u017cd\u017c\u0105 ju\u017c od 15 grudnia &#x1f68b;, a wkr\u00f3tce do\u0142\u0105cz\u0105 do nich autobusy &#x1f68c;. W ramach [&hellip;]<\/p>\n","protected":false},"author":3,"featured_media":15860,"comment_status":"closed","ping_status":"open","sticky":false,"template":"","format":"standard","meta":{"footnotes":""},"categories":[14,12],"tags":[],"class_list":["post-15859","post","type-post","status-publish","format-standard","has-post-thumbnail","hentry","category-aktualnosci","category-artykuly"],"_links":{"self":[{"href":"https:\/\/online.tvk-gaj.pl\/index.php?rest_route=\/wp\/v2\/posts\/15859","targetHints":{"allow":["GET"]}}],"collection":[{"href":"https:\/\/online.tvk-gaj.pl\/index.php?rest_route=\/wp\/v2\/posts"}],"about":[{"href":"https:\/\/online.tvk-gaj.pl\/index.php?rest_route=\/wp\/v2\/types\/post"}],"author":[{"embeddable":true,"href":"https:\/\/online.tvk-gaj.pl\/index.php?rest_route=\/wp\/v2\/users\/3"}],"replies":[{"embeddable":true,"href":"https:\/\/online.tvk-gaj.pl\/index.php?rest_route=%2Fwp%2Fv2%2Fcomments&post=15859"}],"version-history":[{"count":1,"href":"https:\/\/online.tvk-gaj.pl\/index.php?rest_route=\/wp\/v2\/posts\/15859\/revisions"}],"predecessor-version":[{"id":15861,"href":"https:\/\/online.tvk-gaj.pl\/index.php?rest_route=\/wp\/v2\/posts\/15859\/revisions\/15861"}],"wp:featuredmedia":[{"embeddable":true,"href":"https:\/\/online.tvk-gaj.pl\/index.php?rest_route=\/wp\/v2\/media\/15860"}],"wp:attachment":[{"href":"https:\/\/online.tvk-gaj.pl\/index.php?rest_route=%2Fwp%2Fv2%2Fmedia&parent=15859"}],"wp:term":[{"taxonomy":"category","embeddable":true,"href":"https:\/\/online.tvk-gaj.pl\/index.php?rest_route=%2Fwp%2Fv2%2Fcategories&post=15859"},{"taxonomy":"post_tag","embeddable":true,"href":"https:\/\/online.tvk-gaj.pl\/index.php?rest_route=%2Fwp%2Fv2%2Ftags&post=15859"}],"curies":[{"name":"wp","href":"https:\/\/api.w.org\/{rel}","templated":true}]}}