{"id":1586,"date":"2013-09-03T23:51:57","date_gmt":"2013-09-03T21:51:57","guid":{"rendered":"http:\/\/www.tvk-gaj.pl\/~gajonline\/?p=1586"},"modified":"2013-09-03T23:51:57","modified_gmt":"2013-09-03T21:51:57","slug":"historia-centrum-handlowego-gaj","status":"publish","type":"post","link":"https:\/\/online.tvk-gaj.pl\/?p=1586","title":{"rendered":"Historia Centrum Handlowego Gaj"},"content":{"rendered":"<p>W miesi\u0105cu marcu 1997 roku na Walnym Zgromadzeniu Krzyckiego Stowarzyszenia<\/p>\n<p>Kupc\u00f3w podj\u0119ta zosta\u0142a uchwa\u0142a na mocy kt\u00f3rej zosta\u0142a powo\u0142ana Krzycka Sp\u00f3\u0142ka Kupiecka.<\/p>\n<p>G\u0142\u00f3wnym celem nowo powsta\u0142ego podmiotu gospodarczego by\u0142o przeprowadzenie inwestycji<\/p>\n<p>w postaci budowy obiektu handlowego dla kupc\u00f3w z likwidowanego w\u00f3wczas placu<\/p>\n<p>targowego przy ulicach Komandorska-Studzienna. <!--more--><\/p>\n<p>&nbsp;<\/p>\n<p><img loading=\"lazy\" decoding=\"async\" class=\"alignleft size-full wp-image-1589\" alt=\"z14230542Q,Centrum-Handlowe-Gaj\" src=\"http:\/\/www.tvk-gaj.pl\/~gajonline\/wp-content\/uploads\/2013\/09\/z14230542QCentrum-Handlowe-Gaj.jpg\" width=\"620\" height=\"412\" srcset=\"https:\/\/online.tvk-gaj.pl\/wp-content\/uploads\/2013\/09\/z14230542QCentrum-Handlowe-Gaj.jpg 620w, https:\/\/online.tvk-gaj.pl\/wp-content\/uploads\/2013\/09\/z14230542QCentrum-Handlowe-Gaj-300x199.jpg 300w, https:\/\/online.tvk-gaj.pl\/wp-content\/uploads\/2013\/09\/z14230542QCentrum-Handlowe-Gaj-321x214.jpg 321w, https:\/\/online.tvk-gaj.pl\/wp-content\/uploads\/2013\/09\/z14230542QCentrum-Handlowe-Gaj-140x94.jpg 140w\" sizes=\"auto, (max-width: 620px) 100vw, 620px\" \/><\/p>\n<p>&nbsp;<\/p>\n<p>&nbsp;<\/p>\n<p>Pierwotny plan zak\u0142ada\u0142 realizacje obiektu<\/p>\n<p>na terenie zajmowanym przez targowisko, lecz z wielu wzgl\u0119d\u00f3w sta\u0142o si\u0119 to nierealne i<\/p>\n<p>dlatego te\u017c rozpocz\u0119to starania o inny alternatywny grunt. Uchwa\u0142a Walnego Zgromadzenia<\/p>\n<p>Krzyckiego Stowarzyszenia Kupc\u00f3w zobligowa\u0142a Zarz\u0105d Stowarzyszenia do rejestracji<\/p>\n<p>podmiotu gospodarczego pod nazw\u0105 Krzycka Sp\u00f3\u0142ka Kupiecka nie precyzuj\u0105c jednak formy<\/p>\n<p>prawnej sp\u00f3\u0142ki. Po g\u0142\u0119bokiej analizie wyb\u00f3r pad\u0142 na dwie formy jedna z nich to akcjonariat<\/p>\n<p>czyli sp\u00f3\u0142ka akcyjna druga to sp\u00f3\u0142ka z ograniczon\u0105 odpowiedzialno\u015bci\u0105. Zdaj\u0105c sobie spraw\u0119<\/p>\n<p>z faktu o ilo\u015bci udzia\u0142owc\u00f3w najkorzystniejszym rozwi\u0105zaniem by\u0142o powo\u0142anie sp\u00f3\u0142ki<\/p>\n<p>akcyjnej, jednak maj\u0105 na uwadze uwarunkowania zwi\u0105zane z pozyskaniem kapita\u0142u w obliczu<\/p>\n<p>braku pewno\u015bci co do powodzenia zamierze\u0144 inwestycyjnych uznali\u015bmy, \u017ce zgromadzenie<\/p>\n<p>niezb\u0119dnych 100 000 pln jest nierealne. Jedyn\u0105 form\u0105 alternatywn\u0105 dla sp\u00f3\u0142ki akcyjnej sta\u0142a<\/p>\n<p>si\u0119 sp\u00f3\u0142ka z ograniczon\u0105 odpowiedzialno\u015bci\u0105. Po przedstawieniu Zarz\u0105dowi Krzyckiego<\/p>\n<p>Stowarzyszenia Kupc\u00f3w swojej analizy zosta\u0142a podj\u0119ta uchwa\u0142a co do formy prawnej<\/p>\n<p>Krzyckiej Sp\u00f3\u0142ki Kupieckiej. Zorganizowanie sp\u00f3\u0142ki tj. pierwszej rejestracji bior\u0105c og\u00f3\u0142<\/p>\n<p>cz\u0142onk\u00f3w stowarzyszenia wydawa\u0142 nam si\u0119 bardzo trudny, dlatego te\u017c sta\u0142a si\u0119 ona z<\/p>\n<p>udzia\u0142em Zarz\u0105du Krzyckiego Stowarzyszenia Kupc\u00f3w. Opracowanie strony prawnej zosta\u0142o<\/p>\n<p>zlecone Kancelarii Prawnej &#8222;Lex Varia&#8221; oraz Kancelarii Notarialnej p. Lecha Orlewskiego.<\/p>\n<p>30.05.1997 w S\u0105dzie Rejonowym dla Wroc\u0142awia Fabryczna Wydzia\u0142 IV Gospodarczy zosta\u0142<\/p>\n<p>z\u0142o\u017cony wniosek o rejestracj\u0119. 04.06.1997 roku zosta\u0142o wydane postanowienie o rejestracji<\/p>\n<p>Krzyckiej Sp\u00f3\u0142ki Kupieckiej Sp\u00f3\u0142ka Z Ograniczon\u0105 Odpowiedzialno\u015bci\u0105. Jako siedzib\u0119<\/p>\n<p>wybrano lokal wynaj\u0119ty we Wroc\u0142awiu przy ulicy Podwale 65\/17. Pierwszy kapita\u0142 zosta\u0142<\/p>\n<p>wniesiony przez cz\u0142onk\u00f3w Zarz\u0105du Krzyckiego Stowarzyszenia Kupc\u00f3w. Po<\/p>\n<p>uprawomocnieniu postanowienia S\u0105dowego rozpocz\u0105\u0142 si\u0119 proces przyjmowania na<\/p>\n<p>udzia\u0142owc\u00f3w cz\u0142onk\u00f3w Krzyckiego Stowarzyszenia Kupc\u00f3w. Wysoko\u015b\u0107 minimalnego<\/p>\n<p>wk\u0142adu ustalono na 500 pln tj. pi\u0119\u0107 udzia\u0142\u00f3w co mia\u0142o by\u0107 miernikiem faktycznego<\/p>\n<p>zainteresowania si\u0119 wsp\u00f3\u0142uczestnictwem w inwestycji. W miesi\u0105cu czerwcu 1997 roku<\/p>\n<p>rozpocz\u0105\u0142 si\u0119 proces wnoszenia udzia\u0142\u00f3w i przyjmowania na udzia\u0142owc\u00f3w wszystkich<\/p>\n<p>zainteresowanych cz\u0142onk\u00f3w Krzyckiego Stowarzyszenia Kupc\u00f3w. Z uwagi na wymagan\u0105<\/p>\n<p>obecno\u015b\u0107 notariusza i sporz\u0105dzenia stosownych akt\u00f3w notarialnych proces ten zosta\u0142<\/p>\n<p>zako\u0144czony protoko\u0142em w dniu 25.06.1997. Po przygotowaniu wszystkich wymaganych<\/p>\n<p>dokument\u00f3w do rejestracji siedziba Krzyckiej Sp\u00f3\u0142ki Kupieckiej sp\u00f3\u0142ka z ograniczon\u0105<\/p>\n<p>odpowiedzialno\u015bci\u0105 przy ulicy Podwale 65\/17 zosta\u0142a zalana przez pow\u00f3d\u017a. Po odtworzeniu<\/p>\n<p>cz\u0119\u015bciowo zniszczonych dokument\u00f3w i znalezieniu nowej siedziby w dniu 19.12.1997 roku<\/p>\n<p>zosta\u0142 z\u0142o\u017cony wniosek o rejestracj\u0119 zmian. Po z\u0142o\u017ceniu wniosku do S\u0105du Gospodarczego<\/p>\n<p>Krzycka Sp\u00f3\u0142ka Kupiecka sp. z o.o. w \u015bwietle unormowa\u0144 prawnych zmieni\u0142a swoj\u0105 siedzib\u0119<\/p>\n<p>co jednoznacznie wi\u0105za\u0142o si\u0119 ze zmian\u0105 Urz\u0119du Skarbowego mog\u0105cego zarejestrowa\u0107<\/p>\n<p>dzia\u0142alno\u015b\u0107 gospodarcz\u0105. Postanowienie a raczej jego nie wydanie ogranicza\u0142o w spos\u00f3b<\/p>\n<p>powa\u015cny prowadzenie dzia\u0142alno\u015bci. Monitowania w biurze podawczym nie odnosi\u0142y \u017cadnego<\/p>\n<p>skutku, a bior\u0105c pod uwag\u0119 konieczno\u015b\u0107 rejestracji kolejnego protoko\u0142u mimo, \u017ce w \u015bwietle<\/p>\n<p>prawa podj\u0119te na nim uchwa\u0142y nie mia\u0142y mocy prawnej, gdy\u017c poprzednio z\u0142o\u017cone zmiany nie<\/p>\n<p>by\u0142y jeszcze prawomocne. Wniosek ten zosta\u0142 z\u0142o\u017cony 26.06.1998 z uwagi na niezwykle<\/p>\n<p>wa\u017cne uchwa\u0142y w nim zawarte tj. zmian\u0119 ca\u0142ej umowy sp\u00f3\u0142ki, sta\u0142 si\u0119 on spraw\u0105<\/p>\n<p>priorytetow\u0105dla dalszego funkcjonowania. Dodatkowym czynnikiem pogarszaj\u0105cym sytuacje by\u0142 fakt<\/p>\n<p>zmiany sk\u0142adu Zarz\u0105du co mia\u0142o swoje odzwierciedlenie w protokole z kolejnego<\/p>\n<p>nadzwyczajnego Zgromadzenia Udzia\u0142owc\u00f3w. 22.07.1998 roku S\u0105d Gospodarczy wyda\u0142<\/p>\n<p>postanowienie o zarejestrowaniu dw\u00f3ch wcze\u015bniejszych z\u0142o\u017conych wniosk\u00f3w. Postanowienia<\/p>\n<p>S\u0105du by\u0142y jednak dla Krzyckiej Sp\u00f3\u0142ki Kupieckiej jak si\u0119 okaza\u0142o niepe\u0142ne gdy\u017c brakowa\u0142o w<\/p>\n<p>nich zapisu o zmianie siedziby. W celu uwzgl\u0119dnienia przez S\u0105d skierowano kilka pism, w<\/p>\n<p>kt\u00f3rych prosili\u015bmy o dokonanie stosownych wpis\u00f3w zmieniaj\u0105cych adres siedziby.<\/p>\n<p>30.12.1998 roku skierowano wniosek o rejestracje kolejnego protoko\u0142u z Nadzwyczajnego<\/p>\n<p>Zgromadzenia Udzia\u0142owc\u00f3w na kt\u00f3rym zosta\u0142a podj\u0119ta decyzja o po\u0142\u0105czeniu dw\u00f3ch<\/p>\n<p>protoko\u0142\u00f3w w jednym wniosku. Pierwszy protok\u00f3\u0142 obejmowa\u0142 mi\u0119dzy innymi uchwa\u0142y<\/p>\n<p>zmieniaj\u0105ce sk\u0142ad Zarz\u0105du oraz reguluj\u0105ce sprawy wynagrodze\u0144, natomiast drugi by\u0142<\/p>\n<p>bie\u017c\u0105cym protoko\u0142em. Taka sytuacja wynika\u0142a z dw\u00f3ch powod\u00f3w: pierwszy z nich to<\/p>\n<p>op\u00f3\u017anienia w rejestracjach wcze\u015bniejszych oraz to, \u017ce koniecznym by\u0142o by rejestrowanie<\/p>\n<p>dw\u00f3ch protoko\u0142\u00f3w w kr\u00f3tkich odst\u0119pach czasowych. Postanowienie rejestruj\u0105ce zmiany<\/p>\n<p>zosta\u0142o wydane w dniu 13.01.1999 roku. 31.03.1999 roku zosta\u0142 skierowany do rejestracji<\/p>\n<p>protok\u00f3\u0142 z ostatniego Nadzwyczajnego Zgromadzenia Udzia\u0142owc\u00f3w.<\/p>\n<p>&nbsp;<\/p>\n","protected":false},"excerpt":{"rendered":"<p>W miesi\u0105cu marcu 1997 roku na Walnym Zgromadzeniu Krzyckiego Stowarzyszenia Kupc\u00f3w podj\u0119ta zosta\u0142a uchwa\u0142a na mocy kt\u00f3rej zosta\u0142a powo\u0142ana Krzycka Sp\u00f3\u0142ka Kupiecka. G\u0142\u00f3wnym celem nowo powsta\u0142ego podmiotu gospodarczego by\u0142o przeprowadzenie inwestycji w postaci budowy obiektu handlowego dla kupc\u00f3w z likwidowanego w\u00f3wczas placu targowego przy ulicach Komandorska-Studzienna.<\/p>\n","protected":false},"author":1,"featured_media":1589,"comment_status":"open","ping_status":"open","sticky":false,"template":"","format":"standard","meta":{"footnotes":""},"categories":[99],"tags":[],"class_list":["post-1586","post","type-post","status-publish","format-standard","has-post-thumbnail","hentry","category-ciekawostki"],"_links":{"self":[{"href":"https:\/\/online.tvk-gaj.pl\/index.php?rest_route=\/wp\/v2\/posts\/1586","targetHints":{"allow":["GET"]}}],"collection":[{"href":"https:\/\/online.tvk-gaj.pl\/index.php?rest_route=\/wp\/v2\/posts"}],"about":[{"href":"https:\/\/online.tvk-gaj.pl\/index.php?rest_route=\/wp\/v2\/types\/post"}],"author":[{"embeddable":true,"href":"https:\/\/online.tvk-gaj.pl\/index.php?rest_route=\/wp\/v2\/users\/1"}],"replies":[{"embeddable":true,"href":"https:\/\/online.tvk-gaj.pl\/index.php?rest_route=%2Fwp%2Fv2%2Fcomments&post=1586"}],"version-history":[{"count":3,"href":"https:\/\/online.tvk-gaj.pl\/index.php?rest_route=\/wp\/v2\/posts\/1586\/revisions"}],"predecessor-version":[{"id":1590,"href":"https:\/\/online.tvk-gaj.pl\/index.php?rest_route=\/wp\/v2\/posts\/1586\/revisions\/1590"}],"wp:featuredmedia":[{"embeddable":true,"href":"https:\/\/online.tvk-gaj.pl\/index.php?rest_route=\/wp\/v2\/media\/1589"}],"wp:attachment":[{"href":"https:\/\/online.tvk-gaj.pl\/index.php?rest_route=%2Fwp%2Fv2%2Fmedia&parent=1586"}],"wp:term":[{"taxonomy":"category","embeddable":true,"href":"https:\/\/online.tvk-gaj.pl\/index.php?rest_route=%2Fwp%2Fv2%2Fcategories&post=1586"},{"taxonomy":"post_tag","embeddable":true,"href":"https:\/\/online.tvk-gaj.pl\/index.php?rest_route=%2Fwp%2Fv2%2Ftags&post=1586"}],"curies":[{"name":"wp","href":"https:\/\/api.w.org\/{rel}","templated":true}]}}