{"id":15954,"date":"2026-04-23T23:25:19","date_gmt":"2026-04-23T21:25:19","guid":{"rendered":"https:\/\/online.tvk-gaj.pl\/?p=15954"},"modified":"2026-04-23T23:25:20","modified_gmt":"2026-04-23T21:25:20","slug":"masz-zadluzenie-w-oplatach-za-lokal-komunalny","status":"publish","type":"post","link":"https:\/\/online.tvk-gaj.pl\/?p=15954","title":{"rendered":"Masz zad\u0142u\u017cenie w op\u0142atach za lokal komunalny ?"},"content":{"rendered":"\n<p>Wydarzenie odb\u0119dzie si\u0119 25 kwietnia w godzinach 10:00-14:00 przy ul. Namys\u0142owskiej 8 (Hala Grafit).<\/p>\n\n\n\n<p>To inicjatywa skierowana bezpo\u015brednio do mieszka\u0144c\u00f3w, kt\u00f3rzy chcieliby porozmawia\u0107 z przedstawicielami zarz\u0105dc\u00f3w miejskich oraz<\/p>\n\n\n\n<p>uzyska\u0107 realne wsparcie w sprawach zwi\u0105zanych z u\u017cytkowaniem mieszka\u0144. B\u0119dzie to dobra okazja do bezpo\u015bredniego kontaktu z urz\u0119dnikami, zadania pyta\u0144 oraz podj\u0119cia pr\u00f3by rozwi\u0105zania<\/p>\n\n\n\n<p>bie\u017c\u0105cych problem\u00f3w, w tym w szczeg\u00f3lno\u015bci kwestii zwi\u0105zanych z zad\u0142u\u017ceniem.<\/p>\n\n\n\n<p>Dodatkowo, na miejscu dost\u0119pni b\u0119d\u0105 r\u00f3wnie\u017c specjali\u015bci, kt\u00f3rzy mog\u0105 udzieli\u0107 wsparcia w r\u00f3\u017cnych obszarach &#8211; m.in. prawnik,<\/p>\n\n\n\n<p>komornik, psycholog oraz pracownicy socjalni. Dzi\u0119ki temu uczestnicy b\u0119d\u0105 mogli uzyska\u0107 kompleksow\u0105 pomoc i wskaz\u00f3wki dotycz\u0105ce swojej sytuacji.<\/p>\n\n\n\n<figure class=\"wp-block-image size-large\"><img loading=\"lazy\" decoding=\"async\" width=\"723\" height=\"1024\" src=\"https:\/\/online.tvk-gaj.pl\/wp-content\/uploads\/2026\/04\/678253637_1680889463626823_1894849915854363886_n-723x1024.jpg\" alt=\"\" class=\"wp-image-15955\" srcset=\"https:\/\/online.tvk-gaj.pl\/wp-content\/uploads\/2026\/04\/678253637_1680889463626823_1894849915854363886_n-723x1024.jpg 723w, https:\/\/online.tvk-gaj.pl\/wp-content\/uploads\/2026\/04\/678253637_1680889463626823_1894849915854363886_n-212x300.jpg 212w, https:\/\/online.tvk-gaj.pl\/wp-content\/uploads\/2026\/04\/678253637_1680889463626823_1894849915854363886_n-768x1088.jpg 768w, https:\/\/online.tvk-gaj.pl\/wp-content\/uploads\/2026\/04\/678253637_1680889463626823_1894849915854363886_n-1084x1536.jpg 1084w, https:\/\/online.tvk-gaj.pl\/wp-content\/uploads\/2026\/04\/678253637_1680889463626823_1894849915854363886_n.jpg 1445w\" sizes=\"auto, (max-width: 723px) 100vw, 723px\" \/><\/figure>\n","protected":false},"excerpt":{"rendered":"<p>Wydarzenie odb\u0119dzie si\u0119 25 kwietnia w godzinach 10:00-14:00 przy ul. Namys\u0142owskiej 8 (Hala Grafit). To inicjatywa skierowana bezpo\u015brednio do mieszka\u0144c\u00f3w, kt\u00f3rzy chcieliby porozmawia\u0107 z przedstawicielami zarz\u0105dc\u00f3w miejskich oraz uzyska\u0107 realne wsparcie w sprawach zwi\u0105zanych z u\u017cytkowaniem mieszka\u0144. B\u0119dzie to dobra okazja do bezpo\u015bredniego kontaktu z urz\u0119dnikami, zadania pyta\u0144 oraz podj\u0119cia pr\u00f3by rozwi\u0105zania bie\u017c\u0105cych problem\u00f3w, w [&hellip;]<\/p>\n","protected":false},"author":3,"featured_media":14526,"comment_status":"closed","ping_status":"open","sticky":false,"template":"","format":"standard","meta":{"footnotes":""},"categories":[14,12],"tags":[],"class_list":["post-15954","post","type-post","status-publish","format-standard","has-post-thumbnail","hentry","category-aktualnosci","category-artykuly"],"_links":{"self":[{"href":"https:\/\/online.tvk-gaj.pl\/index.php?rest_route=\/wp\/v2\/posts\/15954","targetHints":{"allow":["GET"]}}],"collection":[{"href":"https:\/\/online.tvk-gaj.pl\/index.php?rest_route=\/wp\/v2\/posts"}],"about":[{"href":"https:\/\/online.tvk-gaj.pl\/index.php?rest_route=\/wp\/v2\/types\/post"}],"author":[{"embeddable":true,"href":"https:\/\/online.tvk-gaj.pl\/index.php?rest_route=\/wp\/v2\/users\/3"}],"replies":[{"embeddable":true,"href":"https:\/\/online.tvk-gaj.pl\/index.php?rest_route=%2Fwp%2Fv2%2Fcomments&post=15954"}],"version-history":[{"count":1,"href":"https:\/\/online.tvk-gaj.pl\/index.php?rest_route=\/wp\/v2\/posts\/15954\/revisions"}],"predecessor-version":[{"id":15956,"href":"https:\/\/online.tvk-gaj.pl\/index.php?rest_route=\/wp\/v2\/posts\/15954\/revisions\/15956"}],"wp:featuredmedia":[{"embeddable":true,"href":"https:\/\/online.tvk-gaj.pl\/index.php?rest_route=\/wp\/v2\/media\/14526"}],"wp:attachment":[{"href":"https:\/\/online.tvk-gaj.pl\/index.php?rest_route=%2Fwp%2Fv2%2Fmedia&parent=15954"}],"wp:term":[{"taxonomy":"category","embeddable":true,"href":"https:\/\/online.tvk-gaj.pl\/index.php?rest_route=%2Fwp%2Fv2%2Fcategories&post=15954"},{"taxonomy":"post_tag","embeddable":true,"href":"https:\/\/online.tvk-gaj.pl\/index.php?rest_route=%2Fwp%2Fv2%2Ftags&post=15954"}],"curies":[{"name":"wp","href":"https:\/\/api.w.org\/{rel}","templated":true}]}}