{"id":1611,"date":"2013-09-19T14:28:12","date_gmt":"2013-09-19T12:28:12","guid":{"rendered":"http:\/\/www.tvk-gaj.pl\/~gajonline\/?p=1611"},"modified":"2013-09-19T14:32:17","modified_gmt":"2013-09-19T12:32:17","slug":"kamien-wegielny-pod-przyladkiem-nadziei","status":"publish","type":"post","link":"https:\/\/online.tvk-gaj.pl\/?p=1611","title":{"rendered":"Kamie\u0144 w\u0119gielny pod Przyl\u0105dkiem Nadziei"},"content":{"rendered":"<p>Klinika dla dzieci chorych na raka ju\u017c w 2015 r. przy ul. Borowskiej na Gaju. W miniony poniedzia\u0142ek, 16 wrze\u015bnia 2013r. wbudowano oficjalnie kamie\u0144 w\u0119gielny pod budow\u0119 kliniki.\u00a0<!--more--><\/p>\n<header>\n<section>\n<div><img loading=\"lazy\" decoding=\"async\" class=\" wp-image-1612 alignleft\" alt=\"przyladeknadzei\" src=\"http:\/\/www.tvk-gaj.pl\/~gajonline\/wp-content\/uploads\/2013\/09\/przyladeknadzei.jpg\" width=\"598\" height=\"400\" srcset=\"https:\/\/online.tvk-gaj.pl\/wp-content\/uploads\/2013\/09\/przyladeknadzei.jpg 997w, https:\/\/online.tvk-gaj.pl\/wp-content\/uploads\/2013\/09\/przyladeknadzei-300x200.jpg 300w, https:\/\/online.tvk-gaj.pl\/wp-content\/uploads\/2013\/09\/przyladeknadzei-321x214.jpg 321w, https:\/\/online.tvk-gaj.pl\/wp-content\/uploads\/2013\/09\/przyladeknadzei-140x94.jpg 140w\" sizes=\"auto, (max-width: 598px) 100vw, 598px\" \/>Przedstawiciele czterech chrze\u015bcija\u0144skich ko\u015bcio\u0142\u00f3w z aktem erekcyjnym budowy nowej kliniki tu\u017c przed modlitw\u0105<\/div>\n<\/section>\n<\/header>\n<div>\n<p>&nbsp;<\/p>\n<p>Ro\u015bnie klinika Przyl\u0105dek Nadziei, budowana przy ul. Borowskiej, na ty\u0142ach budynk\u00f3w Uniwersyteckiego Szpitala Klinicznego. Budowa wysz\u0142a ju\u017c z ziemi, (czyli jest na poziomie \u201ezero\u201d), a 16 wrze\u015bnia oficjalnie wmurowano kamie\u0144 w\u0119gielny pod now\u0105 klinik\u0119. Gdy b\u0119dzie gotowa, co ma nast\u0105pi\u0107 pod koniec kwietnia 2015 r., przenios\u0105 si\u0119 do niej pacjenci kliniki onkologii i hematologii dzieci\u0119cej przy ul. Bujwida.<\/p>\n<p>\u2013 Prace id\u0105 zgodnie z harmonogramem, nie mamy \u017cadnego op\u00f3\u017anienia wi\u0119c powinni\u015bmy zd\u0105\u017cy\u0107 \u2013 zapewnia\u0142 Marcin Zaborniak, kierownik projektu firmy Erbud SA., wykonawca prac. W lipcu z powodu obfitych i d\u0142ugo trwaj\u0105cych deszcz\u00f3w, na budowie by\u0142y problemy, bo woda zalewa\u0142a wykopy, ale potem wszystko wr\u00f3ci\u0142o do normy.<\/p>\n<p>Budowa kliniki, kt\u00f3rej inwestorem jest Uniwersytet Medyczny, ma kosztowa\u0107 ponad 100 mln z\u0142, z czego 85 mln z\u0142 pochodzi ze \u015brodk\u00f3w Unii Europejskiej. Reszt\u0119 da\u0142o Ministerstwo Zdrowia. Z kolei 2,5 mln z\u0142 za projekt zap\u0142aci\u0142a dzia\u0142aj\u0105ca przy klinice Fundacja \u201eNa Ratunek Dzieciom z Chorob\u0105 Nowotworow\u0105\u201d.<\/p>\n<p>\u2013 Ponad sze\u015b\u0107 lat temu narodzi\u0142 si\u0119 pomys\u0142 budowy nowej kliniki, poniewa\u017c obecna siedziba przy ul. Bujwida jest w fatalnym stanie i dos\u0142ownie si\u0119 sypie. Nazw\u0119 \u201ePrzyl\u0105dek Nadziei\u201d wymy\u015bli\u0142 s\u0142uchacz lokalnej stacji radiowej, do kt\u00f3rego niestety nie uda\u0142o nam si\u0119 dotrze\u0107 \u2013 m\u00f3wi\u0142a senator, prof. Alicja Chybicka, szefowa kliniki, kt\u00f3ra mimo \u017ce wczoraj przebieg\u0142a 31. Maraton Wroc\u0142awski, prezentowa\u0142a si\u0119 w \u015bwietnej formie.<\/p>\n<p>Przez kilka lat i na wielu frontach trwa\u0142a walka o pozyskanie pieni\u0119dzy, m.in. ze zbi\u00f3rek publicznych. Ambasadork\u0105 budowy kliniki zosta\u0142a znana dziennikarka i podr\u00f3\u017cniczka Martyna Wojciechowska.<\/p>\n<p>\u2013 Gdy us\u0142ysza\u0142am od szefowej fundacji, ile potrzeba pieni\u0119dzy, najpierw pomy\u015bla\u0142am, \u017ce to szale\u0144stwo, ale potem powiedzia\u0142am OK. Bo dla mnie nie ma rzeczy niemo\u017cliwych \u2013 stwierdzi\u0142a wczoraj Martyna Wojciechowska.<\/p>\n<p>&nbsp;<\/p>\n<p><img loading=\"lazy\" decoding=\"async\" class=\"alignleft  wp-image-1613\" alt=\"przyladeknadzei2\" src=\"http:\/\/www.tvk-gaj.pl\/~gajonline\/wp-content\/uploads\/2013\/09\/przyladeknadzei2.jpg\" width=\"598\" height=\"398\" srcset=\"https:\/\/online.tvk-gaj.pl\/wp-content\/uploads\/2013\/09\/przyladeknadzei2.jpg 997w, https:\/\/online.tvk-gaj.pl\/wp-content\/uploads\/2013\/09\/przyladeknadzei2-300x199.jpg 300w, https:\/\/online.tvk-gaj.pl\/wp-content\/uploads\/2013\/09\/przyladeknadzei2-321x214.jpg 321w, https:\/\/online.tvk-gaj.pl\/wp-content\/uploads\/2013\/09\/przyladeknadzei2-140x94.jpg 140w\" sizes=\"auto, (max-width: 598px) 100vw, 598px\" \/><\/p>\n<p>&nbsp;<\/p>\n<p>Obecny na uroczysto\u015bci wiceprezydent Adam Grehl obiecywa\u0142, \u017ce miasto wybuduje dobr\u0105 drog\u0119 do nowej kliniki, a kardyna\u0142 Henryk Gulbinowicz wraz z przedstawicielami innych ko\u015bcio\u0142\u00f3w chrze\u015bcija\u0144skich we Wroc\u0142awiu odm\u00f3wi\u0142 modlitw\u0119 i po\u015bwi\u0119ci\u0142 nowy obiekt. Kamie\u0144 w\u0119gielny, kt\u00f3ry wmurowano, ma by\u0107 widoczny przy wej\u015bciu do kliniki.<\/p>\n<p>W nowej plac\u00f3wce standard leczenia b\u0119dzie niepor\u00f3wnywalnie lepszy ni\u017c w obecnej. Przyl\u0105dek Nadziei b\u0119dzie nowoczesnym obiektem, wyposa\u017conym w najwy\u017cszej klasy sprz\u0119t medyczny, 1- i 2-osobowe sale z WC, z miejscami dla rodzic\u00f3w; znajdzie si\u0119 tam \u015bwietlica, sale szkolne i biblioteka. Przy klinice powstanie plac zabaw i park. W bezpo\u015brednim s\u0105siedztwie szpitala wzniesiony zostanie te\u017c hotel dla rodzic\u00f3w i dzieci, kt\u00f3re nie wymagaj\u0105 24-godzinnej opieki ambulatoryjnej, a musz\u0105 zg\u0142asza\u0107 si\u0119 na badania np. codziennie.<\/p>\n<p>&nbsp;<\/p>\n<p><img loading=\"lazy\" decoding=\"async\" class=\" wp-image-1604 alignleft\" alt=\"plac_budowy\" src=\"http:\/\/www.tvk-gaj.pl\/~gajonline\/wp-content\/uploads\/2013\/09\/plac_budowy.jpg\" width=\"576\" height=\"432\" srcset=\"https:\/\/online.tvk-gaj.pl\/wp-content\/uploads\/2013\/09\/plac_budowy.jpg 960w, https:\/\/online.tvk-gaj.pl\/wp-content\/uploads\/2013\/09\/plac_budowy-300x225.jpg 300w\" sizes=\"auto, (max-width: 576px) 100vw, 576px\" \/><\/p>\n<p>&nbsp;<\/p>\n<div class='et-learn-more clearfix'>\n\t\t\t\t\t<h3 class='heading-more'>\u0179r\u00f3d\u0142o<span class='et_learnmore_arrow'><span><\/span><\/span><\/h3>\n\t\t\t\t\t<div class='learn-more-content'>\u0179r\u00f3d\u0142o: www.wroclaw.pl Autor: Eliza G\u0142owicka Zdj\u0119cia: Tomasz Walk\u00f3w<\/div>\n\t\t\t\t<\/div>\n<p>&nbsp;<\/p>\n<\/div>\n","protected":false},"excerpt":{"rendered":"<p>Klinika dla dzieci chorych na raka ju\u017c w 2015 r. przy ul. Borowskiej na Gaju. W miniony poniedzia\u0142ek, 16 wrze\u015bnia 2013r. wbudowano oficjalnie kamie\u0144 w\u0119gielny pod budow\u0119 kliniki.\u00a0<\/p>\n","protected":false},"author":1,"featured_media":1619,"comment_status":"open","ping_status":"open","sticky":false,"template":"","format":"standard","meta":{"footnotes":""},"categories":[14,12],"tags":[102],"class_list":["post-1611","post","type-post","status-publish","format-standard","has-post-thumbnail","hentry","category-aktualnosci","category-artykuly","tag-kamien-wegielny-przyladek-nadziei-borowska"],"_links":{"self":[{"href":"https:\/\/online.tvk-gaj.pl\/index.php?rest_route=\/wp\/v2\/posts\/1611","targetHints":{"allow":["GET"]}}],"collection":[{"href":"https:\/\/online.tvk-gaj.pl\/index.php?rest_route=\/wp\/v2\/posts"}],"about":[{"href":"https:\/\/online.tvk-gaj.pl\/index.php?rest_route=\/wp\/v2\/types\/post"}],"author":[{"embeddable":true,"href":"https:\/\/online.tvk-gaj.pl\/index.php?rest_route=\/wp\/v2\/users\/1"}],"replies":[{"embeddable":true,"href":"https:\/\/online.tvk-gaj.pl\/index.php?rest_route=%2Fwp%2Fv2%2Fcomments&post=1611"}],"version-history":[{"count":4,"href":"https:\/\/online.tvk-gaj.pl\/index.php?rest_route=\/wp\/v2\/posts\/1611\/revisions"}],"predecessor-version":[{"id":1616,"href":"https:\/\/online.tvk-gaj.pl\/index.php?rest_route=\/wp\/v2\/posts\/1611\/revisions\/1616"}],"wp:featuredmedia":[{"embeddable":true,"href":"https:\/\/online.tvk-gaj.pl\/index.php?rest_route=\/wp\/v2\/media\/1619"}],"wp:attachment":[{"href":"https:\/\/online.tvk-gaj.pl\/index.php?rest_route=%2Fwp%2Fv2%2Fmedia&parent=1611"}],"wp:term":[{"taxonomy":"category","embeddable":true,"href":"https:\/\/online.tvk-gaj.pl\/index.php?rest_route=%2Fwp%2Fv2%2Fcategories&post=1611"},{"taxonomy":"post_tag","embeddable":true,"href":"https:\/\/online.tvk-gaj.pl\/index.php?rest_route=%2Fwp%2Fv2%2Ftags&post=1611"}],"curies":[{"name":"wp","href":"https:\/\/api.w.org\/{rel}","templated":true}]}}