{"id":1620,"date":"2013-09-20T14:38:42","date_gmt":"2013-09-20T12:38:42","guid":{"rendered":"http:\/\/www.tvk-gaj.pl\/~gajonline\/?p=1620"},"modified":"2013-09-19T14:54:50","modified_gmt":"2013-09-19T12:54:50","slug":"fotorelacja-z-pikniku-w-pod-partynice","status":"publish","type":"post","link":"https:\/\/online.tvk-gaj.pl\/?p=1620","title":{"rendered":"Fotorelacja z pikniku w POD Partynice"},"content":{"rendered":"<p>Zapraszamy do zapoznania si\u0119 z fotorelacj\u0105\u00a0z pikniku POD Partynice, kt\u00f3ry odby\u0142 si\u0119 \u00a014 wrze\u015bnia 2013r. \u00a0z okazji zako\u0144czenia sezonu dzia\u0142kowego.<!--more--><\/p>\n<p>Autorem fotorelacji jest Pan Andrzej Nawrot.<\/p>\n<p>[nggallery id=30]<\/p>\n<p>&nbsp;<\/p>\n<p>&nbsp;<\/p>\n","protected":false},"excerpt":{"rendered":"<p>Zapraszamy do zapoznania si\u0119 z fotorelacj\u0105\u00a0z pikniku POD Partynice, kt\u00f3ry odby\u0142 si\u0119 \u00a014 wrze\u015bnia 2013r. \u00a0z okazji zako\u0144czenia sezonu dzia\u0142kowego.<\/p>\n","protected":false},"author":1,"featured_media":1623,"comment_status":"open","ping_status":"open","sticky":false,"template":"","format":"standard","meta":{"footnotes":""},"categories":[14],"tags":[103],"class_list":["post-1620","post","type-post","status-publish","format-standard","has-post-thumbnail","hentry","category-aktualnosci","tag-piknik-pod-partynice"],"_links":{"self":[{"href":"https:\/\/online.tvk-gaj.pl\/index.php?rest_route=\/wp\/v2\/posts\/1620","targetHints":{"allow":["GET"]}}],"collection":[{"href":"https:\/\/online.tvk-gaj.pl\/index.php?rest_route=\/wp\/v2\/posts"}],"about":[{"href":"https:\/\/online.tvk-gaj.pl\/index.php?rest_route=\/wp\/v2\/types\/post"}],"author":[{"embeddable":true,"href":"https:\/\/online.tvk-gaj.pl\/index.php?rest_route=\/wp\/v2\/users\/1"}],"replies":[{"embeddable":true,"href":"https:\/\/online.tvk-gaj.pl\/index.php?rest_route=%2Fwp%2Fv2%2Fcomments&post=1620"}],"version-history":[{"count":3,"href":"https:\/\/online.tvk-gaj.pl\/index.php?rest_route=\/wp\/v2\/posts\/1620\/revisions"}],"predecessor-version":[{"id":1626,"href":"https:\/\/online.tvk-gaj.pl\/index.php?rest_route=\/wp\/v2\/posts\/1620\/revisions\/1626"}],"wp:featuredmedia":[{"embeddable":true,"href":"https:\/\/online.tvk-gaj.pl\/index.php?rest_route=\/wp\/v2\/media\/1623"}],"wp:attachment":[{"href":"https:\/\/online.tvk-gaj.pl\/index.php?rest_route=%2Fwp%2Fv2%2Fmedia&parent=1620"}],"wp:term":[{"taxonomy":"category","embeddable":true,"href":"https:\/\/online.tvk-gaj.pl\/index.php?rest_route=%2Fwp%2Fv2%2Fcategories&post=1620"},{"taxonomy":"post_tag","embeddable":true,"href":"https:\/\/online.tvk-gaj.pl\/index.php?rest_route=%2Fwp%2Fv2%2Ftags&post=1620"}],"curies":[{"name":"wp","href":"https:\/\/api.w.org\/{rel}","templated":true}]}}