{"id":1649,"date":"2013-10-14T13:55:25","date_gmt":"2013-10-14T11:55:25","guid":{"rendered":"http:\/\/www.tvk-gaj.pl\/~gajonline\/?p=1649"},"modified":"2013-10-14T13:56:30","modified_gmt":"2013-10-14T11:56:30","slug":"pr-ferio-gaj-rozdaje-jesienne-prezenty","status":"publish","type":"post","link":"https:\/\/online.tvk-gaj.pl\/?p=1649","title":{"rendered":"[PR] Ferio Gaj rozdaje jesienne prezenty!"},"content":{"rendered":"<p>Informacja prasowa Centrum Handlowego Ferio Gaj. Jesienna promocja w Centrum Handlowym Ferio Gaj przy ul. \u015awieradowskiej.\u00a0<!--more--><\/p>\n<p>Coraz ch\u0142odniejsze i coraz bardziej d\u017cd\u017cyste dni nieub\u0142aganie nadchodz\u0105. Z tym wi\u0119ksz\u0105 rado\u015bci\u0105 wroc\u0142awskie Centrum Handlowe FERIO Gaj zaprasza wszystkich do zabawy zakupowej z nagrodami.<\/p>\n<p>Klienci, kt\u00f3rzy w dniach od 5 do 19 pa\u017adziernika zdecyduj\u0105 si\u0119 dokona\u0107 zakup\u00f3w za kwot\u0119 minimum 75 PLN i udokumentuj\u0105 ten fakt paragonem, b\u0119d\u0105 mogli odebra\u0107 w nagrod\u0119 stylowy i \u015bwietnie znosz\u0105cy jesienna aur\u0119, parasol w jednym z dw\u00f3ch wybranych kolor\u00f3w.<\/p>\n<p>Nagrody wr\u0119czane b\u0119d\u0105 na terenie centrum handlowego w dniach 11\/12 i 18\/19 pa\u017adziernika.<\/p>\n<p>W dniach 11 i 18 pa\u017adziernika w godzinach 14:00-20:00 i w dniach 12 i 19 pa\u017adziernika w godzinach 12:00 \u2013 18:00.<\/p>\n<p>W imieniu organizator\u00f3w zapraszamy do wsp\u00f3lnej zabawy.<\/p>\n<p>&nbsp;<\/p>\n<p><img loading=\"lazy\" decoding=\"async\" class=\"aligncenter size-full wp-image-1651\" alt=\"FGW_Kupuj_Zyskuj_b1\" src=\"http:\/\/www.tvk-gaj.pl\/~gajonline\/wp-content\/uploads\/2013\/10\/FGW_Kupuj_Zyskuj_b1.jpg\" width=\"700\" height=\"1000\" srcset=\"https:\/\/online.tvk-gaj.pl\/wp-content\/uploads\/2013\/10\/FGW_Kupuj_Zyskuj_b1.jpg 700w, https:\/\/online.tvk-gaj.pl\/wp-content\/uploads\/2013\/10\/FGW_Kupuj_Zyskuj_b1-210x300.jpg 210w\" sizes=\"auto, (max-width: 700px) 100vw, 700px\" \/><\/p>\n<p>&nbsp;<\/p>\n<p>&nbsp;<\/p>\n<p style=\"text-align: left;\" align=\"center\"><b>Centrum handlowo \u2013 us\u0142ugowe\u00a0\u00a0 FERIO Gaj<\/b><\/p>\n<p style=\"text-align: left;\" align=\"center\">ul. \u015awieradowska 51\/57, 50-559 Wroc\u0142aw,<\/p>\n<p style=\"text-align: left;\" align=\"center\">Godziny otwarcia Centrum pon. &#8211;\u00a0 sb. 10:00-21:00, ndz. 10:00-19:00.<\/p>\n<p style=\"text-align: left;\" align=\"center\">Godziny otwarcia supermarketu Piotr i Pawe\u0142 pon. \u2013\u00a0 sb.\u00a0 8:00-22:30, ndz. 10:00-19:00.<\/p>\n<p style=\"text-align: left;\" align=\"center\"><span style=\"color: #888888;\"><b><a href=\"http:\/\/www.feriogaj.com\/\"><span style=\"color: #888888;\">www.feriogaj.com<\/span><\/a><\/b><\/span><\/p>\n<p align=\"center\"><b><span style=\"text-decoration: underline;\">\u00a0<\/span><\/b><\/p>\n","protected":false},"excerpt":{"rendered":"<p>Informacja prasowa Centrum Handlowego Ferio Gaj. Jesienna promocja w Centrum Handlowym Ferio Gaj przy ul. \u015awieradowskiej.\u00a0<\/p>\n","protected":false},"author":1,"featured_media":1651,"comment_status":"open","ping_status":"open","sticky":false,"template":"","format":"standard","meta":{"footnotes":""},"categories":[14],"tags":[108],"class_list":["post-1649","post","type-post","status-publish","format-standard","has-post-thumbnail","hentry","category-aktualnosci","tag-ferio-gaj-swieradowska"],"_links":{"self":[{"href":"https:\/\/online.tvk-gaj.pl\/index.php?rest_route=\/wp\/v2\/posts\/1649","targetHints":{"allow":["GET"]}}],"collection":[{"href":"https:\/\/online.tvk-gaj.pl\/index.php?rest_route=\/wp\/v2\/posts"}],"about":[{"href":"https:\/\/online.tvk-gaj.pl\/index.php?rest_route=\/wp\/v2\/types\/post"}],"author":[{"embeddable":true,"href":"https:\/\/online.tvk-gaj.pl\/index.php?rest_route=\/wp\/v2\/users\/1"}],"replies":[{"embeddable":true,"href":"https:\/\/online.tvk-gaj.pl\/index.php?rest_route=%2Fwp%2Fv2%2Fcomments&post=1649"}],"version-history":[{"count":5,"href":"https:\/\/online.tvk-gaj.pl\/index.php?rest_route=\/wp\/v2\/posts\/1649\/revisions"}],"predecessor-version":[{"id":1656,"href":"https:\/\/online.tvk-gaj.pl\/index.php?rest_route=\/wp\/v2\/posts\/1649\/revisions\/1656"}],"wp:featuredmedia":[{"embeddable":true,"href":"https:\/\/online.tvk-gaj.pl\/index.php?rest_route=\/wp\/v2\/media\/1651"}],"wp:attachment":[{"href":"https:\/\/online.tvk-gaj.pl\/index.php?rest_route=%2Fwp%2Fv2%2Fmedia&parent=1649"}],"wp:term":[{"taxonomy":"category","embeddable":true,"href":"https:\/\/online.tvk-gaj.pl\/index.php?rest_route=%2Fwp%2Fv2%2Fcategories&post=1649"},{"taxonomy":"post_tag","embeddable":true,"href":"https:\/\/online.tvk-gaj.pl\/index.php?rest_route=%2Fwp%2Fv2%2Ftags&post=1649"}],"curies":[{"name":"wp","href":"https:\/\/api.w.org\/{rel}","templated":true}]}}