{"id":1680,"date":"2013-10-22T17:19:05","date_gmt":"2013-10-22T15:19:05","guid":{"rendered":"http:\/\/www.tvk-gaj.pl\/~gajonline\/?p=1680"},"modified":"2013-11-09T16:33:04","modified_gmt":"2013-11-09T15:33:04","slug":"nowy-lidl-na-gaju-oprocz-marketu-takze-biura","status":"publish","type":"post","link":"https:\/\/online.tvk-gaj.pl\/?p=1680","title":{"rendered":"Nowy Lidl na Gaju. Opr\u00f3cz marketu tak\u017ce biura."},"content":{"rendered":"<p>Na dzia\u0142ce przy ul. Borowskiej, mi\u0119dzy jednostk\u0105 stra\u017cy po\u017carnej a stacj\u0105 benzynow\u0105, powstanie kolejny sklep marki Lidl. Ale nie tylko &#8211; jak zapowiadaj\u0105 przedstawiciele sieci dyskont\u00f3w, w obiekcie znajdzie si\u0119 te\u017c przestrze\u0144 biurowa do wynaj\u0119cia o \u0142\u0105cznej powierzchni blisko 600 metr\u00f3w kwadratowych. Inwestycja ma by\u0107 gotowa w drugiej po\u0142owie przysz\u0142ego roku.<!--more--><\/p>\n<p>Do niedawna na dzia\u0142ce mi\u0119dzy jednostk\u0105 stra\u017cy po\u017carnej a stacj\u0105 benzynow\u0105 swoj\u0105 siedzib\u0119 mia\u0142a m.in. sp\u00f3\u0142dzielnia pracy wyrob\u00f3w chemicznych i gumowych &#8222;Izopren&#8221;. Latem jednak budynki stoj\u0105ce na rogu al. Armii Krajowej z ul. Borowsk\u0105 zr\u00f3wnano z ziemi\u0105.<\/p>\n<p>&nbsp;<\/p>\n<p style=\"text-align: center;\"><img loading=\"lazy\" decoding=\"async\" class=\"aligncenter  wp-image-1682\" alt=\"borowska_fotopolska\" src=\"http:\/\/www.tvk-gaj.pl\/~gajonline\/wp-content\/uploads\/2013\/10\/borowska_fotopolska.jpg\" width=\"576\" height=\"384\" srcset=\"https:\/\/online.tvk-gaj.pl\/wp-content\/uploads\/2013\/10\/borowska_fotopolska.jpg 960w, https:\/\/online.tvk-gaj.pl\/wp-content\/uploads\/2013\/10\/borowska_fotopolska-300x200.jpg 300w, https:\/\/online.tvk-gaj.pl\/wp-content\/uploads\/2013\/10\/borowska_fotopolska-321x214.jpg 321w, https:\/\/online.tvk-gaj.pl\/wp-content\/uploads\/2013\/10\/borowska_fotopolska-140x94.jpg 140w\" sizes=\"auto, (max-width: 576px) 100vw, 576px\" \/><\/p>\n<p>&nbsp;<\/p>\n<p>Jak si\u0119 okazuje, teren kupi\u0142a jedna z najpopularniejszych w Polsce sieci dyskont\u00f3w. Oczywi\u015bcie powstanie tam kolejny sklep, ale nie tylko.<\/p>\n<p>&#8211; Firma Lidl zamierza wybudowa\u0107 obiekt biurowo-handlowy przy ul. Borowskiej, w s\u0105siedztwie stacji paliw Lukoil &#8211; wyja\u015bnia\u00a0<strong>Patrycja Kami\u0144ska<\/strong>\u00a0z Lidl Polska.<\/p>\n<p>Przedstawiciele sieci t\u0142umacz\u0105, \u017ce powierzchnia sklepu b\u0119dzie podobna do innych obiekt\u00f3w Lidla w naszym mie\u015bcie.<\/p>\n<p>&#8211; Dodatkowo w obiekcie znajdzie si\u0119 przestrze\u0144 biurowa do wynaj\u0119cia o \u0142\u0105cznej powierzchni 590 metr\u00f3w kwadratowych &#8211; dodaje\u00a0<strong>Patrycja Kami\u0144ska<\/strong>.<\/p>\n<p>Otwarcie sklepu Lidl przy ul. Borowskiej planowane jest na drug\u0105 po\u0142ow\u0119 2014 roku.<\/p>\n<p>&nbsp;<\/p>\n<p><img loading=\"lazy\" decoding=\"async\" class=\"aligncenter size-full wp-image-1683\" alt=\"borowska2_fotopolska\" src=\"http:\/\/www.tvk-gaj.pl\/~gajonline\/wp-content\/uploads\/2013\/10\/borowska2_fotopolska.jpg\" width=\"660\" height=\"441\" srcset=\"https:\/\/online.tvk-gaj.pl\/wp-content\/uploads\/2013\/10\/borowska2_fotopolska.jpg 660w, https:\/\/online.tvk-gaj.pl\/wp-content\/uploads\/2013\/10\/borowska2_fotopolska-300x200.jpg 300w, https:\/\/online.tvk-gaj.pl\/wp-content\/uploads\/2013\/10\/borowska2_fotopolska-321x214.jpg 321w, https:\/\/online.tvk-gaj.pl\/wp-content\/uploads\/2013\/10\/borowska2_fotopolska-140x94.jpg 140w\" sizes=\"auto, (max-width: 660px) 100vw, 660px\" \/><\/p>\n<p>&nbsp;<\/p>\n<div class='et-learn-more clearfix'>\n\t\t\t\t\t<h3 class='heading-more'>\u0179r\u00f3d\u0142o<span class='et_learnmore_arrow'><span><\/span><\/span><\/h3>\n\t\t\t\t\t<div class='learn-more-content'>\u0179r\u00f3d\u0142o: www.tuwroclaw.com Autor: Tomek Matejuk Data publikacji: 22.10.2013r. Fotografie: www.fotopolska.eu<\/div>\n\t\t\t\t<\/div>\n<p>&nbsp;<\/p>\n<p>&nbsp;<\/p>\n","protected":false},"excerpt":{"rendered":"<p>Na dzia\u0142ce przy ul. Borowskiej, mi\u0119dzy jednostk\u0105 stra\u017cy po\u017carnej a stacj\u0105 benzynow\u0105, powstanie kolejny sklep marki Lidl. Ale nie tylko &#8211; jak zapowiadaj\u0105 przedstawiciele sieci dyskont\u00f3w, w obiekcie znajdzie si\u0119 te\u017c przestrze\u0144 biurowa do wynaj\u0119cia o \u0142\u0105cznej powierzchni blisko 600 metr\u00f3w kwadratowych. Inwestycja ma by\u0107 gotowa w drugiej po\u0142owie przysz\u0142ego roku.<\/p>\n","protected":false},"author":1,"featured_media":1759,"comment_status":"open","ping_status":"open","sticky":false,"template":"","format":"standard","meta":{"footnotes":""},"categories":[14,12],"tags":[115,113,112,111,114],"class_list":["post-1680","post","type-post","status-publish","format-standard","has-post-thumbnail","hentry","category-aktualnosci","category-artykuly","tag-biura","tag-borowska","tag-gaj","tag-lidl","tag-zegiestowka"],"_links":{"self":[{"href":"https:\/\/online.tvk-gaj.pl\/index.php?rest_route=\/wp\/v2\/posts\/1680","targetHints":{"allow":["GET"]}}],"collection":[{"href":"https:\/\/online.tvk-gaj.pl\/index.php?rest_route=\/wp\/v2\/posts"}],"about":[{"href":"https:\/\/online.tvk-gaj.pl\/index.php?rest_route=\/wp\/v2\/types\/post"}],"author":[{"embeddable":true,"href":"https:\/\/online.tvk-gaj.pl\/index.php?rest_route=\/wp\/v2\/users\/1"}],"replies":[{"embeddable":true,"href":"https:\/\/online.tvk-gaj.pl\/index.php?rest_route=%2Fwp%2Fv2%2Fcomments&post=1680"}],"version-history":[{"count":2,"href":"https:\/\/online.tvk-gaj.pl\/index.php?rest_route=\/wp\/v2\/posts\/1680\/revisions"}],"predecessor-version":[{"id":1684,"href":"https:\/\/online.tvk-gaj.pl\/index.php?rest_route=\/wp\/v2\/posts\/1680\/revisions\/1684"}],"wp:featuredmedia":[{"embeddable":true,"href":"https:\/\/online.tvk-gaj.pl\/index.php?rest_route=\/wp\/v2\/media\/1759"}],"wp:attachment":[{"href":"https:\/\/online.tvk-gaj.pl\/index.php?rest_route=%2Fwp%2Fv2%2Fmedia&parent=1680"}],"wp:term":[{"taxonomy":"category","embeddable":true,"href":"https:\/\/online.tvk-gaj.pl\/index.php?rest_route=%2Fwp%2Fv2%2Fcategories&post=1680"},{"taxonomy":"post_tag","embeddable":true,"href":"https:\/\/online.tvk-gaj.pl\/index.php?rest_route=%2Fwp%2Fv2%2Ftags&post=1680"}],"curies":[{"name":"wp","href":"https:\/\/api.w.org\/{rel}","templated":true}]}}