{"id":1685,"date":"2013-10-23T15:40:30","date_gmt":"2013-10-23T13:40:30","guid":{"rendered":"http:\/\/www.tvk-gaj.pl\/~gajonline\/?p=1685"},"modified":"2013-10-25T11:53:23","modified_gmt":"2013-10-25T09:53:23","slug":"wypadek-na-swieradowskiej-rowerzysta-wpadl-pod-rozpedzony-tramwaj","status":"publish","type":"post","link":"https:\/\/online.tvk-gaj.pl\/?p=1685","title":{"rendered":"Wypadek na \u015awieradowskiej: rowerzysta wpad\u0142 pod rozp\u0119dzony tramwaj"},"content":{"rendered":"<p>Oko\u0142o godziny 14:30 na ulicy \u015awieradowskiej (na wysoko\u015bci Centrum Handlowego Ferio Gaj) dosz\u0142o do gro\u017anego wypadku. Rowerzysta wpad\u0142 pod rozp\u0119dzony tramwaj. Na miejscu pracuj\u0105 s\u0142u\u017cby ratownicze oraz Policja.<!--more--><\/p>\n<p>Jak uda\u0142o si\u0119 nam ustali\u0107 wypadek mia\u0142 miejsce oko\u0142o godziny 14:30 przy przej\u015bciu dla pieszych na wysoko\u015bci Ferio Gaj przy ul. \u015awieradowskiej. M\u0119\u017cczyzna jad\u0105cy na rowerze z nieustalonych jeszcze przyczyn zosta\u0142 potr\u0105cony przez tramwaj relacji 32 Plus. Na miejscu b\u0142yskawicznie pojawi\u0142y si\u0119 Pogotowie, Stra\u017c Po\u017carna oraz Policja. Podj\u0119to pr\u00f3b\u0119 reanimacji potr\u0105conego rowerzysty.<\/p>\n<p>Niestety mimo reanimacji m\u0119\u017cczyzna zmar\u0142 po przewiezieniu do szpitala.<\/p>\n<p>Przyczyny oraz okoliczno\u015bci wypadku nie s\u0105 jeszcze znane.<\/p>\n<p>Warto doda\u0107, i\u017c miejsce w kt\u00f3rym dosz\u0142o do kolizji nale\u017cy do wyj\u0105tkowo niebezpiecznych. Torowisko, po kt\u00f3rym z du\u017c\u0105 pr\u0119dko\u015bci\u0105 poruszaj\u0105 si\u0119 tramwaje Plus nie jest zabezpieczone sygnalizacj\u0105 \u015bwietlno-akustyczn\u0105, co w po\u0142\u0105czeniu z cichym przemieszczaniem si\u0119 tramwaj\u00f3w oraz du\u017c\u0105 ilo\u015bci\u0105 pieszych oraz rowerzyst\u00f3w (\u015bcie\u017cka rowerowa) stanowi wyj\u0105tkowo niebezpieczne po\u0142\u0105czenie. Rada Osiedla Gaj kilkukrotnie zwraca\u0142a stosownym w\u0142adzom informacj\u0119 o sytuacji w tym miejscu. Niestety jak do tej pory bez odpowiedzi.<\/p>\n<p>W zwi\u0105zku z wypadkiem pasa\u017cerowie, korzystaj\u0105cy z MPK musz\u0105 liczy\u0107 si\u0119 ze sporymi utrudnieniami w ruchu.\u00a0Tramwaje linii 31 i 32 Plus kursuj\u0105 z ul. Kamiennej do p\u0119tli Tarnogaj. Uruchomiono autobusow\u0105 komunikacj\u0119 zast\u0119pcz\u0105 do ulicy \u015awieradowskiej &#8211; informuje\u00a0Julia Wach\u00a0z centrum zarz\u0105dzania kryzysowego w magistracie.<\/p>\n<p>Zdj\u0119cia nades\u0142ane przez \u015bwiadka wypadku.<\/p>\n\n\t\t<style type=\"text\/css\">\n\t\t\t#gallery-1 {\n\t\t\t\tmargin: auto;\n\t\t\t}\n\t\t\t#gallery-1 .gallery-item {\n\t\t\t\tfloat: left;\n\t\t\t\tmargin-top: 10px;\n\t\t\t\ttext-align: center;\n\t\t\t\twidth: 25%;\n\t\t\t}\n\t\t\t#gallery-1 img {\n\t\t\t\tborder: 2px solid #cfcfcf;\n\t\t\t}\n\t\t\t#gallery-1 .gallery-caption {\n\t\t\t\tmargin-left: 0;\n\t\t\t}\n\t\t\t\/* see gallery_shortcode() in wp-includes\/media.php *\/\n\t\t<\/style>\n\t\t<div id='gallery-1' class='gallery galleryid-1685 gallery-columns-4 gallery-size-thumbnail'><dl class='gallery-item'>\n\t\t\t<dt class='gallery-icon landscape'>\n\t\t\t\t<a href='https:\/\/online.tvk-gaj.pl\/wp-content\/uploads\/2013\/10\/23102013069.jpg'><img loading=\"lazy\" decoding=\"async\" width=\"150\" height=\"150\" src=\"https:\/\/online.tvk-gaj.pl\/wp-content\/uploads\/2013\/10\/23102013069-150x150.jpg\" class=\"attachment-thumbnail size-thumbnail\" alt=\"\" srcset=\"https:\/\/online.tvk-gaj.pl\/wp-content\/uploads\/2013\/10\/23102013069-150x150.jpg 150w, https:\/\/online.tvk-gaj.pl\/wp-content\/uploads\/2013\/10\/23102013069-160x160.jpg 160w, https:\/\/online.tvk-gaj.pl\/wp-content\/uploads\/2013\/10\/23102013069-240x240.jpg 240w, https:\/\/online.tvk-gaj.pl\/wp-content\/uploads\/2013\/10\/23102013069-60x60.jpg 60w, https:\/\/online.tvk-gaj.pl\/wp-content\/uploads\/2013\/10\/23102013069-184x184.jpg 184w\" sizes=\"auto, (max-width: 150px) 100vw, 150px\" \/><\/a>\n\t\t\t<\/dt><\/dl><dl class='gallery-item'>\n\t\t\t<dt class='gallery-icon landscape'>\n\t\t\t\t<a href='https:\/\/online.tvk-gaj.pl\/wp-content\/uploads\/2013\/10\/23102013072.jpg'><img loading=\"lazy\" decoding=\"async\" width=\"150\" height=\"150\" src=\"https:\/\/online.tvk-gaj.pl\/wp-content\/uploads\/2013\/10\/23102013072-150x150.jpg\" class=\"attachment-thumbnail size-thumbnail\" alt=\"\" srcset=\"https:\/\/online.tvk-gaj.pl\/wp-content\/uploads\/2013\/10\/23102013072-150x150.jpg 150w, https:\/\/online.tvk-gaj.pl\/wp-content\/uploads\/2013\/10\/23102013072-160x160.jpg 160w, https:\/\/online.tvk-gaj.pl\/wp-content\/uploads\/2013\/10\/23102013072-240x240.jpg 240w, https:\/\/online.tvk-gaj.pl\/wp-content\/uploads\/2013\/10\/23102013072-60x60.jpg 60w, https:\/\/online.tvk-gaj.pl\/wp-content\/uploads\/2013\/10\/23102013072-184x184.jpg 184w\" sizes=\"auto, (max-width: 150px) 100vw, 150px\" \/><\/a>\n\t\t\t<\/dt><\/dl><dl class='gallery-item'>\n\t\t\t<dt class='gallery-icon landscape'>\n\t\t\t\t<a href='https:\/\/online.tvk-gaj.pl\/wp-content\/uploads\/2013\/10\/231020130731.jpg'><img loading=\"lazy\" decoding=\"async\" width=\"150\" height=\"150\" src=\"https:\/\/online.tvk-gaj.pl\/wp-content\/uploads\/2013\/10\/231020130731-150x150.jpg\" class=\"attachment-thumbnail size-thumbnail\" alt=\"\" srcset=\"https:\/\/online.tvk-gaj.pl\/wp-content\/uploads\/2013\/10\/231020130731-150x150.jpg 150w, https:\/\/online.tvk-gaj.pl\/wp-content\/uploads\/2013\/10\/231020130731-160x160.jpg 160w, https:\/\/online.tvk-gaj.pl\/wp-content\/uploads\/2013\/10\/231020130731-240x240.jpg 240w, https:\/\/online.tvk-gaj.pl\/wp-content\/uploads\/2013\/10\/231020130731-60x60.jpg 60w, https:\/\/online.tvk-gaj.pl\/wp-content\/uploads\/2013\/10\/231020130731-184x184.jpg 184w\" sizes=\"auto, (max-width: 150px) 100vw, 150px\" \/><\/a>\n\t\t\t<\/dt><\/dl><dl class='gallery-item'>\n\t\t\t<dt class='gallery-icon landscape'>\n\t\t\t\t<a href='https:\/\/online.tvk-gaj.pl\/wp-content\/uploads\/2013\/10\/23102013074.jpg'><img loading=\"lazy\" decoding=\"async\" width=\"150\" height=\"150\" src=\"https:\/\/online.tvk-gaj.pl\/wp-content\/uploads\/2013\/10\/23102013074-150x150.jpg\" class=\"attachment-thumbnail size-thumbnail\" alt=\"\" srcset=\"https:\/\/online.tvk-gaj.pl\/wp-content\/uploads\/2013\/10\/23102013074-150x150.jpg 150w, https:\/\/online.tvk-gaj.pl\/wp-content\/uploads\/2013\/10\/23102013074-160x160.jpg 160w, https:\/\/online.tvk-gaj.pl\/wp-content\/uploads\/2013\/10\/23102013074-240x240.jpg 240w, https:\/\/online.tvk-gaj.pl\/wp-content\/uploads\/2013\/10\/23102013074-60x60.jpg 60w, https:\/\/online.tvk-gaj.pl\/wp-content\/uploads\/2013\/10\/23102013074-184x184.jpg 184w\" sizes=\"auto, (max-width: 150px) 100vw, 150px\" \/><\/a>\n\t\t\t<\/dt><\/dl><br style=\"clear: both\" \/>\n\t\t<\/div>\n\n<p>&nbsp;<\/p>\n","protected":false},"excerpt":{"rendered":"<p>Oko\u0142o godziny 14:30 na ulicy \u015awieradowskiej (na wysoko\u015bci Centrum Handlowego Ferio Gaj) dosz\u0142o do gro\u017anego wypadku. Rowerzysta wpad\u0142 pod rozp\u0119dzony tramwaj. Na miejscu pracuj\u0105 s\u0142u\u017cby ratownicze oraz Policja.<\/p>\n","protected":false},"author":1,"featured_media":1686,"comment_status":"open","ping_status":"open","sticky":false,"template":"","format":"standard","meta":{"footnotes":""},"categories":[14],"tags":[117,118,116],"class_list":["post-1685","post","type-post","status-publish","format-standard","has-post-thumbnail","hentry","category-aktualnosci","tag-swieradowska","tag-tramwaj-plus","tag-wypadek"],"_links":{"self":[{"href":"https:\/\/online.tvk-gaj.pl\/index.php?rest_route=\/wp\/v2\/posts\/1685","targetHints":{"allow":["GET"]}}],"collection":[{"href":"https:\/\/online.tvk-gaj.pl\/index.php?rest_route=\/wp\/v2\/posts"}],"about":[{"href":"https:\/\/online.tvk-gaj.pl\/index.php?rest_route=\/wp\/v2\/types\/post"}],"author":[{"embeddable":true,"href":"https:\/\/online.tvk-gaj.pl\/index.php?rest_route=\/wp\/v2\/users\/1"}],"replies":[{"embeddable":true,"href":"https:\/\/online.tvk-gaj.pl\/index.php?rest_route=%2Fwp%2Fv2%2Fcomments&post=1685"}],"version-history":[{"count":4,"href":"https:\/\/online.tvk-gaj.pl\/index.php?rest_route=\/wp\/v2\/posts\/1685\/revisions"}],"predecessor-version":[{"id":1694,"href":"https:\/\/online.tvk-gaj.pl\/index.php?rest_route=\/wp\/v2\/posts\/1685\/revisions\/1694"}],"wp:featuredmedia":[{"embeddable":true,"href":"https:\/\/online.tvk-gaj.pl\/index.php?rest_route=\/wp\/v2\/media\/1686"}],"wp:attachment":[{"href":"https:\/\/online.tvk-gaj.pl\/index.php?rest_route=%2Fwp%2Fv2%2Fmedia&parent=1685"}],"wp:term":[{"taxonomy":"category","embeddable":true,"href":"https:\/\/online.tvk-gaj.pl\/index.php?rest_route=%2Fwp%2Fv2%2Fcategories&post=1685"},{"taxonomy":"post_tag","embeddable":true,"href":"https:\/\/online.tvk-gaj.pl\/index.php?rest_route=%2Fwp%2Fv2%2Ftags&post=1685"}],"curies":[{"name":"wp","href":"https:\/\/api.w.org\/{rel}","templated":true}]}}