{"id":1715,"date":"2013-10-31T14:18:00","date_gmt":"2013-10-31T13:18:00","guid":{"rendered":"http:\/\/www.tvk-gaj.pl\/~gajonline\/?p=1715"},"modified":"2013-10-31T15:22:21","modified_gmt":"2013-10-31T14:22:21","slug":"wszystkich-swietych-komunikacja-w-miescie-i-na-osiedlu","status":"publish","type":"post","link":"https:\/\/online.tvk-gaj.pl\/?p=1715","title":{"rendered":"Wszystkich \u015awi\u0119tych &#8211; komunikacja w mie\u015bcie i na osiedlu"},"content":{"rendered":"<p>Przedstawiamy szczeg\u00f3\u0142y zmian w organizacji ruchu i komunikacji miejskiej na Wszystkich \u015awi\u0119tych we Wroc\u0142awiu, a w szczeg\u00f3lno\u015bci na Gaju.\u00a0<!--more--><\/p>\n<p>Na terenie osiedla znajduj\u0105 si\u0119 dwa cmentarze parafialne &#8211; \u015aw. Ducha z ul. Bardziej oraz \u015aw. Maurycego przy ul. Dzia\u0142kowej.<\/p>\n<p>W rejonie cmentarza przy ul. Bardzkiej zorganizowany zosta\u0142 parking p\u0142atny na terenie nale\u017c\u0105cym do Przedsi\u0119biorstwa Handlu Chemikaliami Chemia \u2013 Wroc\u0142aw S.A. przy ulicy Buforowej 2. Parking zlokalizowany jest na terenie tzw. &#8222;chemii&#8221;. Koszt pozostawienia tam samochodu to 5z\u0142.\u00a0Na ulicy Morwowej zosta\u0142 wprowadzony na dzie\u0144 Wszystkich \u015awi\u0119tych \u00a0jeden kierunek ruchu od ulicy Bardzkiej do ulicy Tarnogajskiej.<\/p>\n<p><img loading=\"lazy\" decoding=\"async\" class=\" wp-image-1722 alignleft\" alt=\"2013-10-31 12.34.12\" src=\"http:\/\/www.tvk-gaj.pl\/~gajonline\/wp-content\/uploads\/2013\/10\/2013-10-31-12.34.12-1024x575.jpg\" width=\"614\" height=\"345\" srcset=\"https:\/\/online.tvk-gaj.pl\/wp-content\/uploads\/2013\/10\/2013-10-31-12.34.12-1024x575.jpg 1024w, https:\/\/online.tvk-gaj.pl\/wp-content\/uploads\/2013\/10\/2013-10-31-12.34.12-300x168.jpg 300w, https:\/\/online.tvk-gaj.pl\/wp-content\/uploads\/2013\/10\/2013-10-31-12.34.12.jpg 1462w\" sizes=\"auto, (max-width: 614px) 100vw, 614px\" \/><\/p>\n<p>&nbsp;<\/p>\n<p><img loading=\"lazy\" decoding=\"async\" class=\"alignleft  wp-image-1723\" alt=\"bardzka-dojazd-1\" src=\"http:\/\/www.tvk-gaj.pl\/~gajonline\/wp-content\/uploads\/2013\/10\/bardzka-dojazd-1-1024x722.jpg\" width=\"614\" height=\"433\" srcset=\"https:\/\/online.tvk-gaj.pl\/wp-content\/uploads\/2013\/10\/bardzka-dojazd-1-1024x722.jpg 1024w, https:\/\/online.tvk-gaj.pl\/wp-content\/uploads\/2013\/10\/bardzka-dojazd-1-300x211.jpg 300w, https:\/\/online.tvk-gaj.pl\/wp-content\/uploads\/2013\/10\/bardzka-dojazd-1.jpg 1500w\" sizes=\"auto, (max-width: 614px) 100vw, 614px\" \/><\/p>\n<p>&nbsp;<\/p>\n<p>&nbsp;<\/p>\n<p>Nie ma zamian w organizacji ruchu dla cmentarza \u201eSkowronia G\u00f3ra\u201d przy ul. Dzia\u0142kowej. Przy cmentarzu Policja wprowadzi\u0142azakaz zatrzymywania si\u0119 pojazd\u00f3w.<\/p>\n<p>&nbsp;<\/p>\n<p><img loading=\"lazy\" decoding=\"async\" class=\"alignleft  wp-image-1724\" alt=\"2013-10-31 13.25.46\" src=\"http:\/\/www.tvk-gaj.pl\/~gajonline\/wp-content\/uploads\/2013\/10\/2013-10-31-13.25.46-1024x576.jpg\" width=\"614\" height=\"346\" srcset=\"https:\/\/online.tvk-gaj.pl\/wp-content\/uploads\/2013\/10\/2013-10-31-13.25.46-1024x576.jpg 1024w, https:\/\/online.tvk-gaj.pl\/wp-content\/uploads\/2013\/10\/2013-10-31-13.25.46-300x168.jpg 300w, https:\/\/online.tvk-gaj.pl\/wp-content\/uploads\/2013\/10\/2013-10-31-13.25.46.jpg 1536w\" sizes=\"auto, (max-width: 614px) 100vw, 614px\" \/><\/p>\n<p>&nbsp;<\/p>\n<p>&nbsp;<\/p>\n<p><strong>Zmiany w komunikacji miejskiej:<\/strong><\/p>\n<ul>\n<li><span style=\"color: #808080;\"><a href=\"http:\/\/www.wroclaw.pl\/wszystkich-swietych--komunikacja-zbiorowa#28-30-pazdziernika-bus\"><span style=\"color: #808080;\">28-31 pa\u017adziernika 2013 r.<\/span><\/a><\/span>\n<ul>\n<li><span style=\"color: #808080;\"><a href=\"http:\/\/www.wroclaw.pl\/wszystkich-swietych--komunikacja-zbiorowa#28-30-pazdziernika-bus\"><span style=\"color: #808080;\">linie autobusowe<\/span><\/a><\/span><\/li>\n<li><span style=\"color: #808080;\"><a href=\"http:\/\/www.wroclaw.pl\/wszystkich-swietych--komunikacja-zbiorowa#28-30-pazdziernika-bus\"><span style=\"color: #808080;\">linie specjalne tramwajowe<\/span><\/a><\/span><\/li>\n<\/ul>\n<\/li>\n<li><span style=\"color: #808080;\"><a href=\"http:\/\/www.wroclaw.pl\/wszystkich-swietych--komunikacja-zbiorowa#1-list-bus\"><span style=\"color: #808080;\">1 listopada 2013 r.<\/span><\/a><\/span>\n<ul>\n<li><span style=\"color: #808080;\"><a href=\"http:\/\/www.wroclaw.pl\/wszystkich-swietych--komunikacja-zbiorowa#1-list-bus\"><span style=\"color: #808080;\">linie autobusowe<\/span><\/a><\/span><\/li>\n<li><span style=\"color: #808080;\"><a href=\"http:\/\/www.wroclaw.pl\/wszystkich-swietych--komunikacja-zbiorowa#1-list-tram\"><span style=\"color: #808080;\">linie specjalne tramwajowe<\/span><\/a><\/span><\/li>\n<li><span style=\"color: #808080;\"><a href=\"http:\/\/www.wroclaw.pl\/wszystkich-swietych--komunikacja-zbiorowa#1-list-bus-spec\"><span style=\"color: #808080;\">linie specjalne autobusowe<\/span><\/a><\/span><\/li>\n<li><span style=\"color: #808080;\"><a href=\"http:\/\/www.wroclaw.pl\/wszystkich-swietych--komunikacja-zbiorowa#1-list-zmiany-przystankow\"><span style=\"color: #808080;\">zmiany przystank\u00f3w<\/span><\/a><\/span><\/li>\n<\/ul>\n<\/li>\n<li><span style=\"color: #808080;\"><strong><\/strong><a href=\"http:\/\/www.wroclaw.pl\/wszystkich-swietych--komunikacja-zbiorowa#2-list-bus\"><span style=\"color: #808080;\">2 listopada 2013 r.<\/span><\/a><\/span>\n<ul>\n<li><span style=\"color: #808080;\"><a href=\"http:\/\/www.wroclaw.pl\/wszystkich-swietych--komunikacja-zbiorowa#2-list-bus\"><span style=\"color: #808080;\">linie autobusowe<\/span><\/a><\/span><\/li>\n<li><span style=\"color: #808080;\"><a href=\"http:\/\/www.wroclaw.pl\/wszystkich-swietych--komunikacja-zbiorowa#2-list-tramw\"><span style=\"color: #808080;\">linie specjalne tramwajowe<\/span><\/a><\/span><\/li>\n<li><span style=\"color: #808080;\"><a href=\"http:\/\/www.wroclaw.pl\/wszystkich-swietych--komunikacja-zbiorowa#2-list-bus-spec\"><span style=\"color: #808080;\">linie specjalne autobusowe<\/span><\/a><\/span><\/li>\n<\/ul>\n<\/li>\n<li><span style=\"color: #808080;\"><a href=\"http:\/\/www.wroclaw.pl\/wszystkich-swietych--komunikacja-zbiorowa#3-list\"><span style=\"color: #808080;\">3 listopada 2013 r<\/span><\/a>.<\/span>\n<ul>\n<li><span style=\"color: #808080;\"><a href=\"http:\/\/www.wroclaw.pl\/wszystkich-swietych--komunikacja-zbiorowa#3-list-bus\"><span style=\"color: #808080;\">linie autobusowe<\/span><\/a><\/span><\/li>\n<li><span style=\"color: #808080;\">l<a href=\"http:\/\/www.wroclaw.pl\/wszystkich-swietych--komunikacja-zbiorowa#3-list-tramw\"><span style=\"color: #808080;\">inie specjalne tramwajowe<\/span><\/a><\/span><\/li>\n<\/ul>\n<\/li>\n<\/ul>\n<p><strong>\u00a0<\/strong><\/p>\n<p><a href=\"http:\/\/www.tvk-gaj.pl\/~gajonline\/wp-content\/uploads\/2013\/10\/komunikacjawszystkichswietych2.jpg\"><img loading=\"lazy\" decoding=\"async\" class=\"alignleft  wp-image-1726\" alt=\"komunikacjawszystkichswietych2\" src=\"http:\/\/www.tvk-gaj.pl\/~gajonline\/wp-content\/uploads\/2013\/10\/komunikacjawszystkichswietych2-1024x686.jpg\" width=\"614\" height=\"412\" srcset=\"https:\/\/online.tvk-gaj.pl\/wp-content\/uploads\/2013\/10\/komunikacjawszystkichswietych2-1024x686.jpg 1024w, https:\/\/online.tvk-gaj.pl\/wp-content\/uploads\/2013\/10\/komunikacjawszystkichswietych2-300x201.jpg 300w, https:\/\/online.tvk-gaj.pl\/wp-content\/uploads\/2013\/10\/komunikacjawszystkichswietych2-321x214.jpg 321w, https:\/\/online.tvk-gaj.pl\/wp-content\/uploads\/2013\/10\/komunikacjawszystkichswietych2-140x94.jpg 140w, https:\/\/online.tvk-gaj.pl\/wp-content\/uploads\/2013\/10\/komunikacjawszystkichswietych2.jpg 1738w\" sizes=\"auto, (max-width: 614px) 100vw, 614px\" \/><\/a><\/p>\n<p>&nbsp;<\/p>\n<p>&nbsp;<\/p>\n<p><a href=\"http:\/\/www.tvk-gaj.pl\/~gajonline\/wp-content\/uploads\/2013\/10\/komunikacjawszystkichswietych1.jpg\"><img loading=\"lazy\" decoding=\"async\" class=\"alignleft  wp-image-1725\" alt=\"komunikacjawszystkichswietych\" src=\"http:\/\/www.tvk-gaj.pl\/~gajonline\/wp-content\/uploads\/2013\/10\/komunikacjawszystkichswietych1-1024x722.jpg\" width=\"614\" height=\"433\" srcset=\"https:\/\/online.tvk-gaj.pl\/wp-content\/uploads\/2013\/10\/komunikacjawszystkichswietych1-1024x722.jpg 1024w, https:\/\/online.tvk-gaj.pl\/wp-content\/uploads\/2013\/10\/komunikacjawszystkichswietych1-300x211.jpg 300w, https:\/\/online.tvk-gaj.pl\/wp-content\/uploads\/2013\/10\/komunikacjawszystkichswietych1.jpg 1727w\" sizes=\"auto, (max-width: 614px) 100vw, 614px\" \/><\/a><\/p>\n","protected":false},"excerpt":{"rendered":"<p>Przedstawiamy szczeg\u00f3\u0142y zmian w organizacji ruchu i komunikacji miejskiej na Wszystkich \u015awi\u0119tych we Wroc\u0142awiu, a w szczeg\u00f3lno\u015bci na Gaju.\u00a0<\/p>\n","protected":false},"author":1,"featured_media":1721,"comment_status":"open","ping_status":"open","sticky":false,"template":"","format":"standard","meta":{"footnotes":""},"categories":[14,12],"tags":[122,123,121],"class_list":["post-1715","post","type-post","status-publish","format-standard","has-post-thumbnail","hentry","category-aktualnosci","category-artykuly","tag-komunikacja","tag-komunikacja-miejska","tag-wszystkich-swietych"],"_links":{"self":[{"href":"https:\/\/online.tvk-gaj.pl\/index.php?rest_route=\/wp\/v2\/posts\/1715","targetHints":{"allow":["GET"]}}],"collection":[{"href":"https:\/\/online.tvk-gaj.pl\/index.php?rest_route=\/wp\/v2\/posts"}],"about":[{"href":"https:\/\/online.tvk-gaj.pl\/index.php?rest_route=\/wp\/v2\/types\/post"}],"author":[{"embeddable":true,"href":"https:\/\/online.tvk-gaj.pl\/index.php?rest_route=\/wp\/v2\/users\/1"}],"replies":[{"embeddable":true,"href":"https:\/\/online.tvk-gaj.pl\/index.php?rest_route=%2Fwp%2Fv2%2Fcomments&post=1715"}],"version-history":[{"count":6,"href":"https:\/\/online.tvk-gaj.pl\/index.php?rest_route=\/wp\/v2\/posts\/1715\/revisions"}],"predecessor-version":[{"id":1719,"href":"https:\/\/online.tvk-gaj.pl\/index.php?rest_route=\/wp\/v2\/posts\/1715\/revisions\/1719"}],"wp:featuredmedia":[{"embeddable":true,"href":"https:\/\/online.tvk-gaj.pl\/index.php?rest_route=\/wp\/v2\/media\/1721"}],"wp:attachment":[{"href":"https:\/\/online.tvk-gaj.pl\/index.php?rest_route=%2Fwp%2Fv2%2Fmedia&parent=1715"}],"wp:term":[{"taxonomy":"category","embeddable":true,"href":"https:\/\/online.tvk-gaj.pl\/index.php?rest_route=%2Fwp%2Fv2%2Fcategories&post=1715"},{"taxonomy":"post_tag","embeddable":true,"href":"https:\/\/online.tvk-gaj.pl\/index.php?rest_route=%2Fwp%2Fv2%2Ftags&post=1715"}],"curies":[{"name":"wp","href":"https:\/\/api.w.org\/{rel}","templated":true}]}}