{"id":1729,"date":"2013-11-05T14:35:41","date_gmt":"2013-11-05T13:35:41","guid":{"rendered":"http:\/\/www.tvk-gaj.pl\/~gajonline\/?p=1729"},"modified":"2013-11-05T14:40:12","modified_gmt":"2013-11-05T13:40:12","slug":"ogloszenie-o-mozliwosci-przystapienia-do-programu-usuwania-azbestu-w-2014r","status":"publish","type":"post","link":"https:\/\/online.tvk-gaj.pl\/?p=1729","title":{"rendered":"Og\u0142oszenie o mo\u017cliwo\u015bci przyst\u0105pienia do &#8222;Programu usuwania azbestu&#8221; w 2014r."},"content":{"rendered":"<p>Publikujemy og\u0142oszenie magistratu dotycz\u0105ce &#8222;Programu usuwania azbestu&#8221; w 2014 roku. Wi\u0119cej w dalszej cz\u0119\u015bci artyku\u0142u.<!--more--><\/p>\n<p><a href=\"http:\/\/www.tvk-gaj.pl\/~gajonline\/wp-content\/uploads\/2013\/11\/programusuwaniaazbestu2014.jpg\"><img loading=\"lazy\" decoding=\"async\" class=\"aligncenter size-large wp-image-1730\" alt=\"programusuwaniaazbestu2014\" src=\"http:\/\/www.tvk-gaj.pl\/~gajonline\/wp-content\/uploads\/2013\/11\/programusuwaniaazbestu2014-752x1024.jpg\" width=\"752\" height=\"1024\" srcset=\"https:\/\/online.tvk-gaj.pl\/wp-content\/uploads\/2013\/11\/programusuwaniaazbestu2014-752x1024.jpg 752w, https:\/\/online.tvk-gaj.pl\/wp-content\/uploads\/2013\/11\/programusuwaniaazbestu2014-220x300.jpg 220w, https:\/\/online.tvk-gaj.pl\/wp-content\/uploads\/2013\/11\/programusuwaniaazbestu2014.jpg 789w\" sizes=\"auto, (max-width: 752px) 100vw, 752px\" \/><\/a><\/p>\n<p>&nbsp;<\/p>\n<p>&nbsp;<\/p>\n","protected":false},"excerpt":{"rendered":"<p>Publikujemy og\u0142oszenie magistratu dotycz\u0105ce &#8222;Programu usuwania azbestu&#8221; w 2014 roku. Wi\u0119cej w dalszej cz\u0119\u015bci artyku\u0142u.<\/p>\n","protected":false},"author":1,"featured_media":1730,"comment_status":"open","ping_status":"open","sticky":false,"template":"","format":"standard","meta":{"footnotes":""},"categories":[14],"tags":[126,124,125,127],"class_list":["post-1729","post","type-post","status-publish","format-standard","has-post-thumbnail","hentry","category-aktualnosci","tag-126","tag-ogloszenie","tag-program-usuwania-azbestu","tag-urzad-miejski-wroclawia"],"_links":{"self":[{"href":"https:\/\/online.tvk-gaj.pl\/index.php?rest_route=\/wp\/v2\/posts\/1729","targetHints":{"allow":["GET"]}}],"collection":[{"href":"https:\/\/online.tvk-gaj.pl\/index.php?rest_route=\/wp\/v2\/posts"}],"about":[{"href":"https:\/\/online.tvk-gaj.pl\/index.php?rest_route=\/wp\/v2\/types\/post"}],"author":[{"embeddable":true,"href":"https:\/\/online.tvk-gaj.pl\/index.php?rest_route=\/wp\/v2\/users\/1"}],"replies":[{"embeddable":true,"href":"https:\/\/online.tvk-gaj.pl\/index.php?rest_route=%2Fwp%2Fv2%2Fcomments&post=1729"}],"version-history":[{"count":4,"href":"https:\/\/online.tvk-gaj.pl\/index.php?rest_route=\/wp\/v2\/posts\/1729\/revisions"}],"predecessor-version":[{"id":1734,"href":"https:\/\/online.tvk-gaj.pl\/index.php?rest_route=\/wp\/v2\/posts\/1729\/revisions\/1734"}],"wp:featuredmedia":[{"embeddable":true,"href":"https:\/\/online.tvk-gaj.pl\/index.php?rest_route=\/wp\/v2\/media\/1730"}],"wp:attachment":[{"href":"https:\/\/online.tvk-gaj.pl\/index.php?rest_route=%2Fwp%2Fv2%2Fmedia&parent=1729"}],"wp:term":[{"taxonomy":"category","embeddable":true,"href":"https:\/\/online.tvk-gaj.pl\/index.php?rest_route=%2Fwp%2Fv2%2Fcategories&post=1729"},{"taxonomy":"post_tag","embeddable":true,"href":"https:\/\/online.tvk-gaj.pl\/index.php?rest_route=%2Fwp%2Fv2%2Ftags&post=1729"}],"curies":[{"name":"wp","href":"https:\/\/api.w.org\/{rel}","templated":true}]}}