{"id":1775,"date":"2013-11-15T13:26:08","date_gmt":"2013-11-15T12:26:08","guid":{"rendered":"http:\/\/www.tvk-gaj.pl\/~gajonline\/?p=1775"},"modified":"2013-11-15T13:27:55","modified_gmt":"2013-11-15T12:27:55","slug":"w-radzie-osiedla-dyskutowano-o-bezpieczenstwie-drogowym-na-gaju","status":"publish","type":"post","link":"https:\/\/online.tvk-gaj.pl\/?p=1775","title":{"rendered":"W Radzie Osiedla dyskutowano o bezpiecze\u0144stwie drogowym na Gaju"},"content":{"rendered":"<p>W minionym miesi\u0105cu na ulicy \u015awieradowskiej dosz\u0142o do tragicznego w skutkach wypadku. W jego wyniku rowerzysta potr\u0105cony przez tramwaj, poni\u00f3s\u0142 \u015bmier\u0107. W zesz\u0142ym tygodniu, r\u00f3wnie\u017c na ulicy \u015awieradowskiej potr\u0105cony zosta\u0142 pieszy, kt\u00f3ry wysiada\u0142 z autobusu. Wczoraj na ul. Orzechowej potr\u0105cono rowerzyste. Wszystkie te wypadki sk\u0142oni\u0142y Rad\u0119 Osiedla do powa\u017cnej dyskusji na temat bezpiecze\u0144stwa drogowego na terenie Gaju. W zwi\u0105zku z tym zwo\u0142ano zebranie, na kt\u00f3rym pojawili si\u0119 Radni osiedla, Radna Rady Miejskiej Wroc\u0142awia, przedstawiciele Urz\u0119du Miasta oraz Policji. Publikujemy wnioski ze spotkania.<!--more--><\/p>\n<p>W zesz\u0142ym miesi\u0105cu, 28 pa\u017adziernika, w siedzibie Rady Osiedla Gaj we Wroc\u0142awiu przy ul. Krynickiej 80, odby\u0142o si\u0119 nadzwyczajne posiedzenie. Zwo\u0142ane zosta\u0142o przez Przewodnicz\u0105cego Rady Osiedla Gaj \u00a0zwi\u0105zku \u00a0z zaistnia\u0142ym wypadkiem\u00a0 \u015bmiertelnym rowerzysty potraconego przez tramwaj 32 Plus na przej\u015bciu dla pieszych w dniu 23.10.2013 r.<\/p>\n<p>W spotkaniu udzia\u0142 wzi\u0119li:<\/p>\n<ol start=\"1\">\n<li>Adam Wojtaszewski \u2013 Przewodnicz\u0105cy rady Osiedla Gaj<\/li>\n<li>Stefan Zydorowicz \u2013 Przewodnicz\u0105cy Zarz\u0105du Osiedla Gaj<\/li>\n<li>Kazimierz Zagrodnik \u2013 sekretarz Rady Osiedla Gaj<\/li>\n<li>Agnieszka Rybczak \u2013 Radana Rady Miejskiej Wroc\u0142awia<\/li>\n<li>Daniel Chojnacki \u2013 Wydzia\u0142 In\u017cynierii Miejskiej Urz\u0119du Miejskiego Miasta Wroc\u0142awia<\/li>\n<li>Asp. Pawe\u0142 \u0141ukowicz \u2013 dzielnicowy KP Policji Wroc\u0142aw Krzyki<\/li>\n<\/ol>\n<p>&nbsp;<\/p>\n<p><strong>Przedstawiamy protok\u00f3\u0142 z posiedzenia.<\/strong><\/p>\n<p>&nbsp;<\/p>\n<p><a href=\"http:\/\/www.tvk-gaj.pl\/~gajonline\/wp-content\/uploads\/2013\/11\/protokolbezpieczenstwo1.jpg\"><img loading=\"lazy\" decoding=\"async\" class=\"aligncenter size-large wp-image-1776\" alt=\"protokolbezpieczenstwo1\" src=\"http:\/\/www.tvk-gaj.pl\/~gajonline\/wp-content\/uploads\/2013\/11\/protokolbezpieczenstwo1-725x1024.jpg\" width=\"725\" height=\"1024\" srcset=\"https:\/\/online.tvk-gaj.pl\/wp-content\/uploads\/2013\/11\/protokolbezpieczenstwo1-725x1024.jpg 725w, https:\/\/online.tvk-gaj.pl\/wp-content\/uploads\/2013\/11\/protokolbezpieczenstwo1-212x300.jpg 212w, https:\/\/online.tvk-gaj.pl\/wp-content\/uploads\/2013\/11\/protokolbezpieczenstwo1.jpg 760w\" sizes=\"auto, (max-width: 725px) 100vw, 725px\" \/><\/a><\/p>\n<p><a href=\"http:\/\/www.tvk-gaj.pl\/~gajonline\/wp-content\/uploads\/2013\/11\/protokolbezpieczenstwo2.jpg\"><img loading=\"lazy\" decoding=\"async\" class=\"aligncenter size-large wp-image-1777\" alt=\"protokolbezpieczenstwo2\" src=\"http:\/\/www.tvk-gaj.pl\/~gajonline\/wp-content\/uploads\/2013\/11\/protokolbezpieczenstwo2-735x1024.jpg\" width=\"735\" height=\"1024\" srcset=\"https:\/\/online.tvk-gaj.pl\/wp-content\/uploads\/2013\/11\/protokolbezpieczenstwo2-735x1024.jpg 735w, https:\/\/online.tvk-gaj.pl\/wp-content\/uploads\/2013\/11\/protokolbezpieczenstwo2-215x300.jpg 215w, https:\/\/online.tvk-gaj.pl\/wp-content\/uploads\/2013\/11\/protokolbezpieczenstwo2.jpg 756w\" sizes=\"auto, (max-width: 735px) 100vw, 735px\" \/><\/a><\/p>\n<p>&nbsp;<\/p>\n<p>&nbsp;<\/p>\n<p>&nbsp;<\/p>\n","protected":false},"excerpt":{"rendered":"<p>W minionym miesi\u0105cu na ulicy \u015awieradowskiej dosz\u0142o do tragicznego w skutkach wypadku. W jego wyniku rowerzysta potr\u0105cony przez tramwaj, poni\u00f3s\u0142 \u015bmier\u0107. W zesz\u0142ym tygodniu, r\u00f3wnie\u017c na ulicy \u015awieradowskiej potr\u0105cony zosta\u0142 pieszy, kt\u00f3ry wysiada\u0142 z autobusu. Wczoraj na ul. Orzechowej potr\u0105cono rowerzyste. Wszystkie te wypadki sk\u0142oni\u0142y Rad\u0119 Osiedla do powa\u017cnej dyskusji na temat bezpiecze\u0144stwa drogowego na [&hellip;]<\/p>\n","protected":false},"author":1,"featured_media":1689,"comment_status":"open","ping_status":"open","sticky":false,"template":"","format":"standard","meta":{"footnotes":""},"categories":[14],"tags":[147,148,144,135,145,117,149,146],"class_list":["post-1775","post","type-post","status-publish","format-standard","has-post-thumbnail","hentry","category-aktualnosci","tag-bezpieczenstwo","tag-policja","tag-protokol-ze-spotkania-komisji-bezpieczenstwa","tag-rada-osiedla-gaj","tag-spotkanie","tag-swieradowska","tag-urzad-miasta","tag-wypadek-swieradowska"],"_links":{"self":[{"href":"https:\/\/online.tvk-gaj.pl\/index.php?rest_route=\/wp\/v2\/posts\/1775","targetHints":{"allow":["GET"]}}],"collection":[{"href":"https:\/\/online.tvk-gaj.pl\/index.php?rest_route=\/wp\/v2\/posts"}],"about":[{"href":"https:\/\/online.tvk-gaj.pl\/index.php?rest_route=\/wp\/v2\/types\/post"}],"author":[{"embeddable":true,"href":"https:\/\/online.tvk-gaj.pl\/index.php?rest_route=\/wp\/v2\/users\/1"}],"replies":[{"embeddable":true,"href":"https:\/\/online.tvk-gaj.pl\/index.php?rest_route=%2Fwp%2Fv2%2Fcomments&post=1775"}],"version-history":[{"count":4,"href":"https:\/\/online.tvk-gaj.pl\/index.php?rest_route=\/wp\/v2\/posts\/1775\/revisions"}],"predecessor-version":[{"id":1781,"href":"https:\/\/online.tvk-gaj.pl\/index.php?rest_route=\/wp\/v2\/posts\/1775\/revisions\/1781"}],"wp:featuredmedia":[{"embeddable":true,"href":"https:\/\/online.tvk-gaj.pl\/index.php?rest_route=\/wp\/v2\/media\/1689"}],"wp:attachment":[{"href":"https:\/\/online.tvk-gaj.pl\/index.php?rest_route=%2Fwp%2Fv2%2Fmedia&parent=1775"}],"wp:term":[{"taxonomy":"category","embeddable":true,"href":"https:\/\/online.tvk-gaj.pl\/index.php?rest_route=%2Fwp%2Fv2%2Fcategories&post=1775"},{"taxonomy":"post_tag","embeddable":true,"href":"https:\/\/online.tvk-gaj.pl\/index.php?rest_route=%2Fwp%2Fv2%2Ftags&post=1775"}],"curies":[{"name":"wp","href":"https:\/\/api.w.org\/{rel}","templated":true}]}}