{"id":1782,"date":"2013-11-16T18:50:33","date_gmt":"2013-11-16T17:50:33","guid":{"rendered":"http:\/\/www.tvk-gaj.pl\/~gajonline\/?p=1782"},"modified":"2014-05-16T23:24:42","modified_gmt":"2014-05-16T21:24:42","slug":"fotorelacja-z-dnia-seniora","status":"publish","type":"post","link":"https:\/\/online.tvk-gaj.pl\/?p=1782","title":{"rendered":"Dzie\u0144 Seniora na Gaju &#8211; nasza fotorelacja"},"content":{"rendered":"<p>W miniony pi\u0105tek, 15 listopada, mia\u0142a miejsce coroczne spotkanie Senior\u00f3w z Gaju. Na spotkaniu zorganizowanym przez Rad\u0119 Osiedla pojawili si\u0119 seniorzy, Radni osiedla, a tak\u017ce zaproszeni go\u015bcie.\u00a0Zapraszamy do naszej fotorelacji z imprezy.\u00a0<!--more--><\/p>\n<p>Spotkanie mia\u0142o miejsce na terenie Szko\u0142y Podstawowej Nr 90 przy ulicy Orzechowej 62.<br \/>\nRozpocz\u0119\u0142o si\u0119 o godzinie 17:00 przygotowanym przez uczni\u00f3w Szko\u0142y Podstawowej blokiem artystycznym.\u00a0Nast\u0119pnie pojawi\u0142y si\u0119 przem\u00f3wienia gospodarzy i zaproszonych go\u015bci.<\/p>\n<p>[singlepic id=1114 w= h= float=center]<\/p>\n<p>&nbsp;<\/p>\n<p><span style=\"text-decoration: underline;\">G\u0142os zabrali m.in.:<\/span><\/p>\n<p>Mieczys\u0142aw \u0141ukaszuk &#8211; Zast\u0119pca Przewodnicz\u0105cego Rady Osiedla Gaj<\/p>\n<p>Stefan Zydorowicz &#8211; Przewodnicz\u0105cy Zarz\u0105du Rady Osiedla Gaj<\/p>\n<p>Dyrekcja Szko\u0142y Podstawowej Nr 90<\/p>\n<p>Kazimierz Zagrodnik &#8211; Cz\u0142onek Zwi\u0105zku Emeryt\u00f3w Wojskowych oraz Sekretarz Rady Osiedla Gaj<\/p>\n<p>Rybicki Ryszard &#8211; Przewodnicz\u0105cy Stowarzyszenia Odr\u0119bna W\u0142asno\u015b\u0107 w nieruchomo\u015bci Krynicka 2-52<\/p>\n<p>Kuczy\u0144ska Krystyna i Idzikowska Miros\u0142awa &#8211; Miejski O\u015brodek Pomocy Spo\u0142ecznej<\/p>\n<p>Przedstawiciele Ko\u0142a Emeryt\u00f3w, Zwi\u0105zku Nauczycielstwa Polskiego ko\u0142o Gaj\u00a0oraz wielu znamienitych Go\u015bci!<\/p>\n<p>&nbsp;<\/p>\n<p>Rozmowy dotyczy\u0142y nie tylko przesz\u0142o\u015bci, w tym przesz\u0142o\u015bci osiedla, ale tak\u017ce obecnej sytuacji senior\u00f3w w \u017cyciu spo\u0142ecznym i kulturalnym oraz wp\u0142ywu starszych os\u00f3b na rozw\u00f3j swojego miejsca zamieszkania.<\/p>\n<p>Rada Osiedla Gaj pragnie podzi\u0119kowa\u0107 wszystkim przyby\u0142ym go\u015bciom za wsp\u00f3lnie sp\u0119dzony czas, kt\u00f3ry b\u0119d\u0105c ju\u017c niejako &#8222;\u015bwieck\u0105 tradycj\u0105&#8221; przyczynia si\u0119 do publicznej debaty na temat naszych wsp\u00f3lnych spraw. Debaty, kt\u00f3rej tak potrzebuje wsp\u00f3\u0142czesne \u017cycie spo\u0142eczno-polityczne.<\/p>\n<p>&nbsp;<\/p>\n<p><strong>Poni\u017cej fotorelacja z imprezy<\/strong><\/p>\n<p>[nggallery id=32]<\/p>\n<p>&nbsp;<\/p>\n<p>&nbsp;<\/p>\n","protected":false},"excerpt":{"rendered":"<p>W miniony pi\u0105tek, 15 listopada, mia\u0142a miejsce coroczne spotkanie Senior\u00f3w z Gaju. Na spotkaniu zorganizowanym przez Rad\u0119 Osiedla pojawili si\u0119 seniorzy, Radni osiedla, a tak\u017ce zaproszeni go\u015bcie.\u00a0Zapraszamy do naszej fotorelacji z imprezy.\u00a0<\/p>\n","protected":false},"author":1,"featured_media":1783,"comment_status":"open","ping_status":"open","sticky":false,"template":"","format":"standard","meta":{"footnotes":""},"categories":[14,12],"tags":[150,112,135,152,120,151],"class_list":["post-1782","post","type-post","status-publish","format-standard","has-post-thumbnail","hentry","category-aktualnosci","category-artykuly","tag-dzien-seniora","tag-gaj","tag-rada-osiedla-gaj","tag-seniorzy","tag-szkola-podstawowa-nr-90","tag-uroczystosc-dnia-seniora"],"_links":{"self":[{"href":"https:\/\/online.tvk-gaj.pl\/index.php?rest_route=\/wp\/v2\/posts\/1782","targetHints":{"allow":["GET"]}}],"collection":[{"href":"https:\/\/online.tvk-gaj.pl\/index.php?rest_route=\/wp\/v2\/posts"}],"about":[{"href":"https:\/\/online.tvk-gaj.pl\/index.php?rest_route=\/wp\/v2\/types\/post"}],"author":[{"embeddable":true,"href":"https:\/\/online.tvk-gaj.pl\/index.php?rest_route=\/wp\/v2\/users\/1"}],"replies":[{"embeddable":true,"href":"https:\/\/online.tvk-gaj.pl\/index.php?rest_route=%2Fwp%2Fv2%2Fcomments&post=1782"}],"version-history":[{"count":5,"href":"https:\/\/online.tvk-gaj.pl\/index.php?rest_route=\/wp\/v2\/posts\/1782\/revisions"}],"predecessor-version":[{"id":2311,"href":"https:\/\/online.tvk-gaj.pl\/index.php?rest_route=\/wp\/v2\/posts\/1782\/revisions\/2311"}],"wp:featuredmedia":[{"embeddable":true,"href":"https:\/\/online.tvk-gaj.pl\/index.php?rest_route=\/wp\/v2\/media\/1783"}],"wp:attachment":[{"href":"https:\/\/online.tvk-gaj.pl\/index.php?rest_route=%2Fwp%2Fv2%2Fmedia&parent=1782"}],"wp:term":[{"taxonomy":"category","embeddable":true,"href":"https:\/\/online.tvk-gaj.pl\/index.php?rest_route=%2Fwp%2Fv2%2Fcategories&post=1782"},{"taxonomy":"post_tag","embeddable":true,"href":"https:\/\/online.tvk-gaj.pl\/index.php?rest_route=%2Fwp%2Fv2%2Ftags&post=1782"}],"curies":[{"name":"wp","href":"https:\/\/api.w.org\/{rel}","templated":true}]}}