{"id":1817,"date":"2013-11-25T10:00:57","date_gmt":"2013-11-25T09:00:57","guid":{"rendered":"http:\/\/www.tvk-gaj.pl\/~gajonline\/?p=1817"},"modified":"2013-11-24T23:41:52","modified_gmt":"2013-11-24T22:41:52","slug":"jesienny-przeglad-inwestycji-na-gaju","status":"publish","type":"post","link":"https:\/\/online.tvk-gaj.pl\/?p=1817","title":{"rendered":"Jesienny przegl\u0105d inwestycji na Gaju"},"content":{"rendered":"<p>Cho\u0107 zima zbli\u017ca si\u0119 coraz wi\u0119kszymi krokami, na osiedlu nie wida\u0107 oznak budowlanego och\u0142odzenia klimatu. Przeciwnie, w prawie ka\u017cdym zak\u0105tku Gaju zauwa\u017cy\u0107 mo\u017cna r\u00f3\u017cnego rodzaju prace budowlano-remontowe. Specjalnie dla Was, postanowili\u015bmy przyjrze\u0107 si\u0119 bli\u017cej temu co buduje si\u0119 na terenie osiedla i zrobi\u0107 jesienny przegl\u0105d inwestycji na Gaju. Zapraszam do dalszej cz\u0119\u015bci artyku\u0142u.\u00a0<!--more--><\/p>\n<p>Jesienny przegl\u0105d inwestycji na Gaju.<\/p>\n<p>&nbsp;<\/p>\n<p><strong>1. Budowa kliniki &#8222;Przyl\u0105dek dobrej nadziei&#8221;.<\/strong><\/p>\n<p style=\"text-align: center;\"><a href=\"http:\/\/www.tvk-gaj.pl\/~gajonline\/wp-content\/uploads\/2013\/11\/2013-11-08-12.29.541.jpg\"><img loading=\"lazy\" decoding=\"async\" class=\"aligncenter  wp-image-1820\" alt=\"2013-11-08 12.29.54\" src=\"http:\/\/www.tvk-gaj.pl\/~gajonline\/wp-content\/uploads\/2013\/11\/2013-11-08-12.29.541-1024x576.jpg\" width=\"614\" height=\"346\" srcset=\"https:\/\/online.tvk-gaj.pl\/wp-content\/uploads\/2013\/11\/2013-11-08-12.29.541-1024x576.jpg 1024w, https:\/\/online.tvk-gaj.pl\/wp-content\/uploads\/2013\/11\/2013-11-08-12.29.541-300x168.jpg 300w, https:\/\/online.tvk-gaj.pl\/wp-content\/uploads\/2013\/11\/2013-11-08-12.29.541.jpg 1920w\" sizes=\"auto, (max-width: 614px) 100vw, 614px\" \/><\/a><\/p>\n<p>&nbsp;<\/p>\n<p>Nieopodal ulicy Borowskiej trwa budowa\u00a0Przyl\u0105dku Nadziei, czyli nowej i ultranowoczesnej siedziby Kliniki Transplantacji Szpiku, Onkologii i Hematologii Dzieci\u0119cej, kt\u00f3ra funkcjonuje dzi\u015b przy ulicy Bujwida. Budynek musi powsta\u0107 do 2015 roku, inaczej przepadnie dotacja unijna w wysoko\u015bci 85 mln z\u0142otych. Gmach stanie w kompleksie Akademickiego Szpitala Klinicznego przy ul. Borowskiej. Opr\u00f3cz budowy, kt\u00f3r\u0105 zajmie si\u0119 wy\u0142oniona w przetargu warszawska firma Erbud, kolejne miliony poch\u0142onie wyposa\u017cenie plac\u00f3wki w specjalistyczny sprz\u0119t. Prace przebiegaj\u0105 w szybkim tempie i mo\u017cna spodziewa\u0107 si\u0119, \u017ce je\u015bli nie pojawi\u0105 si\u0119 \u017cadne dodatkowe problemy inwestycj\u0119 uda uko\u0144czy\u0107 si\u0119 w planowanym terminie.<\/p>\n<p>&nbsp;<\/p>\n<p><strong>2. Budowa budynku mieszkalnego przy ul. Puszczykowskiej.<\/strong><\/p>\n<p style=\"text-align: center;\"><a href=\"http:\/\/www.tvk-gaj.pl\/~gajonline\/wp-content\/uploads\/2013\/11\/2013-11-06-13.58.15.jpg\"><img loading=\"lazy\" decoding=\"async\" class=\"aligncenter  wp-image-1822\" alt=\"2013-11-06 13.58.15\" src=\"http:\/\/www.tvk-gaj.pl\/~gajonline\/wp-content\/uploads\/2013\/11\/2013-11-06-13.58.15-1024x576.jpg\" width=\"614\" height=\"346\" srcset=\"https:\/\/online.tvk-gaj.pl\/wp-content\/uploads\/2013\/11\/2013-11-06-13.58.15-1024x576.jpg 1024w, https:\/\/online.tvk-gaj.pl\/wp-content\/uploads\/2013\/11\/2013-11-06-13.58.15-300x168.jpg 300w, https:\/\/online.tvk-gaj.pl\/wp-content\/uploads\/2013\/11\/2013-11-06-13.58.15.jpg 1920w\" sizes=\"auto, (max-width: 614px) 100vw, 614px\" \/><\/a><\/p>\n<p style=\"text-align: center;\"><a href=\"http:\/\/www.tvk-gaj.pl\/~gajonline\/wp-content\/uploads\/2013\/11\/2013-11-06-13.57.491.jpg\"><img loading=\"lazy\" decoding=\"async\" class=\"aligncenter  wp-image-1823\" alt=\"2013-11-06 13.57.49\" src=\"http:\/\/www.tvk-gaj.pl\/~gajonline\/wp-content\/uploads\/2013\/11\/2013-11-06-13.57.491-1024x576.jpg\" width=\"614\" height=\"346\" srcset=\"https:\/\/online.tvk-gaj.pl\/wp-content\/uploads\/2013\/11\/2013-11-06-13.57.491-1024x576.jpg 1024w, https:\/\/online.tvk-gaj.pl\/wp-content\/uploads\/2013\/11\/2013-11-06-13.57.491-300x168.jpg 300w, https:\/\/online.tvk-gaj.pl\/wp-content\/uploads\/2013\/11\/2013-11-06-13.57.491.jpg 1920w\" sizes=\"auto, (max-width: 614px) 100vw, 614px\" \/><\/a><\/p>\n<p>&nbsp;<\/p>\n<p>Przy ul. Puszczykowskiej, nieopodal Uniwersyteckiego Szpitala Klinicznego, stanie czterokondygnacyjny budynek wielorodzinny. Znajdzie si\u0119 w nim 26 mieszka\u0144, a w podziemiu powstanie gara\u017c na ponad 30 samochod\u00f3w. &#8211; Obecnie zawierane s\u0105 przedwst\u0119pne umowy kupna mieszkania na zasadach okre\u015blonych w nowej ustawie deweloperskiej &#8211; informuje inwestor.<\/p>\n<p>&nbsp;<\/p>\n<p><strong>3. Zako\u0144czenie inwestycji &#8222;Cichy Gaj&#8221; przy ul. Wambierzyckiej.\u00a0<\/strong><\/p>\n<p style=\"text-align: center;\"><a href=\"http:\/\/www.tvk-gaj.pl\/~gajonline\/wp-content\/uploads\/2013\/11\/PB130006.jpg\"><img loading=\"lazy\" decoding=\"async\" class=\"aligncenter  wp-image-1824\" alt=\"OLYMPUS DIGITAL CAMERA\" src=\"http:\/\/www.tvk-gaj.pl\/~gajonline\/wp-content\/uploads\/2013\/11\/PB130006-1024x768.jpg\" width=\"614\" height=\"461\" srcset=\"https:\/\/online.tvk-gaj.pl\/wp-content\/uploads\/2013\/11\/PB130006-1024x768.jpg 1024w, https:\/\/online.tvk-gaj.pl\/wp-content\/uploads\/2013\/11\/PB130006-300x225.jpg 300w, https:\/\/online.tvk-gaj.pl\/wp-content\/uploads\/2013\/11\/PB130006.jpg 1984w\" sizes=\"auto, (max-width: 614px) 100vw, 614px\" \/><\/a><\/p>\n<p>&nbsp;<\/p>\n<p style=\"text-align: center;\"><a href=\"http:\/\/www.tvk-gaj.pl\/~gajonline\/wp-content\/uploads\/2013\/11\/PB130008.jpg\"><img loading=\"lazy\" decoding=\"async\" class=\"aligncenter  wp-image-1825\" alt=\"OLYMPUS DIGITAL CAMERA\" src=\"http:\/\/www.tvk-gaj.pl\/~gajonline\/wp-content\/uploads\/2013\/11\/PB130008-1024x768.jpg\" width=\"614\" height=\"461\" srcset=\"https:\/\/online.tvk-gaj.pl\/wp-content\/uploads\/2013\/11\/PB130008-1024x768.jpg 1024w, https:\/\/online.tvk-gaj.pl\/wp-content\/uploads\/2013\/11\/PB130008-300x225.jpg 300w, https:\/\/online.tvk-gaj.pl\/wp-content\/uploads\/2013\/11\/PB130008.jpg 1872w\" sizes=\"auto, (max-width: 614px) 100vw, 614px\" \/><\/a><\/p>\n<p>&nbsp;<\/p>\n<p>Inwestycja &#8222;Cichy Gaj&#8221; to\u00a0kameralny zesp\u00f3\u0142 nowocze\u015bnie zaprojektowanych budynk\u00f3w wielorodzinnych, zlokalizowanych na Gaju przy ul. Wambierzyckiej.\u00a0Ca\u0142e Osiedle obejmuje cztery budynki wielorodzinne, realizowane w dw\u00f3ch etapach budowy. Cech\u0105 charakterystyczn\u0105 Osiedla jest niska zabudowa. Obecnie ko\u0144czony jest II etap inwestycji.<\/p>\n<p>&nbsp;<\/p>\n<p><strong>4. Budowa centrum handlowo-biurowego przy skrzy\u017cowaniu Armii Krajowej\/Borowskiej.<\/strong><\/p>\n<p style=\"text-align: center;\"><a href=\"http:\/\/www.tvk-gaj.pl\/~gajonline\/wp-content\/uploads\/2013\/11\/2013-11-08-11.47.35.jpg\"><img loading=\"lazy\" decoding=\"async\" class=\"aligncenter  wp-image-1826\" alt=\"2013-11-08 11.47.35\" src=\"http:\/\/www.tvk-gaj.pl\/~gajonline\/wp-content\/uploads\/2013\/11\/2013-11-08-11.47.35-1024x576.jpg\" width=\"614\" height=\"346\" srcset=\"https:\/\/online.tvk-gaj.pl\/wp-content\/uploads\/2013\/11\/2013-11-08-11.47.35-1024x576.jpg 1024w, https:\/\/online.tvk-gaj.pl\/wp-content\/uploads\/2013\/11\/2013-11-08-11.47.35-300x168.jpg 300w, https:\/\/online.tvk-gaj.pl\/wp-content\/uploads\/2013\/11\/2013-11-08-11.47.35.jpg 1920w\" sizes=\"auto, (max-width: 614px) 100vw, 614px\" \/><\/a><\/p>\n<p>&nbsp;<\/p>\n<p style=\"text-align: center;\"><a href=\"http:\/\/www.tvk-gaj.pl\/~gajonline\/wp-content\/uploads\/2013\/11\/2013-11-08-11.47.59.jpg\"><img loading=\"lazy\" decoding=\"async\" class=\"aligncenter  wp-image-1827\" alt=\"2013-11-08 11.47.59\" src=\"http:\/\/www.tvk-gaj.pl\/~gajonline\/wp-content\/uploads\/2013\/11\/2013-11-08-11.47.59-576x1024.jpg\" width=\"346\" height=\"614\" srcset=\"https:\/\/online.tvk-gaj.pl\/wp-content\/uploads\/2013\/11\/2013-11-08-11.47.59-576x1024.jpg 576w, https:\/\/online.tvk-gaj.pl\/wp-content\/uploads\/2013\/11\/2013-11-08-11.47.59.jpg 1080w\" sizes=\"auto, (max-width: 346px) 100vw, 346px\" \/><\/a><\/p>\n<p>&nbsp;<\/p>\n<p>Na dzia\u0142ce przy ul. Borowskiej, mi\u0119dzy jednostk\u0105 stra\u017cy po\u017carnej a stacj\u0105 benzynow\u0105, powstanie kolejny sklep marki Lidl. W obiekcie znajdzie si\u0119 te\u017c przestrze\u0144 biurowa do wynaj\u0119cia o \u0142\u0105cznej powierzchni blisko 600 metr\u00f3w kwadratowych. Inwestycja ma by\u0107 gotowa w drugiej po\u0142owie przysz\u0142ego roku.<\/p>\n<p>&nbsp;<\/p>\n<p><strong>5. Wyburzenie terenu po parkingu strze\u017cony przy ul. Dzia\u0142kowej.<\/strong><\/p>\n<p style=\"text-align: center;\"><a href=\"http:\/\/www.tvk-gaj.pl\/~gajonline\/wp-content\/uploads\/2013\/11\/2013-11-06-13.55.19.jpg\"><img loading=\"lazy\" decoding=\"async\" class=\"aligncenter  wp-image-1828\" alt=\"2013-11-06 13.55.19\" src=\"http:\/\/www.tvk-gaj.pl\/~gajonline\/wp-content\/uploads\/2013\/11\/2013-11-06-13.55.19-1024x576.jpg\" width=\"614\" height=\"346\" srcset=\"https:\/\/online.tvk-gaj.pl\/wp-content\/uploads\/2013\/11\/2013-11-06-13.55.19-1024x576.jpg 1024w, https:\/\/online.tvk-gaj.pl\/wp-content\/uploads\/2013\/11\/2013-11-06-13.55.19-300x168.jpg 300w, https:\/\/online.tvk-gaj.pl\/wp-content\/uploads\/2013\/11\/2013-11-06-13.55.19.jpg 1920w\" sizes=\"auto, (max-width: 614px) 100vw, 614px\" \/><\/a><\/p>\n<p>&nbsp;<\/p>\n<p style=\"text-align: center;\"><a href=\"http:\/\/www.tvk-gaj.pl\/~gajonline\/wp-content\/uploads\/2013\/11\/2013-11-06-13.55.43.jpg\"><img loading=\"lazy\" decoding=\"async\" class=\"aligncenter  wp-image-1829\" alt=\"2013-11-06 13.55.43\" src=\"http:\/\/www.tvk-gaj.pl\/~gajonline\/wp-content\/uploads\/2013\/11\/2013-11-06-13.55.43-1024x576.jpg\" width=\"614\" height=\"346\" srcset=\"https:\/\/online.tvk-gaj.pl\/wp-content\/uploads\/2013\/11\/2013-11-06-13.55.43-1024x576.jpg 1024w, https:\/\/online.tvk-gaj.pl\/wp-content\/uploads\/2013\/11\/2013-11-06-13.55.43-300x168.jpg 300w, https:\/\/online.tvk-gaj.pl\/wp-content\/uploads\/2013\/11\/2013-11-06-13.55.43.jpg 1920w\" sizes=\"auto, (max-width: 614px) 100vw, 614px\" \/><\/a><\/p>\n<p>&nbsp;<\/p>\n<p>Trwaj\u0105 prace przy rozbi\u00f3rce budynk\u00f3w znajduj\u0105cych si\u0119 na terenie zlikwidowanego kilka miesi\u0119cy temu p\u0142atnego parkingu przy skrzy\u017cowaniu Dzia\u0142kowej z Borowsk\u0105. Teren przygotowywany jest pod inwestycj\u0119.<\/p>\n<p>&nbsp;<\/p>\n<p><strong>6. Budowa zaplecza socjalnego MPK przy p\u0119tli tramwajowej na ul. \u015awieradowskiej.\u00a0<\/strong><\/p>\n<p style=\"text-align: center;\"><a href=\"http:\/\/www.tvk-gaj.pl\/~gajonline\/wp-content\/uploads\/2013\/11\/B1529571.jpg\"><img loading=\"lazy\" decoding=\"async\" class=\"aligncenter  wp-image-1830\" alt=\"OLYMPUS DIGITAL CAMERA\" src=\"http:\/\/www.tvk-gaj.pl\/~gajonline\/wp-content\/uploads\/2013\/11\/B1529571-1024x768.jpg\" width=\"614\" height=\"461\" srcset=\"https:\/\/online.tvk-gaj.pl\/wp-content\/uploads\/2013\/11\/B1529571-1024x768.jpg 1024w, https:\/\/online.tvk-gaj.pl\/wp-content\/uploads\/2013\/11\/B1529571-300x225.jpg 300w, https:\/\/online.tvk-gaj.pl\/wp-content\/uploads\/2013\/11\/B1529571.jpg 1824w\" sizes=\"auto, (max-width: 614px) 100vw, 614px\" \/><\/a><\/p>\n<p>&nbsp;<\/p>\n<p style=\"text-align: center;\"><a href=\"http:\/\/www.tvk-gaj.pl\/~gajonline\/wp-content\/uploads\/2013\/11\/B152955.jpg\"><img loading=\"lazy\" decoding=\"async\" class=\"aligncenter  wp-image-1831\" alt=\"OLYMPUS DIGITAL CAMERA\" src=\"http:\/\/www.tvk-gaj.pl\/~gajonline\/wp-content\/uploads\/2013\/11\/B152955-1024x768.jpg\" width=\"614\" height=\"461\" srcset=\"https:\/\/online.tvk-gaj.pl\/wp-content\/uploads\/2013\/11\/B152955-1024x768.jpg 1024w, https:\/\/online.tvk-gaj.pl\/wp-content\/uploads\/2013\/11\/B152955-300x225.jpg 300w, https:\/\/online.tvk-gaj.pl\/wp-content\/uploads\/2013\/11\/B152955.jpg 1824w\" sizes=\"auto, (max-width: 614px) 100vw, 614px\" \/><\/a><\/p>\n<p>&nbsp;<\/p>\n<p>Przy kra\u0144cowym przystanku tramwaju Plus na Gaju (ul. \u015awieradowska) budowany jest budynek przeznaczony na potrzeby socjalne kierowc\u00f3w i motorniczych MPK.<\/p>\n<p>&nbsp;<\/p>\n<p><strong>7. Bie\u017c\u0105ce naprawy dr\u00f3g oraz termoizolacja budynk\u00f3w.<\/strong><\/p>\n<p style=\"text-align: center;\"><a href=\"http:\/\/www.tvk-gaj.pl\/~gajonline\/wp-content\/uploads\/2013\/11\/2013-11-20-11.18.06.jpg\"><img loading=\"lazy\" decoding=\"async\" class=\"aligncenter  wp-image-1832\" alt=\"2013-11-20 11.18.06\" src=\"http:\/\/www.tvk-gaj.pl\/~gajonline\/wp-content\/uploads\/2013\/11\/2013-11-20-11.18.06-1024x576.jpg\" width=\"614\" height=\"346\" srcset=\"https:\/\/online.tvk-gaj.pl\/wp-content\/uploads\/2013\/11\/2013-11-20-11.18.06-1024x576.jpg 1024w, https:\/\/online.tvk-gaj.pl\/wp-content\/uploads\/2013\/11\/2013-11-20-11.18.06-300x168.jpg 300w, https:\/\/online.tvk-gaj.pl\/wp-content\/uploads\/2013\/11\/2013-11-20-11.18.06.jpg 1920w\" sizes=\"auto, (max-width: 614px) 100vw, 614px\" \/><\/a><\/p>\n<p>&nbsp;<\/p>\n<p style=\"text-align: center;\"><a href=\"http:\/\/www.tvk-gaj.pl\/~gajonline\/wp-content\/uploads\/2013\/11\/2013-11-18-12.51.42.jpg\"><img loading=\"lazy\" decoding=\"async\" class=\"aligncenter  wp-image-1833\" alt=\"2013-11-18 12.51.42\" src=\"http:\/\/www.tvk-gaj.pl\/~gajonline\/wp-content\/uploads\/2013\/11\/2013-11-18-12.51.42-1024x576.jpg\" width=\"614\" height=\"346\" srcset=\"https:\/\/online.tvk-gaj.pl\/wp-content\/uploads\/2013\/11\/2013-11-18-12.51.42-1024x576.jpg 1024w, https:\/\/online.tvk-gaj.pl\/wp-content\/uploads\/2013\/11\/2013-11-18-12.51.42-300x168.jpg 300w, https:\/\/online.tvk-gaj.pl\/wp-content\/uploads\/2013\/11\/2013-11-18-12.51.42.jpg 1920w\" sizes=\"auto, (max-width: 614px) 100vw, 614px\" \/><\/a><\/p>\n<p>&nbsp;<\/p>\n<p>Przeje\u017cd\u017caj\u0105c osiedlem nietrudno zauwa\u017cy\u0107 liczne prace budowlane i remontowe. Trwa docieplanie budynk\u00f3w i odnawianie elewacji przy ul. Krynickiej oraz Zmorskiego. R\u00f3wnie\u017c drogi poddawane s\u0105 niezb\u0119dnym pracom remontowym. Na zdj\u0119ciach budynek przy ul. Krynickiej oraz fragment ul. Orzechowej.<\/p>\n<p>&nbsp;<\/p>\n<p><strong>8. Nowe lokale gastronomiczne.<\/strong><\/p>\n<p style=\"text-align: center;\"><a href=\"http:\/\/www.tvk-gaj.pl\/~gajonline\/wp-content\/uploads\/2013\/11\/2013-11-08-11.41.561.jpg\"><img loading=\"lazy\" decoding=\"async\" class=\"aligncenter  wp-image-1834\" alt=\"2013-11-08 11.41.56\" src=\"http:\/\/www.tvk-gaj.pl\/~gajonline\/wp-content\/uploads\/2013\/11\/2013-11-08-11.41.561-1024x576.jpg\" width=\"614\" height=\"346\" srcset=\"https:\/\/online.tvk-gaj.pl\/wp-content\/uploads\/2013\/11\/2013-11-08-11.41.561-1024x576.jpg 1024w, https:\/\/online.tvk-gaj.pl\/wp-content\/uploads\/2013\/11\/2013-11-08-11.41.561-300x168.jpg 300w, https:\/\/online.tvk-gaj.pl\/wp-content\/uploads\/2013\/11\/2013-11-08-11.41.561.jpg 1920w\" sizes=\"auto, (max-width: 614px) 100vw, 614px\" \/><\/a><\/p>\n<p>&nbsp;<\/p>\n<p style=\"text-align: center;\"><a href=\"http:\/\/www.tvk-gaj.pl\/~gajonline\/wp-content\/uploads\/2013\/11\/2013-11-07-12.21.341.jpg\"><img loading=\"lazy\" decoding=\"async\" class=\"aligncenter  wp-image-1835\" alt=\"2013-11-07 12.21.34\" src=\"http:\/\/www.tvk-gaj.pl\/~gajonline\/wp-content\/uploads\/2013\/11\/2013-11-07-12.21.341-1024x576.jpg\" width=\"614\" height=\"346\" srcset=\"https:\/\/online.tvk-gaj.pl\/wp-content\/uploads\/2013\/11\/2013-11-07-12.21.341-1024x576.jpg 1024w, https:\/\/online.tvk-gaj.pl\/wp-content\/uploads\/2013\/11\/2013-11-07-12.21.341-300x168.jpg 300w, https:\/\/online.tvk-gaj.pl\/wp-content\/uploads\/2013\/11\/2013-11-07-12.21.341.jpg 1894w\" sizes=\"auto, (max-width: 614px) 100vw, 614px\" \/><\/a><\/p>\n<p>&nbsp;<\/p>\n<p><a href=\"http:\/\/www.tvk-gaj.pl\/~gajonline\/wp-content\/uploads\/2013\/11\/10571_634081479956050_1343929207_n.jpg\"><img loading=\"lazy\" decoding=\"async\" class=\"aligncenter size-full wp-image-1772\" alt=\"10571_634081479956050_1343929207_n\" src=\"http:\/\/www.tvk-gaj.pl\/~gajonline\/wp-content\/uploads\/2013\/11\/10571_634081479956050_1343929207_n.jpg\" width=\"480\" height=\"640\" srcset=\"https:\/\/online.tvk-gaj.pl\/wp-content\/uploads\/2013\/11\/10571_634081479956050_1343929207_n.jpg 480w, https:\/\/online.tvk-gaj.pl\/wp-content\/uploads\/2013\/11\/10571_634081479956050_1343929207_n-225x300.jpg 225w\" sizes=\"auto, (max-width: 480px) 100vw, 480px\" \/><\/a><\/p>\n<p>&nbsp;<\/p>\n<p>Jesie\u0144 na Gaju to czas prawdziwych inwestycji. Nie tylko tych wielkich, zwi\u0105zanych z du\u017cym biznesem oraz infrastruktur\u0105, lecz r\u00f3wnie\u017c tych bardziej kameralnych, przeznaczonych dla mieszka\u0144c\u00f3w osiedla. Takimi inwestycjami s\u0105 nowe lokalne us\u0142ugowe, w tym restauracje. W listopadzie otwieraj\u0105 si\u0119 dwa punkty gastronomiczne na terenie Osiedla.<\/p>\n<p>Pierwszym jest restauracja \u201eKiss the cook\u201d zlokalizowana na po\u0142udniu osiedla, tu\u017c przy wiadukcie \u0142\u0105cz\u0105cym Gaj z Wojszycami. Restauracja zlokalizowana pod adresem Borowska 266, przy skrzy\u017cowaniu ul. Borowskiej oraz Jerzego Kukuczki, swoje otwarcie ma dzi\u015b, tj. 8 listopada. W menu restauracji znajduj\u0105 si\u0119 obiady, desery oraz ju\u017c niebawem \u2013 alkohol.<\/p>\n<p>Drugim jest lokal powsta\u0142y w miejscu dobrze znanej na Gaju pizzeri \u201eDaGrasso\u201d. Nowa restauracja o nazwie \u201ePinola\u201d, mie\u015bci si\u0119 na terenie Centrum Handlowego Ferio Gaj przy ul. \u015awieradowskiej. Swoim go\u015bciom lokal ma serwowa\u0107 typowo w\u0142osk\u0105 kuchni\u0119. Elementem wyr\u00f3\u017cniaj\u0105cym ten lokal spo\u015br\u00f3d innych jest otwarta kuchnia, kt\u00f3rej prac\u0119 obserwowa\u0107 mo\u017cna r\u00f3wnie\u017c z zewn\u0105trz restauracji.<\/p>\n<p>Na pocz\u0105tku pa\u017adziernika otwarto te\u017c restauracje sieci KFC. Stan\u0119\u0142a ona przy skrzy\u017cowaniu ul. Bardzkiej i Armii Krajowej \u2013 vis a vis restauracji MCDonald\u2019s.<\/p>\n<p>&nbsp;<\/p>\n<p>Jak wida\u0107 na podstawie naszego kr\u00f3tkiego przegl\u0105du inwestycji na Osiedlu, Gaj ci\u0105gle rozwija si\u0119 i pi\u0119knieje. A jakie jest Wasze zdanie odno\u015bnie tych inwestycji? Zach\u0119camy do komentowania artyku\u0142u!<\/p>\n<p>&nbsp;<\/p>\n<p>&nbsp;<\/p>\n","protected":false},"excerpt":{"rendered":"<p>Cho\u0107 zima zbli\u017ca si\u0119 coraz wi\u0119kszymi krokami, na osiedlu nie wida\u0107 oznak budowlanego och\u0142odzenia klimatu. Przeciwnie, w prawie ka\u017cdym zak\u0105tku Gaju zauwa\u017cy\u0107 mo\u017cna r\u00f3\u017cnego rodzaju prace budowlano-remontowe. Specjalnie dla Was, postanowili\u015bmy przyjrze\u0107 si\u0119 bli\u017cej temu co buduje si\u0119 na terenie osiedla i zrobi\u0107 jesienny przegl\u0105d inwestycji na Gaju. Zapraszam do dalszej cz\u0119\u015bci artyku\u0142u.\u00a0<\/p>\n","protected":false},"author":1,"featured_media":1823,"comment_status":"open","ping_status":"open","sticky":false,"template":"","format":"standard","meta":{"footnotes":""},"categories":[14,12],"tags":[113,158,154,160,112,153,111,155,156,157,135,159,117],"class_list":["post-1817","post","type-post","status-publish","format-standard","has-post-thumbnail","hentry","category-aktualnosci","category-artykuly","tag-borowska","tag-budowa","tag-deweloper","tag-drogi","tag-gaj","tag-inwestycje","tag-lidl","tag-mieszkania","tag-mpk","tag-parking","tag-rada-osiedla-gaj","tag-remonty","tag-swieradowska"],"_links":{"self":[{"href":"https:\/\/online.tvk-gaj.pl\/index.php?rest_route=\/wp\/v2\/posts\/1817","targetHints":{"allow":["GET"]}}],"collection":[{"href":"https:\/\/online.tvk-gaj.pl\/index.php?rest_route=\/wp\/v2\/posts"}],"about":[{"href":"https:\/\/online.tvk-gaj.pl\/index.php?rest_route=\/wp\/v2\/types\/post"}],"author":[{"embeddable":true,"href":"https:\/\/online.tvk-gaj.pl\/index.php?rest_route=\/wp\/v2\/users\/1"}],"replies":[{"embeddable":true,"href":"https:\/\/online.tvk-gaj.pl\/index.php?rest_route=%2Fwp%2Fv2%2Fcomments&post=1817"}],"version-history":[{"count":5,"href":"https:\/\/online.tvk-gaj.pl\/index.php?rest_route=\/wp\/v2\/posts\/1817\/revisions"}],"predecessor-version":[{"id":1838,"href":"https:\/\/online.tvk-gaj.pl\/index.php?rest_route=\/wp\/v2\/posts\/1817\/revisions\/1838"}],"wp:featuredmedia":[{"embeddable":true,"href":"https:\/\/online.tvk-gaj.pl\/index.php?rest_route=\/wp\/v2\/media\/1823"}],"wp:attachment":[{"href":"https:\/\/online.tvk-gaj.pl\/index.php?rest_route=%2Fwp%2Fv2%2Fmedia&parent=1817"}],"wp:term":[{"taxonomy":"category","embeddable":true,"href":"https:\/\/online.tvk-gaj.pl\/index.php?rest_route=%2Fwp%2Fv2%2Fcategories&post=1817"},{"taxonomy":"post_tag","embeddable":true,"href":"https:\/\/online.tvk-gaj.pl\/index.php?rest_route=%2Fwp%2Fv2%2Ftags&post=1817"}],"curies":[{"name":"wp","href":"https:\/\/api.w.org\/{rel}","templated":true}]}}