{"id":1841,"date":"2013-12-03T22:00:51","date_gmt":"2013-12-03T21:00:51","guid":{"rendered":"http:\/\/www.tvk-gaj.pl\/~gajonline\/?p=1841"},"modified":"2013-12-03T23:51:15","modified_gmt":"2013-12-03T22:51:15","slug":"relacja-ze-spotkania-dotyczacego-bezpieczenstwa-na-gaju-hubach-i-oltaszynie","status":"publish","type":"post","link":"https:\/\/online.tvk-gaj.pl\/?p=1841","title":{"rendered":"Relacja ze spotkania dotycz\u0105cego bezpiecze\u0144stwa na Gaju, Hubach i Wojszycach"},"content":{"rendered":"<p>W miniony pi\u0105tek, 29 listopada, w siedzibie Rady Osiedla Gaj odby\u0142o si\u0119 spotkanie trzech rad osiedli: Gaju, Hub oraz Wojszyc z przedstawicielami Policji, Stra\u017cy Miejskiej oraz Radnymi Rady Miejskiej Wroc\u0142awia. Cel spotkania: poprawa bezpiecze\u0144stwa na terenie osiedli oraz nawi\u0105zanie lepszej i \u015bci\u015blejszej wsp\u00f3\u0142pracy jednostek miejskich z s\u0142u\u017cbami bezpiecze\u0144stwa.\u00a0<!--more--><\/p>\n<p>Spotkanie mia\u0142o miejsce w Radzie Osiedla Gaj przy ul. Krynickiej 80 w pi\u0105tek, 29 listopada o godzinie 17. W sali sesyjnej Rady wszystkie miejsca dla zaproszonych go\u015bci szybko wype\u0142ni\u0142y si\u0119 przedstawicielami zaproszonych stron. Z jednej strony trzech rad osiedli: Rady Osiedla Gaj, Rady Osiedla Huby oraz Rady Osiedla Wojszyce. Z drugiej za\u015b przy stole zasiedli \u00a0zaproszeni przedstawiciele Policji (Komisariat Wroc\u0142aw-Krzyki) oraz Stra\u017cy Miejskiej. W spotkaniu udzia\u0142 wzi\u0119li r\u00f3wnie\u017c wroc\u0142awscy Radni Miejscy, reprezentuj\u0105cy Komisj\u0119 Bezpiecze\u0144stwa Rady Miejskiej Wroc\u0142awia.<\/p>\n<p>&nbsp;<\/p>\n<div class='et-box et-shadow'>\n\t\t\t\t\t<div class='et-box-content'><strong> Uczestnicy spotkania:<\/strong> Przewodnicz\u0105cy Rady Osiedla Gaj, Przewodnicz\u0105cy Zarz\u0105du Osiedla Gaj, Przewodnicz\u0105cy Rady Osiedla Huby, Przewodnicz\u0105cy Rady Osiedla Wojszyce, Komendant Komisariatu Policji Wroc\u0142aw Krzyki, Zast\u0119pca Komendanta Komisariatu Wroc\u0142aw Krzyki, Dzielnicowi pracuj\u0105cy na ternie Gaju, Hub oraz Wojszyc, Komendant Stra\u017cy Miejskiej we Wroc\u0142awiu, Przedstawiciele Miejskiego O\u015brodka Pomocy Spo\u0142ecznej, Radni Rady Miejskiej Wroc\u0142awia, w tym Przewodnicz\u0105cy Komisji Bezpiecze\u0144stwa Rady Miejskiej Wroc\u0142awia, Cz\u0142onkowie Komisji bezpiecze\u0144stwa i porz\u0105dku publicznego w Radzie Osiedla Gaj<\/div><\/div>\n<p>&nbsp;<\/p>\n<p>Na spotkaniu starano si\u0119 przedstawi\u0107 wzajemne spostrze\u017cenia na temat bezpiecze\u0144stwa na osiedlach oraz przedyskutowa\u0107 zasady wsp\u00f3\u0142pracy jednostek pomocniczych gminy z Policj\u0105 i Stra\u017c\u0105 Miejsk\u0105.<\/p>\n<p>Radni zreferowali g\u0142\u00f3wne problemy zwi\u0105zane z bezpiecze\u0144stwem i porz\u0105dkiem publicznym z jakimi borykaj\u0105 si\u0119 na w\u0142asnych osiedlach.<\/p>\n<p>Policja i Stra\u017c miejska przedstawi\u0142a w\u0142asne stanowisko oraz podsumowa\u0142a swoje dzia\u0142ania na osiedlach.<\/p>\n<p>Spotkanie przebiega\u0142o w atmosferze wzajemnego zrozumienia oraz wst\u0119pnych postanowie\u0144 oraz wniosk\u00f3w dotycz\u0105cych dalszej wsp\u00f3\u0142pracy na rzecz miejskiego bezpiecze\u0144stwa.<\/p>\n<p>&nbsp;<\/p>\n<p><strong>Zdj\u0119cia ze spotkania w RO Gaj:<\/strong><\/p>\n\n\t\t<style type=\"text\/css\">\n\t\t\t#gallery-1 {\n\t\t\t\tmargin: auto;\n\t\t\t}\n\t\t\t#gallery-1 .gallery-item {\n\t\t\t\tfloat: left;\n\t\t\t\tmargin-top: 10px;\n\t\t\t\ttext-align: center;\n\t\t\t\twidth: 33%;\n\t\t\t}\n\t\t\t#gallery-1 img {\n\t\t\t\tborder: 2px solid #cfcfcf;\n\t\t\t}\n\t\t\t#gallery-1 .gallery-caption {\n\t\t\t\tmargin-left: 0;\n\t\t\t}\n\t\t\t\/* see gallery_shortcode() in wp-includes\/media.php *\/\n\t\t<\/style>\n\t\t<div id='gallery-1' class='gallery galleryid-1841 gallery-columns-3 gallery-size-thumbnail'><dl class='gallery-item'>\n\t\t\t<dt class='gallery-icon landscape'>\n\t\t\t\t<a href='https:\/\/online.tvk-gaj.pl\/wp-content\/uploads\/2013\/12\/Zdj\u0119cie00941.jpg'><img loading=\"lazy\" decoding=\"async\" width=\"150\" height=\"150\" src=\"https:\/\/online.tvk-gaj.pl\/wp-content\/uploads\/2013\/12\/Zdj\u0119cie00941-150x150.jpg\" class=\"attachment-thumbnail size-thumbnail\" alt=\"\" srcset=\"https:\/\/online.tvk-gaj.pl\/wp-content\/uploads\/2013\/12\/Zdj\u0119cie00941-150x150.jpg 150w, https:\/\/online.tvk-gaj.pl\/wp-content\/uploads\/2013\/12\/Zdj\u0119cie00941-160x160.jpg 160w, https:\/\/online.tvk-gaj.pl\/wp-content\/uploads\/2013\/12\/Zdj\u0119cie00941-240x240.jpg 240w, https:\/\/online.tvk-gaj.pl\/wp-content\/uploads\/2013\/12\/Zdj\u0119cie00941-60x60.jpg 60w, https:\/\/online.tvk-gaj.pl\/wp-content\/uploads\/2013\/12\/Zdj\u0119cie00941-184x184.jpg 184w\" sizes=\"auto, (max-width: 150px) 100vw, 150px\" \/><\/a>\n\t\t\t<\/dt><\/dl><dl class='gallery-item'>\n\t\t\t<dt class='gallery-icon landscape'>\n\t\t\t\t<a href='https:\/\/online.tvk-gaj.pl\/wp-content\/uploads\/2013\/12\/Zdj\u0119cie0095.jpg'><img loading=\"lazy\" decoding=\"async\" width=\"150\" height=\"150\" src=\"https:\/\/online.tvk-gaj.pl\/wp-content\/uploads\/2013\/12\/Zdj\u0119cie0095-150x150.jpg\" class=\"attachment-thumbnail size-thumbnail\" alt=\"\" srcset=\"https:\/\/online.tvk-gaj.pl\/wp-content\/uploads\/2013\/12\/Zdj\u0119cie0095-150x150.jpg 150w, https:\/\/online.tvk-gaj.pl\/wp-content\/uploads\/2013\/12\/Zdj\u0119cie0095-160x160.jpg 160w, https:\/\/online.tvk-gaj.pl\/wp-content\/uploads\/2013\/12\/Zdj\u0119cie0095-240x240.jpg 240w, https:\/\/online.tvk-gaj.pl\/wp-content\/uploads\/2013\/12\/Zdj\u0119cie0095-60x60.jpg 60w, https:\/\/online.tvk-gaj.pl\/wp-content\/uploads\/2013\/12\/Zdj\u0119cie0095-184x184.jpg 184w\" sizes=\"auto, (max-width: 150px) 100vw, 150px\" \/><\/a>\n\t\t\t<\/dt><\/dl><dl class='gallery-item'>\n\t\t\t<dt class='gallery-icon landscape'>\n\t\t\t\t<a href='https:\/\/online.tvk-gaj.pl\/wp-content\/uploads\/2013\/12\/Zdj\u0119cie0096.jpg'><img loading=\"lazy\" decoding=\"async\" width=\"150\" height=\"150\" src=\"https:\/\/online.tvk-gaj.pl\/wp-content\/uploads\/2013\/12\/Zdj\u0119cie0096-150x150.jpg\" class=\"attachment-thumbnail size-thumbnail\" alt=\"\" srcset=\"https:\/\/online.tvk-gaj.pl\/wp-content\/uploads\/2013\/12\/Zdj\u0119cie0096-150x150.jpg 150w, https:\/\/online.tvk-gaj.pl\/wp-content\/uploads\/2013\/12\/Zdj\u0119cie0096-160x160.jpg 160w, https:\/\/online.tvk-gaj.pl\/wp-content\/uploads\/2013\/12\/Zdj\u0119cie0096-240x240.jpg 240w, https:\/\/online.tvk-gaj.pl\/wp-content\/uploads\/2013\/12\/Zdj\u0119cie0096-60x60.jpg 60w, https:\/\/online.tvk-gaj.pl\/wp-content\/uploads\/2013\/12\/Zdj\u0119cie0096-184x184.jpg 184w\" sizes=\"auto, (max-width: 150px) 100vw, 150px\" \/><\/a>\n\t\t\t<\/dt><\/dl><br style=\"clear: both\" \/><dl class='gallery-item'>\n\t\t\t<dt class='gallery-icon landscape'>\n\t\t\t\t<a href='https:\/\/online.tvk-gaj.pl\/wp-content\/uploads\/2013\/12\/Zdj\u0119cie0098.jpg'><img loading=\"lazy\" decoding=\"async\" width=\"150\" height=\"150\" src=\"https:\/\/online.tvk-gaj.pl\/wp-content\/uploads\/2013\/12\/Zdj\u0119cie0098-150x150.jpg\" class=\"attachment-thumbnail size-thumbnail\" alt=\"\" srcset=\"https:\/\/online.tvk-gaj.pl\/wp-content\/uploads\/2013\/12\/Zdj\u0119cie0098-150x150.jpg 150w, https:\/\/online.tvk-gaj.pl\/wp-content\/uploads\/2013\/12\/Zdj\u0119cie0098-160x160.jpg 160w, https:\/\/online.tvk-gaj.pl\/wp-content\/uploads\/2013\/12\/Zdj\u0119cie0098-240x240.jpg 240w, https:\/\/online.tvk-gaj.pl\/wp-content\/uploads\/2013\/12\/Zdj\u0119cie0098-60x60.jpg 60w, https:\/\/online.tvk-gaj.pl\/wp-content\/uploads\/2013\/12\/Zdj\u0119cie0098-184x184.jpg 184w\" sizes=\"auto, (max-width: 150px) 100vw, 150px\" \/><\/a>\n\t\t\t<\/dt><\/dl>\n\t\t\t<br style='clear: both' \/>\n\t\t<\/div>\n\n<p>&nbsp;<\/p>\n<p>&nbsp;<\/p>\n","protected":false},"excerpt":{"rendered":"<p>W miniony pi\u0105tek, 29 listopada, w siedzibie Rady Osiedla Gaj odby\u0142o si\u0119 spotkanie trzech rad osiedli: Gaju, Hub oraz Wojszyc z przedstawicielami Policji, Stra\u017cy Miejskiej oraz Radnymi Rady Miejskiej Wroc\u0142awia. Cel spotkania: poprawa bezpiecze\u0144stwa na terenie osiedli oraz nawi\u0105zanie lepszej i \u015bci\u015blejszej wsp\u00f3\u0142pracy jednostek miejskich z s\u0142u\u017cbami bezpiecze\u0144stwa.\u00a0<\/p>\n","protected":false},"author":1,"featured_media":1842,"comment_status":"open","ping_status":"open","sticky":false,"template":"","format":"standard","meta":{"footnotes":""},"categories":[14,12],"tags":[147,112,161,166,162,148,135,164,145,163,165],"class_list":["post-1841","post","type-post","status-publish","format-standard","has-post-thumbnail","hentry","category-aktualnosci","category-artykuly","tag-bezpieczenstwo","tag-gaj","tag-huby","tag-osiedle-gaj","tag-oltaszyn","tag-policja","tag-rada-osiedla-gaj","tag-radni-rady-miasta-wroclaw","tag-spotkanie","tag-straz-miejska","tag-wroclaw"],"_links":{"self":[{"href":"https:\/\/online.tvk-gaj.pl\/index.php?rest_route=\/wp\/v2\/posts\/1841","targetHints":{"allow":["GET"]}}],"collection":[{"href":"https:\/\/online.tvk-gaj.pl\/index.php?rest_route=\/wp\/v2\/posts"}],"about":[{"href":"https:\/\/online.tvk-gaj.pl\/index.php?rest_route=\/wp\/v2\/types\/post"}],"author":[{"embeddable":true,"href":"https:\/\/online.tvk-gaj.pl\/index.php?rest_route=\/wp\/v2\/users\/1"}],"replies":[{"embeddable":true,"href":"https:\/\/online.tvk-gaj.pl\/index.php?rest_route=%2Fwp%2Fv2%2Fcomments&post=1841"}],"version-history":[{"count":5,"href":"https:\/\/online.tvk-gaj.pl\/index.php?rest_route=\/wp\/v2\/posts\/1841\/revisions"}],"predecessor-version":[{"id":1852,"href":"https:\/\/online.tvk-gaj.pl\/index.php?rest_route=\/wp\/v2\/posts\/1841\/revisions\/1852"}],"wp:featuredmedia":[{"embeddable":true,"href":"https:\/\/online.tvk-gaj.pl\/index.php?rest_route=\/wp\/v2\/media\/1842"}],"wp:attachment":[{"href":"https:\/\/online.tvk-gaj.pl\/index.php?rest_route=%2Fwp%2Fv2%2Fmedia&parent=1841"}],"wp:term":[{"taxonomy":"category","embeddable":true,"href":"https:\/\/online.tvk-gaj.pl\/index.php?rest_route=%2Fwp%2Fv2%2Fcategories&post=1841"},{"taxonomy":"post_tag","embeddable":true,"href":"https:\/\/online.tvk-gaj.pl\/index.php?rest_route=%2Fwp%2Fv2%2Ftags&post=1841"}],"curies":[{"name":"wp","href":"https:\/\/api.w.org\/{rel}","templated":true}]}}