{"id":1853,"date":"2013-12-04T19:41:58","date_gmt":"2013-12-04T18:41:58","guid":{"rendered":"http:\/\/www.tvk-gaj.pl\/~gajonline\/?p=1853"},"modified":"2013-12-04T19:42:25","modified_gmt":"2013-12-04T18:42:25","slug":"ostrzezenie-pogodowe-nadciaga-orkan","status":"publish","type":"post","link":"https:\/\/online.tvk-gaj.pl\/?p=1853","title":{"rendered":"Ostrze\u017cenie pogodowe: nadci\u0105ga orkan!"},"content":{"rendered":"<p>Uwaga na silny wiatr! W zwi\u0105zku z nadci\u0105gaj\u0105cym nad Polsk\u0119 znad Skandynawii orkanem ostrzegamy przed silnym, porywistym wiatrem, kt\u00f3ry przyniesie nad terytorium kraju orkan. We Wroc\u0142awiu silnego wiatru mo\u017cemy spodziewa\u0107 si\u0119 ju\u017c w czwartek rano. <!--more-->Wed\u0142ug prognoz Krajowego Biura Prognoz Meteorologicznych IMGW, \u015brednia pr\u0119dko\u015b\u0107 wiatru wyniesie od 30 km\/h do 45 km\/h, w porywach od 65 km\/h do 80 km\/h, z kierunku zachodniego. Pogoda poprawi si\u0119 w weekend. Miejskie Centrum Zarz\u0105dzania Kryzysowego zaleca zabezpieczenie wszystkich przedmiot\u00f3w ruchomych, znajduj\u0105cych si\u0119 na balkonach, ogr\u00f3dkach i podw\u00f3rkach, oraz parkowanie samochod\u00f3w w miejscach nienara\u017conych na spadaj\u0105ce konary lub inne ruchome i ci\u0119\u017ckie przedmioty.<\/p>\n","protected":false},"excerpt":{"rendered":"<p>Uwaga na silny wiatr! W zwi\u0105zku z nadci\u0105gaj\u0105cym nad Polsk\u0119 znad Skandynawii orkanem ostrzegamy przed silnym, porywistym wiatrem, kt\u00f3ry przyniesie nad terytorium kraju orkan. We Wroc\u0142awiu silnego wiatru mo\u017cemy spodziewa\u0107 si\u0119 ju\u017c w czwartek rano.<\/p>\n","protected":false},"author":1,"featured_media":1854,"comment_status":"open","ping_status":"open","sticky":false,"template":"","format":"standard","meta":{"footnotes":""},"categories":[14],"tags":[112,170,169,167,171,168,165],"class_list":["post-1853","post","type-post","status-publish","format-standard","has-post-thumbnail","hentry","category-aktualnosci","tag-gaj","tag-imgw","tag-orkan","tag-ostrzezenie-pogodowe","tag-pogoda","tag-silny-wiatr","tag-wroclaw"],"_links":{"self":[{"href":"https:\/\/online.tvk-gaj.pl\/index.php?rest_route=\/wp\/v2\/posts\/1853","targetHints":{"allow":["GET"]}}],"collection":[{"href":"https:\/\/online.tvk-gaj.pl\/index.php?rest_route=\/wp\/v2\/posts"}],"about":[{"href":"https:\/\/online.tvk-gaj.pl\/index.php?rest_route=\/wp\/v2\/types\/post"}],"author":[{"embeddable":true,"href":"https:\/\/online.tvk-gaj.pl\/index.php?rest_route=\/wp\/v2\/users\/1"}],"replies":[{"embeddable":true,"href":"https:\/\/online.tvk-gaj.pl\/index.php?rest_route=%2Fwp%2Fv2%2Fcomments&post=1853"}],"version-history":[{"count":2,"href":"https:\/\/online.tvk-gaj.pl\/index.php?rest_route=\/wp\/v2\/posts\/1853\/revisions"}],"predecessor-version":[{"id":1856,"href":"https:\/\/online.tvk-gaj.pl\/index.php?rest_route=\/wp\/v2\/posts\/1853\/revisions\/1856"}],"wp:featuredmedia":[{"embeddable":true,"href":"https:\/\/online.tvk-gaj.pl\/index.php?rest_route=\/wp\/v2\/media\/1854"}],"wp:attachment":[{"href":"https:\/\/online.tvk-gaj.pl\/index.php?rest_route=%2Fwp%2Fv2%2Fmedia&parent=1853"}],"wp:term":[{"taxonomy":"category","embeddable":true,"href":"https:\/\/online.tvk-gaj.pl\/index.php?rest_route=%2Fwp%2Fv2%2Fcategories&post=1853"},{"taxonomy":"post_tag","embeddable":true,"href":"https:\/\/online.tvk-gaj.pl\/index.php?rest_route=%2Fwp%2Fv2%2Ftags&post=1853"}],"curies":[{"name":"wp","href":"https:\/\/api.w.org\/{rel}","templated":true}]}}