{"id":1938,"date":"2013-12-06T14:51:24","date_gmt":"2013-12-06T13:51:24","guid":{"rendered":"http:\/\/www.tvk-gaj.pl\/~gajonline\/?p=1938"},"modified":"2013-12-09T14:17:29","modified_gmt":"2013-12-09T13:17:29","slug":"mikolaj-w-osiedlowych-przedszkolach","status":"publish","type":"post","link":"https:\/\/online.tvk-gaj.pl\/?p=1938","title":{"rendered":"Miko\u0142aj w osiedlowych przedszkolach"},"content":{"rendered":"<p>Cho\u0107 nad Polsk\u0105 szaleje niszczycielski orkan o nazwie Ksawery to w pojedynku superbohater\u00f3w \u015awi\u0119ty Miko\u0142aj jak zawsze wygrywa. U\u015bmiechy na buziach oraz rado\u015b\u0107 w sercach to typowe objawy przej\u015bcia nad osiedlem Miko\u0142aja. Wczoraj i dzi\u015b, brodaty \u015bwi\u0119ty odwiedzi\u0142 dwa osiedlowe przedszkola &#8211; Przedszkole Nr 92 oraz Przedszkole Nr 49. Wraz z Miko\u0142ajek w przedszkolach pojawili si\u0119 przedstawiciele Rady Osiedla Gaj. Zapraszamy do fotorelacji z Miko\u0142ajk\u00f3w 2013.<!--more--><\/p>\n<p>5 grudnia o godzinie 9 rano Miko\u0142aj pojawi\u0142 si\u0119 w Przedszkolu Nr 92 przy ul. Bardziej 5. Dzie\u0144 p\u00f3\u017aniej, 6 grudnia o godzinie 10, zawita\u0142 do Przedszkola Nr 49 z ul. Borowskiej 181-187.<\/p>\n<p>W obydwu przedszkolach nie oby\u0142o si\u0119 bez wielkiej niespodzianki jakom sprawi\u0142 najm\u0142odszym Miko\u0142aj. Miko\u0142aj wr\u0119czy\u0142 dzieciom imienne paczki oraz prezenty dla przedszkola i przedszkolnych grup.<\/p>\n<p>Od kilku lat Rada Osiedla Gaj co roku dofinansowuje przedszkola dzia\u0142aj\u0105ce na \u00a0terenie osiedla, przeznaczaj\u0105c na ten cel \u015brodki pieni\u0119\u017cne z w\u0142asnego bud\u017cetu.<br \/>\nPaczki przekazywane s\u0105 og\u00f3\u0142owi dzieci jako dary dla przedszkola oraz poszczeg\u00f3lnych grup. W ten spos\u00f3b mieszka\u0144cy osiedla staj\u0105 si\u0119 po cz\u0119\u015bci mecenasami dzieci\u0119cego u\u015bmiechu oraz rado\u015bci.<\/p>\n<p>W tym roku Rada Osiedla Gaj przeznaczy\u0142a na paczki kwot\u0119 w wysoko\u015bci 2400z\u0142. 1600z\u0142 otrzyma\u0142o Przedszkole Nr 49, za\u015b 800z\u0142 Przedszkole Nr 92. Wysoko\u015b\u0107 dotacji by\u0142a proporcjonalna do ilo\u015b\u0107 dzieci ucz\u0119szczaj\u0105cych do obu plac\u00f3wek. Warto doda\u0107, i\u017c jest to taka sama kwota jaka miasto przekazuje rocznie na zakup gier i zabawek dla ka\u017cdego przedszkola.<\/p>\n<p>Dzi\u0119ki tak przygotowanej akcji maluchy z Borowskiej oraz Bardzkiej co roku maj\u0105 nowe zabawki. A Miko\u0142aj pe\u0142ne r\u0119ce roboty, bowiem obdarowanie blisko 200 dzieci nie jest \u0142atw\u0105 prac\u0105. Rozmowy, sadzanie na kolanie, \u015bpiewy i okrzyki to tylko niekt\u00f3re rzeczy kt\u00f3rym Miko\u0142aj musi sprosta\u0107.<\/p>\n<p>Cieszymy si\u0119, ze i w tym roku mogli\u015bmy podarowa\u0107 u\u015bmiech i rado\u015b\u0107 naszym najmilszym;-)<\/p>\n<p>&nbsp;<\/p>\n<p><strong>Fotorelacja z Przedszkola Nr 92<\/strong><\/p>\n<p>[nggallery id=33]<\/p>\n<p>&nbsp;<\/p>\n<p><strong>Fotorelacja z Przedszkola Nr 49<\/strong><\/p>\n<p>[nggallery id=34]<\/p>\n<p>&nbsp;<\/p>\n\n\t\t\t<div class='et-tabs-container et_sliderfx_fade et_sliderauto_false et_sliderauto_speed_5000 et_slidertype_top_tabs'>\n\t\t\t\t<ul class='et-tabs-control'>\n\t\t\t<li><a href='#'>\n\t\t\tPrzedszkole Nr 49\n\t\t<\/a><\/li> \n\t\t<li><a href='#'>\n\t\t\tPrzedszkole Nr 92\n\t\t<\/a><\/li>\n\t\t<\/ul> <!-- .et-tabs-control --> \n\t\t<div class='et-tabs-content'>\n\t\t\t<div class='et-tabs-content-main-wrap'>\n\t\t\t\t<div class='et-tabs-content-wrapper'>\n\t\t\t\t\t<div class='et_slidecontent'>\n\t\t\tPrzedszkole nr 49 im. Tysi\u0105clecia Miasta Wroc\u0142awia Adres: Borowska 181-187, Wroc\u0142aw Telefon:71 367 19 62 www: http:\/\/www.przedszkole49.wroclaw.pl\n\t\t<\/div> \n\t\t<div class='et_slidecontent'>\n\t\t\tPrzedszkole nr 92 Adres: Bardzka 5, Wroc\u0142aw Telefon:71 333 14 12 www: http:\/\/www.przedszkole92.wroc.pl\n\t\t<\/div>\n\t\t\t\t<\/div>\n\t\t\t<\/div>\n\t\t<\/div>\n\t\t\t<\/div> <!-- .et-tabs-container -->\n<p>&nbsp;<\/p>\n<p>&nbsp;<\/p>\n","protected":false},"excerpt":{"rendered":"<p>Cho\u0107 nad Polsk\u0105 szaleje niszczycielski orkan o nazwie Ksawery to w pojedynku superbohater\u00f3w \u015awi\u0119ty Miko\u0142aj jak zawsze wygrywa. U\u015bmiechy na buziach oraz rado\u015b\u0107 w sercach to typowe objawy przej\u015bcia nad osiedlem Miko\u0142aja. Wczoraj i dzi\u015b, brodaty \u015bwi\u0119ty odwiedzi\u0142 dwa osiedlowe przedszkola &#8211; Przedszkole Nr 92 oraz Przedszkole Nr 49. Wraz z Miko\u0142ajek w przedszkolach pojawili [&hellip;]<\/p>\n","protected":false},"author":1,"featured_media":1952,"comment_status":"open","ping_status":"open","sticky":false,"template":"","format":"standard","meta":{"footnotes":""},"categories":[14,12],"tags":[112,172,173,174,179,178,177,176,39,175,135],"class_list":["post-1938","post","type-post","status-publish","format-standard","has-post-thumbnail","hentry","category-aktualnosci","category-artykuly","tag-gaj","tag-mikolaj","tag-mikolajki","tag-mikolajki-2013","tag-mikolajki-osiedlowe","tag-paczki","tag-prezenty","tag-przedszkole","tag-przedszkole-nr-49-borowska","tag-przedszkole-nr-92-bardzka","tag-rada-osiedla-gaj"],"_links":{"self":[{"href":"https:\/\/online.tvk-gaj.pl\/index.php?rest_route=\/wp\/v2\/posts\/1938","targetHints":{"allow":["GET"]}}],"collection":[{"href":"https:\/\/online.tvk-gaj.pl\/index.php?rest_route=\/wp\/v2\/posts"}],"about":[{"href":"https:\/\/online.tvk-gaj.pl\/index.php?rest_route=\/wp\/v2\/types\/post"}],"author":[{"embeddable":true,"href":"https:\/\/online.tvk-gaj.pl\/index.php?rest_route=\/wp\/v2\/users\/1"}],"replies":[{"embeddable":true,"href":"https:\/\/online.tvk-gaj.pl\/index.php?rest_route=%2Fwp%2Fv2%2Fcomments&post=1938"}],"version-history":[{"count":6,"href":"https:\/\/online.tvk-gaj.pl\/index.php?rest_route=\/wp\/v2\/posts\/1938\/revisions"}],"predecessor-version":[{"id":1942,"href":"https:\/\/online.tvk-gaj.pl\/index.php?rest_route=\/wp\/v2\/posts\/1938\/revisions\/1942"}],"wp:featuredmedia":[{"embeddable":true,"href":"https:\/\/online.tvk-gaj.pl\/index.php?rest_route=\/wp\/v2\/media\/1952"}],"wp:attachment":[{"href":"https:\/\/online.tvk-gaj.pl\/index.php?rest_route=%2Fwp%2Fv2%2Fmedia&parent=1938"}],"wp:term":[{"taxonomy":"category","embeddable":true,"href":"https:\/\/online.tvk-gaj.pl\/index.php?rest_route=%2Fwp%2Fv2%2Fcategories&post=1938"},{"taxonomy":"post_tag","embeddable":true,"href":"https:\/\/online.tvk-gaj.pl\/index.php?rest_route=%2Fwp%2Fv2%2Ftags&post=1938"}],"curies":[{"name":"wp","href":"https:\/\/api.w.org\/{rel}","templated":true}]}}