{"id":1945,"date":"2013-12-09T15:02:36","date_gmt":"2013-12-09T14:02:36","guid":{"rendered":"http:\/\/www.tvk-gaj.pl\/~gajonline\/?p=1945"},"modified":"2013-12-06T15:06:59","modified_gmt":"2013-12-06T14:06:59","slug":"pr-ferio-gaj-rozdaje-jesienne-prezenty-2","status":"publish","type":"post","link":"https:\/\/online.tvk-gaj.pl\/?p=1945","title":{"rendered":"[PR] Grudzie\u0144 pe\u0142en atrakcji w  FERIO Gaj!"},"content":{"rendered":"<p>Informacja prasowa Centrum Handlowego Ferio Gaj. Grudniowa promocja w Centrum Handlowym Ferio Gaj przy ul. \u015awieradowskiej.\u00a0<!--more--><\/p>\n<p align=\"center\">\n<p align=\"center\"><b><span style=\"text-decoration: underline;\">Grudzie\u0144 pe\u0142en atrakcji w\u00a0 FERIO Gaj!<\/span><\/b><\/p>\n<p style=\"text-align: left;\" align=\"center\"><b><\/b>Centrum Handlowe FERIO Gaj \u00a0serdecznie zaprasza swoich klient\u00f3w na liczne atrakcje zwi\u0105zane z nadchodz\u0105cymi \u015awi\u0119tami Bo\u017cego Narodzenia i rozpocz\u0119tymi\u00a0 do nich przygotowaniami.<\/p>\n<p><b><span style=\"text-decoration: underline;\">Ju\u017c 6 grudnia, w pi\u0105tek , mi\u0119dzy \u00a0godz. 14.00 a \u00a0godz. 20.00<\/span><\/b>, w dniu Miko\u0142ajek, mi\u0142o nam b\u0119dzie obdarowa\u0107 wszystkie dzieci s\u0142odko\u015bciami. Ka\u017cde dziecko tego dnia b\u0119dzie mog\u0142o zrobi\u0107 sobie zdj\u0119cie z Miko\u0142ajem. Zdj\u0119cia b\u0119d\u0105 do obioru na miejscu w trakcie imprezy.<\/p>\n<p><b><span style=\"text-decoration: underline;\">13 grudnia mi\u0119dzy godz. \u00a014.00 \u00a0a \u00a0godz. 20.00<\/span><\/b> odb\u0119d\u0105 si\u0119 <b>\u015awi\u0105teczne Warsztaty Florystyczne.<\/b> W ramach warsztat\u00f3w zaprosimy dzieci do w\u0142asnor\u0119cznego wykonania bo\u017conarodzeniowych stroik\u00f3w z prawdziwych ga\u0142\u0105zek sosnowych i jod\u0142owych, kt\u00f3re zostan\u0105 przystrojone \u015bwi\u0105tecznymi symbolami. M\u0142odszych naszych go\u015bci zaprosimy do wsp\u00f3lnej zabawy w rozwi\u0105zywanie \u015bwi\u0105tecznej \u0142amig\u0142\u00f3wki.<\/p>\n<p>W trakcie zabawy ka\u017cde dziecko otrzyma do samodzielnego z\u0142o\u017cenia zestaw 5 ozd\u00f3b bo\u017conarodzeniowych. Po z\u0142o\u017ceniu element\u00f3w dzieci b\u0119d\u0105 mog\u0142y je samodzielnie ozdobi\u0107. W ten spos\u00f3b powstanie oryginalna eko-zawieszka na choink\u0119.<\/p>\n<p>Tego dnia ozdabia\u0107 tak\u017ce b\u0119dziemy\u00a0 \u015bwi\u0105teczne pierniki, a z najm\u0142odszymi wykonamy pomys\u0142owe kolorowanki o tematyce \u015bwi\u0105tecznej.<\/p>\n<p>&nbsp;<\/p>\n<p><b><span style=\"text-decoration: underline;\">Tu\u017c przed \u015awi\u0119tami &#8211; \u00a020 i 21 grudnia<\/span><\/b> w godzinach (pi\u0105tek) 14.00-20.00 i (sobota) 12.00 -18.00 zapraszamy naszych klient\u00f3w z paragonami za dokonane w dniach 14-21 grudnia zakupy na kwot\u0119 min. 50 PLN \u2013 na jednym paragonie, do skorzystania z us\u0142ugi bezp\u0142atnego pakowania prezent\u00f3w \u2013 w naszej <b>Fabryce Pakowania Prezent\u00f3w.<\/b><\/p>\n<p>&nbsp;<\/p>\n<p>Wszystkim naszym Klientom \u017cyczymy ju\u017c dzi\u015b Weso\u0142ych \u015awi\u0105t!<\/p>\n<p>&nbsp;<\/p>\n<p><a href=\"http:\/\/www.tvk-gaj.pl\/~gajonline\/wp-content\/uploads\/2013\/12\/FGW_Zima_Kalendarz_b1.jpg\"><img loading=\"lazy\" decoding=\"async\" class=\"aligncenter size-full wp-image-1946\" alt=\"FGW_Zima_Kalendarz_b1\" src=\"http:\/\/www.tvk-gaj.pl\/~gajonline\/wp-content\/uploads\/2013\/12\/FGW_Zima_Kalendarz_b1.jpg\" width=\"700\" height=\"1000\" srcset=\"https:\/\/online.tvk-gaj.pl\/wp-content\/uploads\/2013\/12\/FGW_Zima_Kalendarz_b1.jpg 700w, https:\/\/online.tvk-gaj.pl\/wp-content\/uploads\/2013\/12\/FGW_Zima_Kalendarz_b1-210x300.jpg 210w\" sizes=\"auto, (max-width: 700px) 100vw, 700px\" \/><\/a><\/p>\n<p>&nbsp;<\/p>\n<p style=\"text-align: left;\" align=\"center\"><b>Centrum handlowo \u2013 us\u0142ugowe\u00a0\u00a0 FERIO Gaj<\/b><\/p>\n<p style=\"text-align: left;\" align=\"center\">ul. \u015awieradowska 51\/57, 50-559 Wroc\u0142aw,<\/p>\n<p style=\"text-align: left;\" align=\"center\">Godziny otwarcia Centrum pon. &#8211;\u00a0 sb. 10:00-21:00, ndz. 10:00-19:00.<\/p>\n<p style=\"text-align: left;\" align=\"center\">Godziny otwarcia supermarketu Piotr i Pawe\u0142 pon. \u2013\u00a0 sb.\u00a0 8:00-22:30, ndz. 10:00-19:00.<\/p>\n<p style=\"text-align: left;\" align=\"center\"><span style=\"color: #888888;\"><b><a href=\"http:\/\/www.feriogaj.com\/\"><span style=\"color: #888888;\">www.feriogaj.com<\/span><\/a><\/b><\/span><\/p>\n","protected":false},"excerpt":{"rendered":"<p>Informacja prasowa Centrum Handlowego Ferio Gaj. Grudniowa promocja w Centrum Handlowym Ferio Gaj przy ul. \u015awieradowskiej.\u00a0<\/p>\n","protected":false},"author":1,"featured_media":1946,"comment_status":"open","ping_status":"open","sticky":false,"template":"","format":"standard","meta":{"footnotes":""},"categories":[14],"tags":[131,117],"class_list":["post-1945","post","type-post","status-publish","format-standard","has-post-thumbnail","hentry","category-aktualnosci","tag-ferio-gaj","tag-swieradowska"],"_links":{"self":[{"href":"https:\/\/online.tvk-gaj.pl\/index.php?rest_route=\/wp\/v2\/posts\/1945","targetHints":{"allow":["GET"]}}],"collection":[{"href":"https:\/\/online.tvk-gaj.pl\/index.php?rest_route=\/wp\/v2\/posts"}],"about":[{"href":"https:\/\/online.tvk-gaj.pl\/index.php?rest_route=\/wp\/v2\/types\/post"}],"author":[{"embeddable":true,"href":"https:\/\/online.tvk-gaj.pl\/index.php?rest_route=\/wp\/v2\/users\/1"}],"replies":[{"embeddable":true,"href":"https:\/\/online.tvk-gaj.pl\/index.php?rest_route=%2Fwp%2Fv2%2Fcomments&post=1945"}],"version-history":[{"count":5,"href":"https:\/\/online.tvk-gaj.pl\/index.php?rest_route=\/wp\/v2\/posts\/1945\/revisions"}],"predecessor-version":[{"id":1950,"href":"https:\/\/online.tvk-gaj.pl\/index.php?rest_route=\/wp\/v2\/posts\/1945\/revisions\/1950"}],"wp:featuredmedia":[{"embeddable":true,"href":"https:\/\/online.tvk-gaj.pl\/index.php?rest_route=\/wp\/v2\/media\/1946"}],"wp:attachment":[{"href":"https:\/\/online.tvk-gaj.pl\/index.php?rest_route=%2Fwp%2Fv2%2Fmedia&parent=1945"}],"wp:term":[{"taxonomy":"category","embeddable":true,"href":"https:\/\/online.tvk-gaj.pl\/index.php?rest_route=%2Fwp%2Fv2%2Fcategories&post=1945"},{"taxonomy":"post_tag","embeddable":true,"href":"https:\/\/online.tvk-gaj.pl\/index.php?rest_route=%2Fwp%2Fv2%2Ftags&post=1945"}],"curies":[{"name":"wp","href":"https:\/\/api.w.org\/{rel}","templated":true}]}}