{"id":1954,"date":"2013-12-09T23:59:40","date_gmt":"2013-12-09T22:59:40","guid":{"rendered":"http:\/\/www.tvk-gaj.pl\/~gajonline\/?p=1954"},"modified":"2017-04-29T11:12:10","modified_gmt":"2017-04-29T09:12:10","slug":"wspolpraca","status":"publish","type":"post","link":"https:\/\/online.tvk-gaj.pl\/?p=1954","title":{"rendered":"Wsp\u00f3\u0142praca"},"content":{"rendered":"<p>W siedzibie Rady Osiedla Gaj przy ul. Krynickiej 80 funkcjonuj\u0105 stowarzyszenia i zwi\u0105zki, kt\u00f3re dzia\u0142aj\u0105 na rzecz lokalnej spo\u0142eczno\u015bci. W\u015br\u00f3d nich znajduj\u0105 si\u0119 m.in&#8230;<!--more--><\/p>\n<p>Z siedziby Rady Osiedla Gaj za zgod\u0105 Urz\u0119du Miejskiego Wroc\u0142awia korzystaj\u0105:<\/p>\n<p>&nbsp;<\/p>\n<p>1. <strong>Polskie Stowarzyszenie Diabetyk\u00f3w<\/strong> &#8211; Oddzia\u0142 Wojew\u00f3dzki Dolno\u015bl\u0105\u015bki<\/p>\n<p><a href=\"http:\/\/www.tvk-gaj.pl\/~gajonline\/wp-content\/uploads\/2013\/12\/2013-12-09-17.45.27.jpg\"><img loading=\"lazy\" decoding=\"async\" class=\"aligncenter size-medium wp-image-1956\" src=\"http:\/\/www.tvk-gaj.pl\/~gajonline\/wp-content\/uploads\/2013\/12\/2013-12-09-17.45.27-300x168.jpg\" alt=\"2013-12-09 17.45.27\" width=\"300\" height=\"168\" srcset=\"https:\/\/online.tvk-gaj.pl\/wp-content\/uploads\/2013\/12\/2013-12-09-17.45.27-300x168.jpg 300w, https:\/\/online.tvk-gaj.pl\/wp-content\/uploads\/2013\/12\/2013-12-09-17.45.27-1024x576.jpg 1024w, https:\/\/online.tvk-gaj.pl\/wp-content\/uploads\/2013\/12\/2013-12-09-17.45.27.jpg 1920w\" sizes=\"auto, (max-width: 300px) 100vw, 300px\" \/><\/a><\/p>\n<p>&nbsp;<\/p>\n<p>2. <strong>Polski Zwi\u0105zek Emeryt\u00f3w, Rencist\u00f3w i Inwalid\u00f3w<\/strong> Wroc\u0142aw-Krzyki, Osiedle &#8222;Gaj&#8221; Ko\u0142o Nr 8<\/p>\n<p><a href=\"http:\/\/www.tvk-gaj.pl\/~gajonline\/wp-content\/uploads\/2013\/12\/2013-12-09-17.45.04.jpg\"><img loading=\"lazy\" decoding=\"async\" class=\"aligncenter size-medium wp-image-1957\" src=\"http:\/\/www.tvk-gaj.pl\/~gajonline\/wp-content\/uploads\/2013\/12\/2013-12-09-17.45.04-300x168.jpg\" alt=\"2013-12-09 17.45.04\" width=\"300\" height=\"168\" srcset=\"https:\/\/online.tvk-gaj.pl\/wp-content\/uploads\/2013\/12\/2013-12-09-17.45.04-300x168.jpg 300w, https:\/\/online.tvk-gaj.pl\/wp-content\/uploads\/2013\/12\/2013-12-09-17.45.04-1024x576.jpg 1024w, https:\/\/online.tvk-gaj.pl\/wp-content\/uploads\/2013\/12\/2013-12-09-17.45.04.jpg 1920w\" sizes=\"auto, (max-width: 300px) 100vw, 300px\" \/><\/a><\/p>\n<p>&nbsp;<\/p>\n<p>3. <strong>Miejski O\u015brodek Pomocy Spo\u0142ecznej<\/strong> we Wroc\u0142awiu &#8211; Punkt informacyjny<\/p>\n<p><a href=\"http:\/\/www.tvk-gaj.pl\/~gajonline\/wp-content\/uploads\/2013\/12\/2013-12-09-17.45.08.jpg\"><img loading=\"lazy\" decoding=\"async\" class=\"aligncenter size-medium wp-image-1958\" src=\"http:\/\/www.tvk-gaj.pl\/~gajonline\/wp-content\/uploads\/2013\/12\/2013-12-09-17.45.08-168x300.jpg\" alt=\"2013-12-09 17.45.08\" width=\"168\" height=\"300\" srcset=\"https:\/\/online.tvk-gaj.pl\/wp-content\/uploads\/2013\/12\/2013-12-09-17.45.08-168x300.jpg 168w, https:\/\/online.tvk-gaj.pl\/wp-content\/uploads\/2013\/12\/2013-12-09-17.45.08-576x1024.jpg 576w, https:\/\/online.tvk-gaj.pl\/wp-content\/uploads\/2013\/12\/2013-12-09-17.45.08.jpg 1080w\" sizes=\"auto, (max-width: 168px) 100vw, 168px\" \/><\/a><\/p>\n<p>&nbsp;<\/p>\n<p>4.<strong>&nbsp;Uczniowski Osiedlowy Klub Pi\u0142karski \u201eSilesia\u201d<\/strong> Wroc\u0142aw \u2013 Gaj<\/p>\n<p><a href=\"http:\/\/www.tvk-gaj.pl\/~gajonline\/wp-content\/uploads\/2013\/12\/uokp.png\"><img loading=\"lazy\" decoding=\"async\" class=\"aligncenter size-medium wp-image-1959\" src=\"http:\/\/www.tvk-gaj.pl\/~gajonline\/wp-content\/uploads\/2013\/12\/uokp-300x65.png\" alt=\"uokp\" width=\"300\" height=\"65\" srcset=\"https:\/\/online.tvk-gaj.pl\/wp-content\/uploads\/2013\/12\/uokp-300x65.png 300w, https:\/\/online.tvk-gaj.pl\/wp-content\/uploads\/2013\/12\/uokp.png 475w\" sizes=\"auto, (max-width: 300px) 100vw, 300px\" \/><\/a><\/p>\n<p>&nbsp;<\/p>\n<p>&nbsp;<\/p>\n<p>&nbsp;<\/p>\n","protected":false},"excerpt":{"rendered":"<p>W siedzibie Rady Osiedla Gaj przy ul. Krynickiej 80 funkcjonuj\u0105 stowarzyszenia i zwi\u0105zki, kt\u00f3re dzia\u0142aj\u0105 na rzecz lokalnej spo\u0142eczno\u015bci. W\u015br\u00f3d nich znajduj\u0105 si\u0119 m.in&#8230;<\/p>\n","protected":false},"author":1,"featured_media":0,"comment_status":"open","ping_status":"open","sticky":false,"template":"","format":"standard","meta":{"footnotes":""},"categories":[56],"tags":[180],"class_list":["post-1954","post","type-post","status-publish","format-standard","hentry","category-rada-osiedla","tag-siedziba-rady-osiedla-gaj"],"_links":{"self":[{"href":"https:\/\/online.tvk-gaj.pl\/index.php?rest_route=\/wp\/v2\/posts\/1954","targetHints":{"allow":["GET"]}}],"collection":[{"href":"https:\/\/online.tvk-gaj.pl\/index.php?rest_route=\/wp\/v2\/posts"}],"about":[{"href":"https:\/\/online.tvk-gaj.pl\/index.php?rest_route=\/wp\/v2\/types\/post"}],"author":[{"embeddable":true,"href":"https:\/\/online.tvk-gaj.pl\/index.php?rest_route=\/wp\/v2\/users\/1"}],"replies":[{"embeddable":true,"href":"https:\/\/online.tvk-gaj.pl\/index.php?rest_route=%2Fwp%2Fv2%2Fcomments&post=1954"}],"version-history":[{"count":6,"href":"https:\/\/online.tvk-gaj.pl\/index.php?rest_route=\/wp\/v2\/posts\/1954\/revisions"}],"predecessor-version":[{"id":9069,"href":"https:\/\/online.tvk-gaj.pl\/index.php?rest_route=\/wp\/v2\/posts\/1954\/revisions\/9069"}],"wp:attachment":[{"href":"https:\/\/online.tvk-gaj.pl\/index.php?rest_route=%2Fwp%2Fv2%2Fmedia&parent=1954"}],"wp:term":[{"taxonomy":"category","embeddable":true,"href":"https:\/\/online.tvk-gaj.pl\/index.php?rest_route=%2Fwp%2Fv2%2Fcategories&post=1954"},{"taxonomy":"post_tag","embeddable":true,"href":"https:\/\/online.tvk-gaj.pl\/index.php?rest_route=%2Fwp%2Fv2%2Ftags&post=1954"}],"curies":[{"name":"wp","href":"https:\/\/api.w.org\/{rel}","templated":true}]}}