{"id":196,"date":"2012-09-10T23:48:35","date_gmt":"2012-09-10T21:48:35","guid":{"rendered":"http:\/\/www.gaj-osiedle.wroclaw.pl\/?p=196"},"modified":"2012-10-29T15:25:28","modified_gmt":"2012-10-29T14:25:28","slug":"progi-zwalniajace-na-orzechowej","status":"publish","type":"post","link":"https:\/\/online.tvk-gaj.pl\/?p=196","title":{"rendered":"Progi zwalniaj\u0105ce na Orzechowej"},"content":{"rendered":"<p style=\"text-align: left;\">W minionym miesi\u0105cu na ulicy Orzechowej nast\u0105pi\u0142 monta\u017c prog\u00f3w zwalniaj\u0105cych. 7 prog\u00f3w zosta\u0142o zainstalowanych na odcinku od skrzy\u017cowania z al. Armii Krajowej do wysoko\u015bci Instytutu Upraw, Nawo\u017cenia i Gleboznastwa.<\/p>\n<p style=\"text-align: left;\"><!--more-->&#8222;Progi montowane s\u0105 na pro\u015bb\u0119 rady osiedla oraz rady rodzic\u00f3w pobliskiej podstaw\u00f3wki. Chodzi o bezpiecze\u0144stwo uczni\u00f3w&#8221; &#8211; komentuje Ewa Mazur, rzecznik Zarz\u0105du Dr\u00f3g i Utrzymania Miasta.<\/p>\n<p style=\"text-align: left;\">Jakie jest Wasze zdanie na ten temat? Konieczna inwestycja czy niepotrzebne utrudnienie?<\/p>\n<p style=\"text-align: left;\"><a href=\"http:\/\/www.tvk-gaj.pl\/~gajonline\/wp-content\/uploads\/2012\/10\/IMG_1126.jpg\"><img loading=\"lazy\" decoding=\"async\" class=\"alignleft  wp-image-197\" title=\"IMG_1126\" src=\"http:\/\/www.tvk-gaj.pl\/~gajonline\/wp-content\/uploads\/2012\/10\/IMG_1126-1024x764.jpg\" alt=\"\" width=\"414\" height=\"258\" \/><\/a><\/p>\n<p style=\"text-align: left;\">\n","protected":false},"excerpt":{"rendered":"<p>W minionym miesi\u0105cu na ulicy Orzechowej nast\u0105pi\u0142 monta\u017c prog\u00f3w zwalniaj\u0105cych. 7 prog\u00f3w zosta\u0142o zainstalowanych na odcinku od skrzy\u017cowania z al. Armii Krajowej do wysoko\u015bci Instytutu Upraw, Nawo\u017cenia i Gleboznastwa.<\/p>\n","protected":false},"author":1,"featured_media":197,"comment_status":"open","ping_status":"open","sticky":false,"template":"","format":"standard","meta":{"footnotes":""},"categories":[12],"tags":[16],"class_list":["post-196","post","type-post","status-publish","format-standard","has-post-thumbnail","hentry","category-artykuly","tag-orzechowa-progi-zwalniajace"],"_links":{"self":[{"href":"https:\/\/online.tvk-gaj.pl\/index.php?rest_route=\/wp\/v2\/posts\/196","targetHints":{"allow":["GET"]}}],"collection":[{"href":"https:\/\/online.tvk-gaj.pl\/index.php?rest_route=\/wp\/v2\/posts"}],"about":[{"href":"https:\/\/online.tvk-gaj.pl\/index.php?rest_route=\/wp\/v2\/types\/post"}],"author":[{"embeddable":true,"href":"https:\/\/online.tvk-gaj.pl\/index.php?rest_route=\/wp\/v2\/users\/1"}],"replies":[{"embeddable":true,"href":"https:\/\/online.tvk-gaj.pl\/index.php?rest_route=%2Fwp%2Fv2%2Fcomments&post=196"}],"version-history":[{"count":15,"href":"https:\/\/online.tvk-gaj.pl\/index.php?rest_route=\/wp\/v2\/posts\/196\/revisions"}],"predecessor-version":[{"id":316,"href":"https:\/\/online.tvk-gaj.pl\/index.php?rest_route=\/wp\/v2\/posts\/196\/revisions\/316"}],"wp:featuredmedia":[{"embeddable":true,"href":"https:\/\/online.tvk-gaj.pl\/index.php?rest_route=\/wp\/v2\/media\/197"}],"wp:attachment":[{"href":"https:\/\/online.tvk-gaj.pl\/index.php?rest_route=%2Fwp%2Fv2%2Fmedia&parent=196"}],"wp:term":[{"taxonomy":"category","embeddable":true,"href":"https:\/\/online.tvk-gaj.pl\/index.php?rest_route=%2Fwp%2Fv2%2Fcategories&post=196"},{"taxonomy":"post_tag","embeddable":true,"href":"https:\/\/online.tvk-gaj.pl\/index.php?rest_route=%2Fwp%2Fv2%2Ftags&post=196"}],"curies":[{"name":"wp","href":"https:\/\/api.w.org\/{rel}","templated":true}]}}