{"id":1968,"date":"2013-12-16T17:28:44","date_gmt":"2013-12-16T16:28:44","guid":{"rendered":"http:\/\/www.tvk-gaj.pl\/~gajonline\/?p=1968"},"modified":"2013-12-27T15:15:30","modified_gmt":"2013-12-27T14:15:30","slug":"pomagaj-z-glowa-stare-badz-niepotrzebne-ubrania-oddawaj-madrze","status":"publish","type":"post","link":"https:\/\/online.tvk-gaj.pl\/?p=1968","title":{"rendered":"Pomagaj z g\u0142ow\u0105: sprawd\u017a gdzie na Gaju mo\u017cesz odda\u0107 stare b\u0105d\u017a niepotrzebne ubrania"},"content":{"rendered":"<p>Z pewno\u015bci\u0105 wi\u0119kszo\u015b\u0107 z Was spotka\u0142a si\u0119 z sytuacj\u0105, w kt\u00f3rej chcieli\u015bcie odda\u0107 niepotrzebne ubrania na rzecz os\u00f3b potrzebuj\u0105cych, ale nie wiedzieli\u015bcie jak to zrobi\u0107. Co prawda na osiedlu w wielu miejscach znajduj\u0105 si\u0119 specjalne kontenery na u\u017cywan\u0105 odzie\u017c, jednak warto wiedzie\u0107, \u017ce s\u0105 to miejsca z kt\u00f3rych ubrania najcz\u0119\u015bciej zamiast do potrzebuj\u0105cych trafiaj\u0105 do prywatnych firm. Warto wi\u0119c wiedzie\u0107 gdzie odda\u0107 stare b\u0105d\u017a niepotrzebne rzeczy, tak \u017ceby trafi\u0142y one w r\u0119ce os\u00f3b, kt\u00f3rym naprawd\u0119 si\u0119 przydadz\u0105. Szczeg\u00f3lnie przed \u015awi\u0119tami jest to wyj\u0105tkowo wa\u017cne.\u00a0<!--more--><\/p>\n<p>Z pewno\u015bci\u0105 sporo os\u00f3b kojarzy kontenery na odzie\u017c, kt\u00f3re zlokalizowane s\u0105 w r\u00f3\u017cnych cz\u0119\u015bciach osiedla. Wielu kojarz\u0105 si\u0119 ze starymi kontenerami PCK, kt\u00f3re wiele lat temu s\u0142u\u017cy\u0142y do przekazywania niepotrzebnych ubra\u0144 na rzecz PCK. Dzi\u015b, kontenery te s\u0105 w\u0142asno\u015bci\u0105 prywatnych firm, kt\u00f3re podarowane rzeczy wykorzystuj\u0105 komercyjnie, do zarobku.<\/p>\n<p>&nbsp;<\/p>\n<p style=\"text-align: center;\"><a href=\"http:\/\/www.tvk-gaj.pl\/~gajonline\/wp-content\/uploads\/2013\/12\/2013-11-12-11.09.17.jpg\"><img loading=\"lazy\" decoding=\"async\" class=\"aligncenter  wp-image-1971\" alt=\"2013-11-12 11.09.17\" src=\"http:\/\/www.tvk-gaj.pl\/~gajonline\/wp-content\/uploads\/2013\/12\/2013-11-12-11.09.17-1024x576.jpg\" width=\"614\" height=\"346\" srcset=\"https:\/\/online.tvk-gaj.pl\/wp-content\/uploads\/2013\/12\/2013-11-12-11.09.17-1024x576.jpg 1024w, https:\/\/online.tvk-gaj.pl\/wp-content\/uploads\/2013\/12\/2013-11-12-11.09.17-300x168.jpg 300w, https:\/\/online.tvk-gaj.pl\/wp-content\/uploads\/2013\/12\/2013-11-12-11.09.17.jpg 1920w\" sizes=\"auto, (max-width: 614px) 100vw, 614px\" \/><\/a><\/p>\n<p style=\"text-align: center;\">To nie s\u0105 kontenery PCK. Z nich odzie\u017c nie trafia do potrzebuj\u0105cych, a do prywatnej firmy.<\/p>\n<p>&nbsp;<\/p>\n<p>We Wroc\u0142awiu jest kilka miejsc, gdzie mo\u017cna ofiarowa\u0107 u\u017cywan\u0105 odzie\u017c \u00a0na rzecz potrzebuj\u0105cych. Jest to mi\u0119dzy innymi Caritas Archidiecezji Wroc\u0142awskiej przy ul. Katedralnej 7. \u00a0Mniej os\u00f3b wie jednak, \u017ce Caritas prowadzi swoje punkty przy wi\u0119kszo\u015bci parafii rzymskokatolickich w mie\u015bcie. Na terenie osiedla Gaj takie punkty znajduj\u0105 si\u0119 w dw\u00f3ch miejscach:<\/p>\n<p>1. Caritas przy Parafii \u015aw. Franciszka z Asy\u017cu &#8211; ulica Borowska 174.<\/p>\n<p style=\"text-align: center;\"><a href=\"http:\/\/www.tvk-gaj.pl\/~gajonline\/wp-content\/uploads\/2013\/12\/PB130002.jpg\"><img loading=\"lazy\" decoding=\"async\" class=\"aligncenter  wp-image-1969\" alt=\"OLYMPUS DIGITAL CAMERA\" src=\"http:\/\/www.tvk-gaj.pl\/~gajonline\/wp-content\/uploads\/2013\/12\/PB130002-768x1024.jpg\" width=\"461\" height=\"614\" srcset=\"https:\/\/online.tvk-gaj.pl\/wp-content\/uploads\/2013\/12\/PB130002-768x1024.jpg 768w, https:\/\/online.tvk-gaj.pl\/wp-content\/uploads\/2013\/12\/PB130002-225x300.jpg 225w, https:\/\/online.tvk-gaj.pl\/wp-content\/uploads\/2013\/12\/PB130002.jpg 1488w\" sizes=\"auto, (max-width: 461px) 100vw, 461px\" \/><\/a><\/p>\n<p style=\"text-align: center;\">Punkt czynny jest w ka\u017cdy wtorek, w godzinach od 11 do 14.<\/p>\n<p style=\"text-align: left;\">2. Caritas przy Ko\u015bciele \u015aw. Ducha &#8211; ulica Bardzka 2\/4.<\/p>\n<p style=\"text-align: center;\"><a href=\"http:\/\/www.tvk-gaj.pl\/~gajonline\/wp-content\/uploads\/2013\/12\/PB130013.jpg\"><img loading=\"lazy\" decoding=\"async\" class=\"aligncenter  wp-image-1970\" alt=\"OLYMPUS DIGITAL CAMERA\" src=\"http:\/\/www.tvk-gaj.pl\/~gajonline\/wp-content\/uploads\/2013\/12\/PB130013-768x1024.jpg\" width=\"461\" height=\"614\" srcset=\"https:\/\/online.tvk-gaj.pl\/wp-content\/uploads\/2013\/12\/PB130013-768x1024.jpg 768w, https:\/\/online.tvk-gaj.pl\/wp-content\/uploads\/2013\/12\/PB130013-225x300.jpg 225w, https:\/\/online.tvk-gaj.pl\/wp-content\/uploads\/2013\/12\/PB130013.jpg 1488w\" sizes=\"auto, (max-width: 461px) 100vw, 461px\" \/><\/a><\/p>\n<p style=\"text-align: center;\">Punkt czynny we wtorek, w godzinach\u00a0wtorek: 10-12; 16-18<\/p>\n<p style=\"text-align: left;\">Serdecznie zach\u0119camy do dzielenia si\u0119 rzeczami, kt\u00f3re dla nam nie s\u0105 ju\u017c potrzebne, a ci\u0105gle mog\u0105 s\u0142u\u017cy\u0107 innym!<\/p>\n","protected":false},"excerpt":{"rendered":"<p>Z pewno\u015bci\u0105 wi\u0119kszo\u015b\u0107 z Was spotka\u0142a si\u0119 z sytuacj\u0105, w kt\u00f3rej chcieli\u015bcie odda\u0107 niepotrzebne ubrania na rzecz os\u00f3b potrzebuj\u0105cych, ale nie wiedzieli\u015bcie jak to zrobi\u0107. Co prawda na osiedlu w wielu miejscach znajduj\u0105 si\u0119 specjalne kontenery na u\u017cywan\u0105 odzie\u017c, jednak warto wiedzie\u0107, \u017ce s\u0105 to miejsca z kt\u00f3rych ubrania najcz\u0119\u015bciej zamiast do potrzebuj\u0105cych trafiaj\u0105 do [&hellip;]<\/p>\n","protected":false},"author":1,"featured_media":1971,"comment_status":"open","ping_status":"open","sticky":false,"template":"","format":"standard","meta":{"footnotes":""},"categories":[14,12],"tags":[181,183,182],"class_list":["post-1968","post","type-post","status-publish","format-standard","has-post-thumbnail","hentry","category-aktualnosci","category-artykuly","tag-caritas","tag-kosciol-sw-ducha","tag-kosciol-sw-franciszka-z-asyzu"],"_links":{"self":[{"href":"https:\/\/online.tvk-gaj.pl\/index.php?rest_route=\/wp\/v2\/posts\/1968","targetHints":{"allow":["GET"]}}],"collection":[{"href":"https:\/\/online.tvk-gaj.pl\/index.php?rest_route=\/wp\/v2\/posts"}],"about":[{"href":"https:\/\/online.tvk-gaj.pl\/index.php?rest_route=\/wp\/v2\/types\/post"}],"author":[{"embeddable":true,"href":"https:\/\/online.tvk-gaj.pl\/index.php?rest_route=\/wp\/v2\/users\/1"}],"replies":[{"embeddable":true,"href":"https:\/\/online.tvk-gaj.pl\/index.php?rest_route=%2Fwp%2Fv2%2Fcomments&post=1968"}],"version-history":[{"count":3,"href":"https:\/\/online.tvk-gaj.pl\/index.php?rest_route=\/wp\/v2\/posts\/1968\/revisions"}],"predecessor-version":[{"id":1987,"href":"https:\/\/online.tvk-gaj.pl\/index.php?rest_route=\/wp\/v2\/posts\/1968\/revisions\/1987"}],"wp:featuredmedia":[{"embeddable":true,"href":"https:\/\/online.tvk-gaj.pl\/index.php?rest_route=\/wp\/v2\/media\/1971"}],"wp:attachment":[{"href":"https:\/\/online.tvk-gaj.pl\/index.php?rest_route=%2Fwp%2Fv2%2Fmedia&parent=1968"}],"wp:term":[{"taxonomy":"category","embeddable":true,"href":"https:\/\/online.tvk-gaj.pl\/index.php?rest_route=%2Fwp%2Fv2%2Fcategories&post=1968"},{"taxonomy":"post_tag","embeddable":true,"href":"https:\/\/online.tvk-gaj.pl\/index.php?rest_route=%2Fwp%2Fv2%2Ftags&post=1968"}],"curies":[{"name":"wp","href":"https:\/\/api.w.org\/{rel}","templated":true}]}}