{"id":2000,"date":"2013-12-26T17:50:09","date_gmt":"2013-12-26T16:50:09","guid":{"rendered":"http:\/\/www.tvk-gaj.pl\/~gajonline\/?p=2000"},"modified":"2013-12-27T11:38:21","modified_gmt":"2013-12-27T10:38:21","slug":"plan-wizyt-duszpasterskich-20132014r-na-gaju","status":"publish","type":"post","link":"https:\/\/online.tvk-gaj.pl\/?p=2000","title":{"rendered":"Plan wizyt duszpasterskich 2013\/2014r. na Gaju"},"content":{"rendered":"<p>Wraz z zako\u0144czeniem si\u0119 \u015awi\u0105t Bo\u017cego Narodzenia rozpocz\u0119\u0142a si\u0119 tegoroczna wizyta duszpasterska na osiedlu, popularnie zwana kol\u0119d\u0105. Przypomnijmy, \u017ce na terenie Gaju dzia\u0142aj\u0105 dwie, rzymskokatolickie parafie &#8211; \u015aw. Franiczszka z Asy\u017cu, znajduj\u0105ca si\u0119 przy ulicy Borowskiej oraz\u00a0\u015aw. Ducha z ulicy Bardzkiej. Publikujemy plan tegorocznej kol\u0119dy w osiedlowych parafiach.\u00a0<!--more--><\/p>\n<p>&nbsp;<\/p>\n<p><strong>Parafia \u015awi\u0119tego Franciszka z Asy\u017cu z ulicy Borowskiej<\/strong><\/p>\n<p>&nbsp;<\/p>\n<p><a href=\"http:\/\/www.tvk-gaj.pl\/~gajonline\/wp-content\/uploads\/2013\/12\/swfranciszek001.jpg\"><img loading=\"lazy\" decoding=\"async\" class=\"aligncenter size-large wp-image-2001\" alt=\"swfranciszek001\" src=\"http:\/\/www.tvk-gaj.pl\/~gajonline\/wp-content\/uploads\/2013\/12\/swfranciszek001-734x1024.jpg\" width=\"734\" height=\"1024\" srcset=\"https:\/\/online.tvk-gaj.pl\/wp-content\/uploads\/2013\/12\/swfranciszek001-734x1024.jpg 734w, https:\/\/online.tvk-gaj.pl\/wp-content\/uploads\/2013\/12\/swfranciszek001-215x300.jpg 215w, https:\/\/online.tvk-gaj.pl\/wp-content\/uploads\/2013\/12\/swfranciszek001.jpg 1728w\" sizes=\"auto, (max-width: 734px) 100vw, 734px\" \/><\/a><\/p>\n<p>&nbsp;<\/p>\n<p><strong>Parafia \u015awi\u0119tego Ducha z ulicy Bardzkiej\u00a0<\/strong><\/p>\n<p>&nbsp;<\/p>\n<p><strong>02 stycznia, czwartek:<\/strong>\u00a0Krynicka 2 \u2013 32 (parzyste)<\/p>\n<p><strong>03 stycznia, pi\u0105tek:<\/strong>\u00a0Krynicka 34 \u2013 52 (parzyste)<\/p>\n<p><strong>04 stycznia, sobota:<\/strong>\u00a0Krynicka54 \u2013 72 (parzyste)<\/p>\n<p><strong>07 stycznia, wtorek:<\/strong>\u00a0Krynicka 74 \u2013 92 (parzyste), \u015aliwkowa, Terenowa, Owocowa<\/p>\n<p><strong>08 stycznia, \u015broda:<\/strong>\u00a0Zaruskiego, Zmorskiego, Or\u0142owicza, Glogera, Orzechowa 91 \u2013 95 (nieparzyste)<\/p>\n<p><strong>09 stycznia, czwartek:<\/strong>\u00a0Orzechowa 97 \u2013 113 (nieparzyste), Orzechowa 108 \u2013 114 (parzyste)<\/p>\n<p><strong>10 stycznia, pi\u0105tek:<\/strong>\u00a0Krynicka 25 \u2013 49 (nieparzyste)<\/p>\n<p><strong>11 stycznia, sobota:<\/strong>\u00a0Krynicka 7- 23 (nieparzyste), Widna 1 \u2013 5<\/p>\n<p><strong>13 stycznia, poniedzia\u0142ek:<\/strong>\u00a0Widna 7 \u2013 29, Hubska 119 -123, Wieczysta 167 -175<\/p>\n<p><strong>14 stycznia, wtorek:<\/strong>\u00a0Wieczysta 121 \u2013 165<\/p>\n<p><strong>15 stycznia, \u015broda:<\/strong>\u00a0Wieczysta 79 \u2013 119<\/p>\n<p><strong>16 stycznia, czwartek:<\/strong>\u00a0Wieczysta 63 \u2013 77, Kamienna, \u015aliczna 5- 5B<\/p>\n<p><strong>17 stycznia, pi\u0105tek:<\/strong>\u00a0\u015aliczna 7 \u2013 55 (nieparzyste)<\/p>\n<p><strong>18 stycznia, sobota:<\/strong>\u00a0\u015aliczna 57 \u2013 59 (nieparzyste), \u015aliczna 2 \u2013 6 (parzyste), Armii Krajowej<\/p>\n<p><strong>20 stycznia, poniedzia\u0142ek:<\/strong>\u00a0\u015aliczna 8 \u2013 30 (parzyste)<\/p>\n<p><strong>21 stycznia, wtorek:<\/strong>\u00a0\u015aliczna 32 \u2013 66 (parzyste)<\/p>\n<p><strong>22 stycznia, \u015broda:<\/strong>\u00a0Prudnicka, Sernicka 14 \u2013 40 (parzyste), Sernicka 13 \u2013 19 (nieparzyste), Henrykowska 1 \u2013 17 (nieparzyste)<\/p>\n<p><strong>23 stycznia, czwartek:<\/strong>\u00a0Sernicka 1 \u2013 5 (nieparzyste), Paczkowska 30 \u2013 34, Nyska 14 \u2013 16 (parzyste), Nyska 68, Nyska 21 \u2013 37 (nieparzyste), Jesionowa 24 \u2013 32 (parzyste)<\/p>\n<p><strong>24 stycznia, pi\u0105tek:<\/strong>\u00a0Henrykowska 2 \u2013 8 (parzyste), Nyska 24 \u2013 46 (parzyste), Nyska 63 i 65, Jesionowa 18 \u2013 22 (parzyste), Jesionowa 21 \u2013 27 (nieparzyste)<\/p>\n<p><strong>25 stycznia, sobota:<\/strong>\u00a0Paczkowska 38 \u2013 50 (parzyste), Jesionowa 17 \u2013 19 (nieparzyste), Nyska 50 \u2013 58B (parzyste), Jesionowa 66 \u2013 74 (parzyste)<\/p>\n<p><strong>27 stycznia, poniedzia\u0142ek:<\/strong>\u00a0Otmuchowska, Jesionowa 9 \u2013 15 (nieparzyste), Pi\u0119kna 5 \u2013 23C (nieparzyste)<\/p>\n<p><strong>28 stycznia, wtorek:<\/strong>\u00a0Pi\u0119kna 23D \u2013 23G, Pi\u0119kna 4 \u2013 56D (parzyste)<\/p>\n<p><strong>29 stycznia, \u015broda:<\/strong>\u00a0Pi\u0119kna 56E \u2013 74 (parzyste), kol\u0119da dodatkowa<\/p>\n<p>&nbsp;<br \/>\nSzczeg\u00f3\u0142owy plan kol\u0119dy znajduje si\u0119 na stronach internetowych parafii, kt\u00f3re znajduj\u0105 si\u0119 w dziale &#8222;linki&#8221; na naszej stronie.<\/p>\n<p>&nbsp;<\/p>\n","protected":false},"excerpt":{"rendered":"<p>Wraz z zako\u0144czeniem si\u0119 \u015awi\u0105t Bo\u017cego Narodzenia rozpocz\u0119\u0142a si\u0119 tegoroczna wizyta duszpasterska na osiedlu, popularnie zwana kol\u0119d\u0105. Przypomnijmy, \u017ce na terenie Gaju dzia\u0142aj\u0105 dwie, rzymskokatolickie parafie &#8211; \u015aw. Franiczszka z Asy\u017cu, znajduj\u0105ca si\u0119 przy ulicy Borowskiej oraz\u00a0\u015aw. Ducha z ulicy Bardzkiej. Publikujemy plan tegorocznej kol\u0119dy w osiedlowych parafiach.\u00a0<\/p>\n","protected":false},"author":1,"featured_media":2001,"comment_status":"open","ping_status":"open","sticky":false,"template":"","format":"standard","meta":{"footnotes":""},"categories":[14],"tags":[192,187,188,191,190,189],"class_list":["post-2000","post","type-post","status-publish","format-standard","has-post-thumbnail","hentry","category-aktualnosci","tag-boze-narodzenie-2013","tag-koleda-2013","tag-koleda-2014","tag-parafia-swietego-ducha","tag-parafia-swietego-franciszka-z-asyzu","tag-plan-wizyt-duszpasterskich"],"_links":{"self":[{"href":"https:\/\/online.tvk-gaj.pl\/index.php?rest_route=\/wp\/v2\/posts\/2000","targetHints":{"allow":["GET"]}}],"collection":[{"href":"https:\/\/online.tvk-gaj.pl\/index.php?rest_route=\/wp\/v2\/posts"}],"about":[{"href":"https:\/\/online.tvk-gaj.pl\/index.php?rest_route=\/wp\/v2\/types\/post"}],"author":[{"embeddable":true,"href":"https:\/\/online.tvk-gaj.pl\/index.php?rest_route=\/wp\/v2\/users\/1"}],"replies":[{"embeddable":true,"href":"https:\/\/online.tvk-gaj.pl\/index.php?rest_route=%2Fwp%2Fv2%2Fcomments&post=2000"}],"version-history":[{"count":5,"href":"https:\/\/online.tvk-gaj.pl\/index.php?rest_route=\/wp\/v2\/posts\/2000\/revisions"}],"predecessor-version":[{"id":2006,"href":"https:\/\/online.tvk-gaj.pl\/index.php?rest_route=\/wp\/v2\/posts\/2000\/revisions\/2006"}],"wp:featuredmedia":[{"embeddable":true,"href":"https:\/\/online.tvk-gaj.pl\/index.php?rest_route=\/wp\/v2\/media\/2001"}],"wp:attachment":[{"href":"https:\/\/online.tvk-gaj.pl\/index.php?rest_route=%2Fwp%2Fv2%2Fmedia&parent=2000"}],"wp:term":[{"taxonomy":"category","embeddable":true,"href":"https:\/\/online.tvk-gaj.pl\/index.php?rest_route=%2Fwp%2Fv2%2Fcategories&post=2000"},{"taxonomy":"post_tag","embeddable":true,"href":"https:\/\/online.tvk-gaj.pl\/index.php?rest_route=%2Fwp%2Fv2%2Ftags&post=2000"}],"curies":[{"name":"wp","href":"https:\/\/api.w.org\/{rel}","templated":true}]}}