{"id":2012,"date":"2013-12-27T14:44:47","date_gmt":"2013-12-27T13:44:47","guid":{"rendered":"http:\/\/www.tvk-gaj.pl\/~gajonline\/?p=2012"},"modified":"2013-12-27T15:16:28","modified_gmt":"2013-12-27T14:16:28","slug":"bal-sylwestrowy-w-rotundzie-sw-franciszka-2","status":"publish","type":"post","link":"https:\/\/online.tvk-gaj.pl\/?p=2012","title":{"rendered":"Bal Sylwestrowy w Rotundzie \u015aw. Franciszka"},"content":{"rendered":"<p>Zapraszamy na Bal Sylwestrowy do Rotundy \u015aw. Franciszka przy Parafii \u015aw. Franciszka z Asy\u017cu przy ul. Borowskiej. Wi\u0119cej informacji w dalszej cz\u0119\u015bci artyku\u0142u.<!--more--><\/p>\n<p>&nbsp;<\/p>\n<p><a href=\"http:\/\/www.tvk-gaj.pl\/~gajonline\/wp-content\/uploads\/2013\/12\/Bal-Sylwestrowy-2014.jpg\"><img loading=\"lazy\" decoding=\"async\" class=\"aligncenter size-large wp-image-2014\" alt=\"Bal Sylwestrowy 2014\" src=\"http:\/\/www.tvk-gaj.pl\/~gajonline\/wp-content\/uploads\/2013\/12\/Bal-Sylwestrowy-2014-1024x721.jpg\" width=\"1024\" height=\"721\" srcset=\"https:\/\/online.tvk-gaj.pl\/wp-content\/uploads\/2013\/12\/Bal-Sylwestrowy-2014-1024x721.jpg 1024w, https:\/\/online.tvk-gaj.pl\/wp-content\/uploads\/2013\/12\/Bal-Sylwestrowy-2014-300x211.jpg 300w, https:\/\/online.tvk-gaj.pl\/wp-content\/uploads\/2013\/12\/Bal-Sylwestrowy-2014.jpg 1100w\" sizes=\"auto, (max-width: 1024px) 100vw, 1024px\" \/><\/a><\/p>\n<p>&nbsp;<\/p>\n<p>Informacja pochodzi z Parafii \u015awi\u0119tego Franciszka z Asy\u017cu z ulicy Borowskiej 174.<\/p>\n<p>&nbsp;<\/p>\n<p>&nbsp;<\/p>\n<p>&nbsp;<\/p>\n","protected":false},"excerpt":{"rendered":"<p>Zapraszamy na Bal Sylwestrowy do Rotundy \u015aw. Franciszka przy Parafii \u015aw. Franciszka z Asy\u017cu przy ul. Borowskiej. Wi\u0119cej informacji w dalszej cz\u0119\u015bci artyku\u0142u.<\/p>\n","protected":false},"author":1,"featured_media":2021,"comment_status":"open","ping_status":"open","sticky":false,"template":"","format":"standard","meta":{"footnotes":""},"categories":[14],"tags":[193,113,194,195,196],"class_list":["post-2012","post","type-post","status-publish","format-standard","has-post-thumbnail","hentry","category-aktualnosci","tag-bal-sylwestrowy","tag-borowska","tag-parafia-sw-franciszka-z-asyzu","tag-rotunda-swietego-franciszka","tag-sylwester"],"_links":{"self":[{"href":"https:\/\/online.tvk-gaj.pl\/index.php?rest_route=\/wp\/v2\/posts\/2012","targetHints":{"allow":["GET"]}}],"collection":[{"href":"https:\/\/online.tvk-gaj.pl\/index.php?rest_route=\/wp\/v2\/posts"}],"about":[{"href":"https:\/\/online.tvk-gaj.pl\/index.php?rest_route=\/wp\/v2\/types\/post"}],"author":[{"embeddable":true,"href":"https:\/\/online.tvk-gaj.pl\/index.php?rest_route=\/wp\/v2\/users\/1"}],"replies":[{"embeddable":true,"href":"https:\/\/online.tvk-gaj.pl\/index.php?rest_route=%2Fwp%2Fv2%2Fcomments&post=2012"}],"version-history":[{"count":3,"href":"https:\/\/online.tvk-gaj.pl\/index.php?rest_route=\/wp\/v2\/posts\/2012\/revisions"}],"predecessor-version":[{"id":2018,"href":"https:\/\/online.tvk-gaj.pl\/index.php?rest_route=\/wp\/v2\/posts\/2012\/revisions\/2018"}],"wp:featuredmedia":[{"embeddable":true,"href":"https:\/\/online.tvk-gaj.pl\/index.php?rest_route=\/wp\/v2\/media\/2021"}],"wp:attachment":[{"href":"https:\/\/online.tvk-gaj.pl\/index.php?rest_route=%2Fwp%2Fv2%2Fmedia&parent=2012"}],"wp:term":[{"taxonomy":"category","embeddable":true,"href":"https:\/\/online.tvk-gaj.pl\/index.php?rest_route=%2Fwp%2Fv2%2Fcategories&post=2012"},{"taxonomy":"post_tag","embeddable":true,"href":"https:\/\/online.tvk-gaj.pl\/index.php?rest_route=%2Fwp%2Fv2%2Ftags&post=2012"}],"curies":[{"name":"wp","href":"https:\/\/api.w.org\/{rel}","templated":true}]}}