{"id":2024,"date":"2014-01-03T14:14:48","date_gmt":"2014-01-03T13:14:48","guid":{"rendered":"http:\/\/www.tvk-gaj.pl\/~gajonline\/?p=2024"},"modified":"2014-01-03T20:42:03","modified_gmt":"2014-01-03T19:42:03","slug":"wypadek-przy-skrzyzowaniu-bardzkiej-z-armii-krajowej-ogromny-korek","status":"publish","type":"post","link":"https:\/\/online.tvk-gaj.pl\/?p=2024","title":{"rendered":"Wypadek przy skrzy\u017cowaniu Bardzkiej z Armii Krajowej. Ogromny korek"},"content":{"rendered":"<p>Na skrzy\u017cowaniu ulic Bardzkiej i Armii Krajowej dosz\u0142o dzi\u015b po godzinie 13 do zderzenia dw\u00f3ch samochod\u00f3w. Na miejscu szybko pojawi\u0142y si\u0119 policja i pogotowie. W zwi\u0105zku z zablokowan\u0105 cz\u0119\u015bci\u0105 jezdni na ulicy Bardzkiej utworzy\u0142 si\u0119 ogromny korek.<br \/>\n<!--more--><\/p>\n<p>Po godzinie 14 przywr\u00f3cono normalny ruch na drodze. Ustalane s\u0105 przyczyny zdarzenia.<\/p>\n<p>&nbsp;<\/p>\n<p><a href=\"http:\/\/www.tvk-gaj.pl\/~gajonline\/wp-content\/uploads\/2014\/01\/2014-01-03-14.09.13.jpg\"><img loading=\"lazy\" decoding=\"async\" class=\"aligncenter size-large wp-image-2029\" alt=\"2014-01-03 14.09.13\" src=\"http:\/\/www.tvk-gaj.pl\/~gajonline\/wp-content\/uploads\/2014\/01\/2014-01-03-14.09.13-1024x576.jpg\" width=\"1024\" height=\"576\" srcset=\"https:\/\/online.tvk-gaj.pl\/wp-content\/uploads\/2014\/01\/2014-01-03-14.09.13-1024x576.jpg 1024w, https:\/\/online.tvk-gaj.pl\/wp-content\/uploads\/2014\/01\/2014-01-03-14.09.13-300x168.jpg 300w, https:\/\/online.tvk-gaj.pl\/wp-content\/uploads\/2014\/01\/2014-01-03-14.09.13.jpg 1920w\" sizes=\"auto, (max-width: 1024px) 100vw, 1024px\" \/><\/a><\/p>\n<p>&nbsp;<\/p>\n<p>&nbsp;<\/p>\n","protected":false},"excerpt":{"rendered":"<p>Na skrzy\u017cowaniu ulic Bardzkiej i Armii Krajowej dosz\u0142o dzi\u015b po godzinie 13 do zderzenia dw\u00f3ch samochod\u00f3w. Na miejscu szybko pojawi\u0142y si\u0119 policja i pogotowie. W zwi\u0105zku z zablokowan\u0105 cz\u0119\u015bci\u0105 jezdni na ulicy Bardzkiej utworzy\u0142 si\u0119 ogromny korek.<\/p>\n","protected":false},"author":1,"featured_media":2029,"comment_status":"open","ping_status":"open","sticky":false,"template":"","format":"standard","meta":{"footnotes":""},"categories":[14],"tags":[198,197,116],"class_list":["post-2024","post","type-post","status-publish","format-standard","has-post-thumbnail","hentry","category-aktualnosci","tag-armii-krajowej","tag-bardzka","tag-wypadek"],"_links":{"self":[{"href":"https:\/\/online.tvk-gaj.pl\/index.php?rest_route=\/wp\/v2\/posts\/2024","targetHints":{"allow":["GET"]}}],"collection":[{"href":"https:\/\/online.tvk-gaj.pl\/index.php?rest_route=\/wp\/v2\/posts"}],"about":[{"href":"https:\/\/online.tvk-gaj.pl\/index.php?rest_route=\/wp\/v2\/types\/post"}],"author":[{"embeddable":true,"href":"https:\/\/online.tvk-gaj.pl\/index.php?rest_route=\/wp\/v2\/users\/1"}],"replies":[{"embeddable":true,"href":"https:\/\/online.tvk-gaj.pl\/index.php?rest_route=%2Fwp%2Fv2%2Fcomments&post=2024"}],"version-history":[{"count":7,"href":"https:\/\/online.tvk-gaj.pl\/index.php?rest_route=\/wp\/v2\/posts\/2024\/revisions"}],"predecessor-version":[{"id":2032,"href":"https:\/\/online.tvk-gaj.pl\/index.php?rest_route=\/wp\/v2\/posts\/2024\/revisions\/2032"}],"wp:featuredmedia":[{"embeddable":true,"href":"https:\/\/online.tvk-gaj.pl\/index.php?rest_route=\/wp\/v2\/media\/2029"}],"wp:attachment":[{"href":"https:\/\/online.tvk-gaj.pl\/index.php?rest_route=%2Fwp%2Fv2%2Fmedia&parent=2024"}],"wp:term":[{"taxonomy":"category","embeddable":true,"href":"https:\/\/online.tvk-gaj.pl\/index.php?rest_route=%2Fwp%2Fv2%2Fcategories&post=2024"},{"taxonomy":"post_tag","embeddable":true,"href":"https:\/\/online.tvk-gaj.pl\/index.php?rest_route=%2Fwp%2Fv2%2Ftags&post=2024"}],"curies":[{"name":"wp","href":"https:\/\/api.w.org\/{rel}","templated":true}]}}